{"id":29345,"date":"2021-07-30T09:34:42","date_gmt":"2021-07-30T08:34:42","guid":{"rendered":"https:\/\/www.caths.cz\/wordpress\/?p=29345"},"modified":"2021-08-09T11:08:51","modified_gmt":"2021-08-09T10:08:51","slug":"lph-tokyo-predstavujeme-nase-sportovce-nasta-vistalova","status":"publish","type":"post","link":"https:\/\/www.caths.cz\/wordpress\/lph-tokyo-predstavujeme-nase-sportovce-nasta-vistalova\/","title":{"rendered":"LPH Tokio \u2013 p\u0159edstavujeme na\u0161e sportovce: Nas\u0165a Vi\u0161t\u00e1lov\u00e1!"},"content":{"rendered":"\n<p><strong>&#8211; Jm\u00e9no<\/strong><\/p>\n\n\n\n<p>Anastasja Vi\u0161talov\u00e1 \u2013 zkr\u00e1cen\u011b Nas\u0165a<\/p>\n\n\n\n<br>\n\n\n\n<p><strong>&#8211; V\u011bk<\/strong><\/p>\n\n\n\n<p>26.let<\/p>\n\n\n\n<br>\n\n\n\n<p><strong>&#8211; Sport \/ discipl\u00edna \/ kategorie<\/strong><\/p>\n\n\n\n<p>Parajezdectv\u00ed\/paradrezura\/Grade I. (pouze krok) \u2013 sportovci s&nbsp;nejt\u011b\u017e\u0161\u00edm posti\u017een\u00edm<\/p>\n\n\n\n<br>\n\n\n\n<p><strong>&#8211; Nejv\u011bt\u0161\u00ed v\u00e1\u0161 \u00fasp\u011bch(y)<\/strong><\/p>\n\n\n\n<p>M\u00fdm absolutn\u011b nejv\u011bt\u0161\u00edm sportovn\u00edm \u00fasp\u011bchem je start na Paralympijsk\u00fdch hr\u00e1ch v&nbsp;Riu v&nbsp;roce 2016. Tehdy jsem v&nbsp;Team testu obsadila 13. m\u00edsto z&nbsp;26. startuj\u00edc\u00edch a skon\u010dila v&nbsp;polovin\u011b startovn\u00edho pole. \u0160lo o historick\u00fd okam\u017eik pro \u010ceskou republiku, nebo\u0165 \u010desk\u00e9 parajezdectv\u00ed bylo tehdy na paralympi\u00e1d\u011b zastoupeno v\u016fbec poprv\u00e9.<\/p>\n\n\n\n<br>\n\n\n\n<p><strong>&#8211; Co pro v\u00e1s znamen\u00e1 jet na LPH Tokio? (v\u00e1\u0161 c\u00edl v Tokiu&#8230;, va\u0161e \u2013 kr\u00e9do\/cit\u00e1t-)<\/strong><\/p>\n\n\n\n<p>LPH Tokio je pro mne spln\u011bn\u00fdm velk\u00e9ho sportovn\u00edho snu. Po paralympijsk\u00fdch hr\u00e1ch v&nbsp;Riu jsem si velice p\u0159\u00e1la obh\u00e1jit svou paralympijskou \u00fa\u010dast a jsem velice \u0161\u0165astn\u00e1, \u017ee se mi to povedlo. Krom\u011b m\u00e9ho p\u0159edsevzet\u00ed je to tak\u00e9 uk\u00e1zka p\u011bti let\u00e9 sportovn\u00ed pr\u00e1ce a ur\u010dit\u00e9ho osobn\u00edho posunu mn\u011b samotn\u00e9 v&nbsp;m\u00e9 discipl\u00edn\u011b. Jsem neskute\u010dn\u011b \u0161\u0165astn\u00e1, \u017ee mohu \u010cR ji\u017e po druh\u00e9 v&nbsp;\u0159ad\u011b reprezentovat na tomto velkolep\u00e9m sportovn\u00edm sv\u00e1tku.<\/p>\n\n\n\n<p>V&nbsp;prv\u00e9 \u0159ad\u011b si chci paralympijsk\u00e9 hry u\u017e\u00edt a podat co nejlep\u0161\u00ed v\u00fdkon, abych na sebe jak j\u00e1, tak i m\u016fj t\u00fdm mohli b\u00fdt py\u0161n\u00ed. Jezdectv\u00ed je t\u00fdmov\u00fd sport, je to o t\u00e9 sportovn\u00ed dvojici, o koni a jezdci. Sportovec mus\u00ed kooperovat se \u017eiv\u00fdm zv\u00ed\u0159etem, jen\u017e m\u00e1 tak\u00e9 \u201esvoji hlavu\u201c a svoje n\u00e1ladov\u00e9 i my\u0161lenkov\u00e9 pochody. Kone\u010dn\u00fd v\u00fdsledek nem\u00e1 v&nbsp;rukou pouze lidsk\u00fd sportovec, ale v\u00fdznamn\u011b ho ovliv\u0148uje i jeho \u010dty\u0159noh\u00fd partner. Paradrezura je n\u011bco jako \u201ekrasobruslen\u00ed na koni\u201c, elegantn\u00ed sport, kter\u00fd hodnot\u00ed dle sv\u00e9ho nejlep\u0161\u00edho v\u011bdom\u00ed a sv\u011bdom\u00ed sbor rozhod\u010d\u00edch, tak\u017ee se m\u00edsty nelze vyhnout ani ur\u010dit\u00e9 subjektivit\u011b.<\/p>\n\n\n\n<p>Abych to shrnula, tak budu moc r\u00e1da za jak\u00fdkoliv dobr\u00fd v\u00fdsledek a pochvalu od sv\u00e9ho t\u00fdmu. Pokud by se mi poda\u0159ilo zajet svou sout\u011b\u017e na elitn\u00ed procentu\u00e1ln\u00ed hodnocen\u00ed p\u0159es 70 % budu neskute\u010dn\u011b \u0161\u0165astn\u00e1. Zisk fin\u00e1lov\u00e9 vstupenky pro nejlep\u0161\u00edch osm jezdc\u016f ze sout\u011b\u017ee jednotlivc\u016f by pak byla jedna velk\u00e1 sportovn\u00ed fantazie sama o sob\u011b J.<\/p>\n\n\n\n<br>\n\n\n\n<p><strong>&#8211; Sportuji od roku&#8230;jak\u00e1 byla va\u0161e prim\u00e1rn\u00ed motivace za\u010d\u00edt d\u011blat ten dan\u00fd sport?<\/strong><\/p>\n\n\n\n<p>J\u00e1 u\u017e sportuji skute\u010dn\u011b od ran\u00e9ho d\u011btstv\u00ed. P\u0159ibli\u017en\u011b v&nbsp;osmi letech jsem za\u010dala rehabilita\u010dn\u011b doch\u00e1zet na plaveck\u00e9 lekce a posl\u00e9ze i z\u00e1vodit. M\u00e1m t\u0159eba bronzovou medaili z&nbsp;IWAS sv\u011btov\u00fdch her handicapovan\u00e9 ml\u00e1d\u011b v&nbsp;Olomouci v&nbsp;roce 2010, \u010di titul vicemistra \u010cR z&nbsp;roku 2010.<\/p>\n\n\n\n<p>Nicm\u00e9n\u011b od 13. let v\u011bku jsem zapo\u010dala s&nbsp;paradrezurou, jeliko\u017e miluji kon\u011b a t\u00e1hlo m\u011b to k&nbsp;nim doslova od narozen\u00ed. Od t\u0159\u00ed let jsem doch\u00e1zela na pravidelnou hipporehabilitaci, ale po\u0159\u00e1d mi to nesta\u010dilo. Pak jsem se od kamar\u00e1dky dozv\u011bd\u011bla, \u017ee i lid\u00e9 se zdravotn\u00edm posti\u017een\u00edm mohou samostatn\u011b jezdit na koni a dokonce sout\u011b\u017eit. Na nic jsem ne\u010dekala, zanechala jsem plaveck\u00e9 kari\u00e9ry a za\u010dala se naplno v\u011bnovat jezdectv\u00ed. Bylo to jednoduch\u00e9 rozhodnut\u00ed, proto\u017ee kon\u011b od mala miluji a tento sport m\u011b neuv\u011b\u0159iteln\u011b napl\u0148uje.<\/p>\n\n\n\n<br>\n\n\n\n<p><strong>&#8211; M\u016fj&nbsp;<a href=\"http:\/\/sport.club\">sport.club<\/a><\/strong><\/p>\n\n\n\n<p>Jsem \u010dlenkou Czech Equestrian Teamu, elitn\u00edho jezdeck\u00e9ho klubu, kter\u00fd sdru\u017euje talentovan\u00e9 \u010desk\u00e9 jezdce nap\u0159\u00ed\u010d sportovn\u00edmi discipl\u00ednami. Jsem tak pap\u00edrovou kolegyn\u00ed \u010desk\u00e9 olympijsk\u00e9 jezdkyn\u011b Anny Kellnerov\u00e9. Je to pro mne obrovsk\u00e1 \u010dest, \u017ee mohu b\u00fdt \u010dlenkou tak elitn\u00edho t\u00fdmu. Re\u00e1ln\u011b v\u0161ak tr\u00e9nuji na Slovensku v&nbsp;are\u00e1lu LaRoc Horses Stupava.<\/p>\n\n\n\n<br>\n\n\n\n<p><strong>&#8211; Tren\u00e9r<\/strong><\/p>\n\n\n\n<p>Moje tren\u00e9rka Magdalena Pokorn\u00e1 m\u00e1 dlouholet\u00e9 zku\u0161enosti s&nbsp;prac\u00ed a tr\u00e9nov\u00e1n\u00edm handicapovan\u00fdch jezdc\u016f. M\u00e1 vystudovanou speci\u00e1ln\u00ed pedagogiku zdravotn\u011b posti\u017een\u00fdch a tren\u00e9rsky se specializuje pr\u00e1v\u011b na skupinu jezdc\u016f s&nbsp;nejt\u011b\u017e\u0161\u00edm posti\u017een\u00edm (Grade I.) ve kter\u00e9 z\u00e1vod\u00edm. Jako tren\u00e9r se ji\u017e z\u00fa\u010dastnila v\u00fdznamn\u00fdch jezdeck\u00fdch akc\u00ed mezi nimi\u017e nechyb\u00ed kup\u0159\u00edkladu Sv\u011btov\u00e9 jezdeck\u00e9 hry v&nbsp;Normandii v&nbsp;roce 2014 (tzv. \u201ejezdeck\u00e1 olympi\u00e1da\u201c), Mistrovstv\u00ed Evropy v&nbsp;Rotterdamu v&nbsp;roce 2016, \u010di Paralympijsk\u00e9 hry v&nbsp;Riu 2016.<\/p>\n\n\n\n<p>Obrovskou v\u00fdhodou pro m\u011b je, \u017ee je jak m\u00fdm tren\u00e9rem, tak i p\u0159edjezdcem a o\u0161et\u0159ovatelem kon\u011b. Spolupracujeme spolu teprve kr\u00e1tce, n\u011bco m\u00e1lo p\u0159es rok, ale povahov\u011b jsme si sedly a ob\u011b jsme ze spolupr\u00e1ce nad\u0161en\u00e9!<\/p>\n\n\n\n<br>\n\n\n\n<p><strong>&#8211; Zam\u011bstn\u00e1n\u00ed&nbsp;<\/strong><\/p>\n\n\n\n<p>Zat\u00edm m\u00e1m \u201epouze\u201c studentskou placenou pr\u00e1vn\u00ed praxi v&nbsp;Nadaci The Kellner Familly Foundation a d\u00e1le p\u016fsob\u00edm jako redaktor pro KNIHY DOBROVSK\u00dd. Av\u0161ak v&nbsp;z\u00e1\u0159\u00ed m\u011b \u010dek\u00e1 obhajoba diplomov\u00e9 pr\u00e1ce na Univerzit\u011b Karlov\u011b \u2013 pr\u00e1vnick\u00e9 fakult\u011b, pot\u00e9 si ji\u017e budu hledat trval\u00fd pracovn\u00ed \u00favazek v&nbsp;oboru.<\/p>\n\n\n\n<br>\n\n\n\n<p><strong>&#8211; Kon\u00ed\u010dky (p\u0159\u00edp. d\u011bl\u00e1te i jin\u00e9\/dopl\u0148kov\u00e9 sporty? Jak\u00e9?)<\/strong><\/p>\n\n\n\n<p>R\u00e1da cestuji, tr\u00e1v\u00edm \u010das s&nbsp;rodinou a p\u0159\u00e1teli. Nav\u0161t\u011bvuji kulturn\u00ed akce (festivaly, veletrhy, kina, muzea, \u010di pam\u00e1tky). Pokud zrovna n\u011bco nepodnik\u00e1m, tak si r\u00e1da \u010dtu, nepohrdnu ani dobr\u00fdm filmem, \u010di seri\u00e1lem a jsem velk\u00fdm p\u0159\u00edznivcem konzolov\u00fdch her.<\/p>\n\n\n\n<br>\n\n\n\n<p><strong>&#8211; N\u011bco o v\u00e1s, co by jste je\u0161t\u011b cht\u011bli sd\u011blit &#8222;sv\u011btu&#8220;:) \u2013 dobrovoln\u00e9<\/strong><\/p>\n\n\n\n<p>Cht\u011bla bych velice pod\u011bkovat m\u00e9 pan\u00ed tren\u00e9rce Magdalen\u011b Pokorn\u00e9 za to, \u017ee mi k&nbsp;\u00fa\u010dasti na paralympijsk\u00fdch hr\u00e1ch zap\u016fj\u010dila sv\u00e9ho kvalitn\u00edho a v\u00fdborn\u011b p\u0159ipraven\u00e9ho kon\u011b Sterngreifer, kter\u00e9mu \u0159\u00edk\u00e1me Fredy. Nebo\u0165 moje kobylka Dominique nebyla v&nbsp;pr\u016fb\u011bhu p\u0159edchoz\u00edch p\u011bti let konstantn\u011b p\u0159ipravov\u00e1na na tento sportovn\u00ed vrchol.<\/p>\n\n\n\n<p>Fredy je v&nbsp;tomto sportu zku\u0161en\u00fd matador p\u0159es osm let je neust\u00e1le tr\u00e9nov\u00e1n pro Grade I. M\u00e1 za sebou kup\u0159\u00edkladu start na Paralympijsk\u00fdch hr\u00e1ch v&nbsp;Riu 2016, \u010di na Sv\u011btov\u00fdch jezdeck\u00fdch hr\u00e1ch v&nbsp;Normandi v&nbsp;roce 2014.<\/p>\n\n\n\n<p>Spole\u010dn\u011b se n\u00e1m p\u0159i sv\u00e9m prvn\u00edm a zat\u00edm jedin\u00e9m startu poda\u0159ilo vybojovat dva elitn\u00ed v\u00fdsledky p\u0159es 70 % na z\u00e1vodech nejvy\u0161\u0161\u00ed mo\u017en\u00e9 troj hv\u011bzdov\u00e9 \u00farovn\u011b, jen\u017e se zapo\u010d\u00edt\u00e1vaj\u00ed do sv\u011btov\u00e9ho \u017eeb\u0159\u00ed\u010dku a jsou kvalifika\u010dn\u00edmi pro paralympijsk\u00e9 hry, mistrovstv\u00ed sv\u011bta i Evropy.<\/p>\n\n\n\n<p>Jsem neskute\u010dn\u011b \u0161\u0165astn\u00e1 a vd\u011b\u010dn\u00e1, \u017ee se v&nbsp;Tokiu p\u0159edstav\u00edm s&nbsp;kon\u011bm takov\u00e9to \u00farovn\u011b. Spole\u010dn\u00e9 tr\u00e9ninky m\u011b neskute\u010dn\u011b bav\u00ed a u\u017e\u00edv\u00e1m si ka\u017edou jejich vte\u0159inu.<\/p>\n\n\n\n<br>\n\n\n\n<p><strong>&#8211; OSTATN\u00cd \u2013 <\/strong> Na\u0161\u00ed sportovn\u00ed cestu, v\u010detn\u011b post\u0159eh\u016f z&nbsp;paralympijsk\u00fdch her m\u016f\u017eete sledovat na m\u00fdch ofici\u00e1ln\u00edch facebookov\u00fdch str\u00e1nk\u00e1ch <a href=\"https:\/\/cs-cz.facebook.com\/ParadrezuraCR\/\">https:\/\/cs-cz.facebook.com\/ParadrezuraCR\/<\/a><\/p>\n\n\n\n<br>\n\n\n\n<figure class=\"wp-block-image size-large\"><img loading=\"lazy\" decoding=\"async\" width=\"768\" height=\"1024\" src=\"https:\/\/www.caths.cz\/wordpress\/wp-content\/uploads\/2021\/07\/IMG_9280-768x1024.jpg\" alt=\"\" class=\"wp-image-29346\" srcset=\"https:\/\/www.caths.cz\/wordpress\/wp-content\/uploads\/2021\/07\/IMG_9280-768x1024.jpg 768w, https:\/\/www.caths.cz\/wordpress\/wp-content\/uploads\/2021\/07\/IMG_9280-225x300.jpg 225w, https:\/\/www.caths.cz\/wordpress\/wp-content\/uploads\/2021\/07\/IMG_9280-1152x1536.jpg 1152w, https:\/\/www.caths.cz\/wordpress\/wp-content\/uploads\/2021\/07\/IMG_9280-1536x2048.jpg 1536w, https:\/\/www.caths.cz\/wordpress\/wp-content\/uploads\/2021\/07\/IMG_9280-90x120.jpg 90w, https:\/\/www.caths.cz\/wordpress\/wp-content\/uploads\/2021\/07\/IMG_9280-scaled.jpg 1920w\" sizes=\"auto, (max-width: 768px) 100vw, 768px\" \/><\/figure>\n","protected":false},"excerpt":{"rendered":"<a href=\"https:\/\/www.caths.cz\/wordpress\/lph-tokyo-predstavujeme-nase-sportovce-nasta-vistalova\/\"><img width=\"100\" height=\"100\" src=\"https:\/\/www.caths.cz\/wordpress\/wp-content\/uploads\/2021\/07\/IMG_9280-100x100.jpg\" class=\"alignleft tfe wp-post-image\" alt=\"\" decoding=\"async\" loading=\"lazy\" srcset=\"https:\/\/www.caths.cz\/wordpress\/wp-content\/uploads\/2021\/07\/IMG_9280-100x100.jpg 100w, https:\/\/www.caths.cz\/wordpress\/wp-content\/uploads\/2021\/07\/IMG_9280-150x150.jpg 150w\" sizes=\"auto, (max-width: 100px) 100vw, 100px\" \/><\/a><p>&#8211; Jm\u00e9no Anastasja Vi\u0161talov\u00e1 \u2013 zkr\u00e1cen\u011b Nas\u0165a &#8211; V\u011bk 26.let &#8211; Sport \/ discipl\u00edna \/ kategorie Parajezdectv\u00ed\/paradrezura\/Grade I. (pouze krok) \u2013 sportovci s&nbsp;nejt\u011b\u017e\u0161\u00edm posti\u017een\u00edm &#8211; Nejv\u011bt\u0161\u00ed v\u00e1\u0161 \u00fasp\u011bch(y) M\u00fdm absolutn\u011b [&hellip;]<\/p>\n","protected":false},"author":1,"featured_media":29346,"comment_status":"closed","ping_status":"closed","sticky":false,"template":"","format":"standard","meta":{"ngg_post_thumbnail":0,"footnotes":""},"categories":[127],"tags":[],"class_list":["post-29345","post","type-post","status-publish","format-standard","has-post-thumbnail","hentry","category-lph-tokio-2020-2021"],"_links":{"self":[{"href":"https:\/\/www.caths.cz\/wordpress\/wp-json\/wp\/v2\/posts\/29345","targetHints":{"allow":["GET"]}}],"collection":[{"href":"https:\/\/www.caths.cz\/wordpress\/wp-json\/wp\/v2\/posts"}],"about":[{"href":"https:\/\/www.caths.cz\/wordpress\/wp-json\/wp\/v2\/types\/post"}],"author":[{"embeddable":true,"href":"https:\/\/www.caths.cz\/wordpress\/wp-json\/wp\/v2\/users\/1"}],"replies":[{"embeddable":true,"href":"https:\/\/www.caths.cz\/wordpress\/wp-json\/wp\/v2\/comments?post=29345"}],"version-history":[{"count":4,"href":"https:\/\/www.caths.cz\/wordpress\/wp-json\/wp\/v2\/posts\/29345\/revisions"}],"predecessor-version":[{"id":29392,"href":"https:\/\/www.caths.cz\/wordpress\/wp-json\/wp\/v2\/posts\/29345\/revisions\/29392"}],"wp:featuredmedia":[{"embeddable":true,"href":"https:\/\/www.caths.cz\/wordpress\/wp-json\/wp\/v2\/media\/29346"}],"wp:attachment":[{"href":"https:\/\/www.caths.cz\/wordpress\/wp-json\/wp\/v2\/media?parent=29345"}],"wp:term":[{"taxonomy":"category","embeddable":true,"href":"https:\/\/www.caths.cz\/wordpress\/wp-json\/wp\/v2\/categories?post=29345"},{"taxonomy":"post_tag","embeddable":true,"href":"https:\/\/www.caths.cz\/wordpress\/wp-json\/wp\/v2\/tags?post=29345"}],"curies":[{"name":"wp","href":"https:\/\/api.w.org\/{rel}","templated":true}]}}