{"id":29262,"date":"2021-06-10T21:56:39","date_gmt":"2021-06-10T20:56:39","guid":{"rendered":"https:\/\/www.caths.cz\/wordpress\/?p=29262"},"modified":"2021-06-10T21:56:39","modified_gmt":"2021-06-10T20:56:39","slug":"ivo-koblasa-v-casovce-na-ms-v-portugalsku-osmy","status":"publish","type":"post","link":"https:\/\/www.caths.cz\/wordpress\/ivo-koblasa-v-casovce-na-ms-v-portugalsku-osmy\/","title":{"rendered":"Ivo Koblasa v \u010dasovce na MS v Portugalsku osm\u00fd!"},"content":{"rendered":"\n<p>Sv\u00e1tek cyklistiky! Dnes r\u00e1no odstartovalo Mistrovstv\u00ed sv\u011bta v para-cyklistice v m\u011bste\u010dku Cascais, nedaleko portugalsk\u00e9 metropole Lisabon.<\/p>\n\n\n\n<br>\n\n\n\n<p>Prvn\u00ed den byly na programu \u010dasovky. V \u010desk\u00fdch barv\u00e1ch startovalo v kategorii C2 duo Ivo Koblasa a Michal Stark. Tra\u0165 \u010dasovky, kter\u00e1 m\u011b\u0159ila n\u011bco m\u00e1lo p\u0159es 25km, nab\u00eddla zaj\u00edmavou pod\u00edvanou na zn\u00e1m\u00e9m z\u00e1vodn\u00edm okruhu &#8222;Circuito Estoril&#8220;, nicm\u00e9n\u011b v r\u00e1mci p\u0159\u00edsn\u00fdch protiepidemick\u00fdch opat\u0159en\u00ed se MS v para-cyklistice bohu\u017eel kon\u00e1 bez div\u00e1k\u016f.<\/p>\n\n\n\n<br>\n\n\n\n<p>Nejv\u011bt\u0161\u00edm \u00fasp\u011bchem prvn\u00edho, &#8222;\u010dasovk\u00e1\u0159sk\u00e9ho&#8220; dne, bylo solidn\u00ed 8. m\u00edsto Iva Koblasy, kter\u00fd ve dvaceti\u010dlenn\u00e9m startovn\u00edm poli bojoval do posledn\u00ed chv\u00edle o elitn\u00ed p\u011btku. Osm\u00e9 m\u00edsto je bezesporu vynikaj\u00edc\u00ed v\u00fdkon, ale Ivo se netaj\u00ed medailov\u00fdmi ambicemi, kter\u00e9 p\u0159enese do sobotn\u00edho silni\u010dn\u00edho z\u00e1vodu.<\/p>\n\n\n\n<p>Michal Stark dojel z\u00e1vod na 19. pozici.<\/p>\n\n\n\n<br>\n\n\n\n<p>Z\u00edtra se m\u016f\u017eeme t\u011b\u0161it na Katku Anto\u0161ovou (H3), kter\u00e1 startuje \u010dasovku v 17:16*, Patrika Jahodu (H1), kter\u00fd ve stejn\u00e9 discipl\u00edn\u011b bude bojovat o cenn\u00fd kov od 17:28* a Tom\u00e1\u0161e Mo\u0161ni\u010dku (H3) &#8211; ten vyjede ze startovac\u00ed rampy ji\u017e v 15:02*.<\/p>\n\n\n\n<br>\n\n\n\n<p><strong>V\u00fdsledky z dne\u0161n\u00ed \u010dasovky MC2 zde: <\/strong><a href=\"http:\/\/www.rsstiming.com\/Resultats\/UCIPara\/RoadWCh\/2021Cascais\/doc\/C19-ITT-R-MC2.pdf\">http:\/\/www.rsstiming.com\/Resultats\/UCIPara\/RoadWCh\/2021Cascais\/doc\/C19-ITT-R-MC2.pdf<\/a><\/p>\n\n\n\n<p><em>*Z\u00e1padoevropsk\u00e9ho \u010dasu<\/em><\/p>\n\n\n\n<br>\n\n\n\n<p><em>Fotogalerie:<\/em><\/p>\n\n\n\n<figure class=\"wp-block-image size-large\"><img loading=\"lazy\" decoding=\"async\" width=\"1024\" height=\"744\" src=\"https:\/\/www.caths.cz\/wordpress\/wp-content\/uploads\/2021\/06\/WhatsApp-Image-2021-06-10-at-12.19.40-1024x744.jpeg\" alt=\"\" class=\"wp-image-29264\" srcset=\"https:\/\/www.caths.cz\/wordpress\/wp-content\/uploads\/2021\/06\/WhatsApp-Image-2021-06-10-at-12.19.40-1024x744.jpeg 1024w, https:\/\/www.caths.cz\/wordpress\/wp-content\/uploads\/2021\/06\/WhatsApp-Image-2021-06-10-at-12.19.40-300x218.jpeg 300w, https:\/\/www.caths.cz\/wordpress\/wp-content\/uploads\/2021\/06\/WhatsApp-Image-2021-06-10-at-12.19.40-768x558.jpeg 768w, https:\/\/www.caths.cz\/wordpress\/wp-content\/uploads\/2021\/06\/WhatsApp-Image-2021-06-10-at-12.19.40-1536x1116.jpeg 1536w, https:\/\/www.caths.cz\/wordpress\/wp-content\/uploads\/2021\/06\/WhatsApp-Image-2021-06-10-at-12.19.40-120x87.jpeg 120w, https:\/\/www.caths.cz\/wordpress\/wp-content\/uploads\/2021\/06\/WhatsApp-Image-2021-06-10-at-12.19.40.jpeg 1600w\" sizes=\"auto, (max-width: 1024px) 100vw, 1024px\" \/><figcaption>Ivo Koblasa v \u010dasovce<\/figcaption><\/figure>\n\n\n\n<figure class=\"wp-block-image size-large\"><img loading=\"lazy\" decoding=\"async\" width=\"1024\" height=\"864\" src=\"https:\/\/www.caths.cz\/wordpress\/wp-content\/uploads\/2021\/06\/WhatsApp-Image-2021-06-10-at-12.19.39-1-1024x864.jpeg\" alt=\"\" class=\"wp-image-29263\" srcset=\"https:\/\/www.caths.cz\/wordpress\/wp-content\/uploads\/2021\/06\/WhatsApp-Image-2021-06-10-at-12.19.39-1-1024x864.jpeg 1024w, https:\/\/www.caths.cz\/wordpress\/wp-content\/uploads\/2021\/06\/WhatsApp-Image-2021-06-10-at-12.19.39-1-300x253.jpeg 300w, https:\/\/www.caths.cz\/wordpress\/wp-content\/uploads\/2021\/06\/WhatsApp-Image-2021-06-10-at-12.19.39-1-768x648.jpeg 768w, https:\/\/www.caths.cz\/wordpress\/wp-content\/uploads\/2021\/06\/WhatsApp-Image-2021-06-10-at-12.19.39-1-1536x1296.jpeg 1536w, https:\/\/www.caths.cz\/wordpress\/wp-content\/uploads\/2021\/06\/WhatsApp-Image-2021-06-10-at-12.19.39-1-120x101.jpeg 120w, https:\/\/www.caths.cz\/wordpress\/wp-content\/uploads\/2021\/06\/WhatsApp-Image-2021-06-10-at-12.19.39-1.jpeg 1600w\" sizes=\"auto, (max-width: 1024px) 100vw, 1024px\" \/><figcaption>Michal Stark p\u0159i z\u00e1vod\u011b v \u010dasovce<\/figcaption><\/figure>\n\n\n\n<figure class=\"wp-block-image size-large\"><img loading=\"lazy\" decoding=\"async\" width=\"1024\" height=\"867\" src=\"https:\/\/www.caths.cz\/wordpress\/wp-content\/uploads\/2021\/06\/WhatsApp-Image-2021-06-10-at-12.19.39-1024x867.jpeg\" alt=\"\" class=\"wp-image-29265\" srcset=\"https:\/\/www.caths.cz\/wordpress\/wp-content\/uploads\/2021\/06\/WhatsApp-Image-2021-06-10-at-12.19.39-1024x867.jpeg 1024w, https:\/\/www.caths.cz\/wordpress\/wp-content\/uploads\/2021\/06\/WhatsApp-Image-2021-06-10-at-12.19.39-300x254.jpeg 300w, https:\/\/www.caths.cz\/wordpress\/wp-content\/uploads\/2021\/06\/WhatsApp-Image-2021-06-10-at-12.19.39-768x650.jpeg 768w, https:\/\/www.caths.cz\/wordpress\/wp-content\/uploads\/2021\/06\/WhatsApp-Image-2021-06-10-at-12.19.39-1536x1300.jpeg 1536w, https:\/\/www.caths.cz\/wordpress\/wp-content\/uploads\/2021\/06\/WhatsApp-Image-2021-06-10-at-12.19.39-120x102.jpeg 120w, https:\/\/www.caths.cz\/wordpress\/wp-content\/uploads\/2021\/06\/WhatsApp-Image-2021-06-10-at-12.19.39.jpeg 1600w\" sizes=\"auto, (max-width: 1024px) 100vw, 1024px\" \/><figcaption>Ivo Koblasa<\/figcaption><\/figure>\n\n\n\n<figure class=\"wp-block-image size-large\"><img loading=\"lazy\" decoding=\"async\" width=\"1024\" height=\"760\" src=\"https:\/\/www.caths.cz\/wordpress\/wp-content\/uploads\/2021\/06\/WhatsApp-Image-2021-06-10-at-12.19.37-1-1024x760.jpeg\" alt=\"\" class=\"wp-image-29266\" srcset=\"https:\/\/www.caths.cz\/wordpress\/wp-content\/uploads\/2021\/06\/WhatsApp-Image-2021-06-10-at-12.19.37-1-1024x760.jpeg 1024w, https:\/\/www.caths.cz\/wordpress\/wp-content\/uploads\/2021\/06\/WhatsApp-Image-2021-06-10-at-12.19.37-1-300x223.jpeg 300w, https:\/\/www.caths.cz\/wordpress\/wp-content\/uploads\/2021\/06\/WhatsApp-Image-2021-06-10-at-12.19.37-1-768x570.jpeg 768w, https:\/\/www.caths.cz\/wordpress\/wp-content\/uploads\/2021\/06\/WhatsApp-Image-2021-06-10-at-12.19.37-1-1536x1140.jpeg 1536w, https:\/\/www.caths.cz\/wordpress\/wp-content\/uploads\/2021\/06\/WhatsApp-Image-2021-06-10-at-12.19.37-1-120x89.jpeg 120w, https:\/\/www.caths.cz\/wordpress\/wp-content\/uploads\/2021\/06\/WhatsApp-Image-2021-06-10-at-12.19.37-1.jpeg 1600w\" sizes=\"auto, (max-width: 1024px) 100vw, 1024px\" \/><figcaption>Ivo Koblasa<\/figcaption><\/figure>\n\n\n\n<figure class=\"wp-block-image size-large\"><img loading=\"lazy\" decoding=\"async\" width=\"1024\" height=\"806\" src=\"https:\/\/www.caths.cz\/wordpress\/wp-content\/uploads\/2021\/06\/WhatsApp-Image-2021-06-10-at-12.19.37-1024x806.jpeg\" alt=\"\" class=\"wp-image-29267\" srcset=\"https:\/\/www.caths.cz\/wordpress\/wp-content\/uploads\/2021\/06\/WhatsApp-Image-2021-06-10-at-12.19.37-1024x806.jpeg 1024w, https:\/\/www.caths.cz\/wordpress\/wp-content\/uploads\/2021\/06\/WhatsApp-Image-2021-06-10-at-12.19.37-300x236.jpeg 300w, https:\/\/www.caths.cz\/wordpress\/wp-content\/uploads\/2021\/06\/WhatsApp-Image-2021-06-10-at-12.19.37-768x605.jpeg 768w, https:\/\/www.caths.cz\/wordpress\/wp-content\/uploads\/2021\/06\/WhatsApp-Image-2021-06-10-at-12.19.37-1536x1210.jpeg 1536w, https:\/\/www.caths.cz\/wordpress\/wp-content\/uploads\/2021\/06\/WhatsApp-Image-2021-06-10-at-12.19.37-120x95.jpeg 120w, https:\/\/www.caths.cz\/wordpress\/wp-content\/uploads\/2021\/06\/WhatsApp-Image-2021-06-10-at-12.19.37.jpeg 1600w\" sizes=\"auto, (max-width: 1024px) 100vw, 1024px\" \/><figcaption>Ivo Koblasa<\/figcaption><\/figure>\n\n\n\n<figure class=\"wp-block-image size-large\"><img loading=\"lazy\" decoding=\"async\" width=\"1024\" height=\"837\" src=\"https:\/\/www.caths.cz\/wordpress\/wp-content\/uploads\/2021\/06\/WhatsApp-Image-2021-06-10-at-12.19.36-1-1024x837.jpeg\" alt=\"\" class=\"wp-image-29268\" srcset=\"https:\/\/www.caths.cz\/wordpress\/wp-content\/uploads\/2021\/06\/WhatsApp-Image-2021-06-10-at-12.19.36-1-1024x837.jpeg 1024w, https:\/\/www.caths.cz\/wordpress\/wp-content\/uploads\/2021\/06\/WhatsApp-Image-2021-06-10-at-12.19.36-1-300x245.jpeg 300w, https:\/\/www.caths.cz\/wordpress\/wp-content\/uploads\/2021\/06\/WhatsApp-Image-2021-06-10-at-12.19.36-1-768x628.jpeg 768w, https:\/\/www.caths.cz\/wordpress\/wp-content\/uploads\/2021\/06\/WhatsApp-Image-2021-06-10-at-12.19.36-1-1536x1256.jpeg 1536w, https:\/\/www.caths.cz\/wordpress\/wp-content\/uploads\/2021\/06\/WhatsApp-Image-2021-06-10-at-12.19.36-1-120x98.jpeg 120w, https:\/\/www.caths.cz\/wordpress\/wp-content\/uploads\/2021\/06\/WhatsApp-Image-2021-06-10-at-12.19.36-1.jpeg 1600w\" sizes=\"auto, (max-width: 1024px) 100vw, 1024px\" \/><figcaption>Michal Stark<\/figcaption><\/figure>\n\n\n\n<figure class=\"wp-block-image size-large is-resized\"><img loading=\"lazy\" decoding=\"async\" src=\"https:\/\/www.caths.cz\/wordpress\/wp-content\/uploads\/2021\/06\/WhatsApp-Image-2021-06-10-at-12.19.36-1024x859.jpeg\" alt=\"\" class=\"wp-image-29269\" width=\"580\" height=\"486\" srcset=\"https:\/\/www.caths.cz\/wordpress\/wp-content\/uploads\/2021\/06\/WhatsApp-Image-2021-06-10-at-12.19.36-1024x859.jpeg 1024w, https:\/\/www.caths.cz\/wordpress\/wp-content\/uploads\/2021\/06\/WhatsApp-Image-2021-06-10-at-12.19.36-300x252.jpeg 300w, https:\/\/www.caths.cz\/wordpress\/wp-content\/uploads\/2021\/06\/WhatsApp-Image-2021-06-10-at-12.19.36-768x644.jpeg 768w, https:\/\/www.caths.cz\/wordpress\/wp-content\/uploads\/2021\/06\/WhatsApp-Image-2021-06-10-at-12.19.36-1536x1288.jpeg 1536w, https:\/\/www.caths.cz\/wordpress\/wp-content\/uploads\/2021\/06\/WhatsApp-Image-2021-06-10-at-12.19.36-120x101.jpeg 120w, https:\/\/www.caths.cz\/wordpress\/wp-content\/uploads\/2021\/06\/WhatsApp-Image-2021-06-10-at-12.19.36.jpeg 1600w\" sizes=\"auto, (max-width: 580px) 100vw, 580px\" \/><figcaption>Ivo Koblasa<\/figcaption><\/figure>\n\n\n\n<p><\/p>\n","protected":false},"excerpt":{"rendered":"<a href=\"https:\/\/www.caths.cz\/wordpress\/ivo-koblasa-v-casovce-na-ms-v-portugalsku-osmy\/\"><img width=\"100\" height=\"100\" src=\"https:\/\/www.caths.cz\/wordpress\/wp-content\/uploads\/2021\/06\/WhatsApp-Image-2021-06-10-at-12.19.40-100x100.jpeg\" class=\"alignleft tfe wp-post-image\" alt=\"\" decoding=\"async\" loading=\"lazy\" srcset=\"https:\/\/www.caths.cz\/wordpress\/wp-content\/uploads\/2021\/06\/WhatsApp-Image-2021-06-10-at-12.19.40-100x100.jpeg 100w, https:\/\/www.caths.cz\/wordpress\/wp-content\/uploads\/2021\/06\/WhatsApp-Image-2021-06-10-at-12.19.40-150x150.jpeg 150w\" sizes=\"auto, (max-width: 100px) 100vw, 100px\" \/><\/a><p>Sv\u00e1tek cyklistiky! Dnes r\u00e1no odstartovalo Mistrovstv\u00ed sv\u011bta v para-cyklistice v m\u011bste\u010dku Cascais, nedaleko portugalsk\u00e9 metropole Lisabon. Prvn\u00ed den byly na programu \u010dasovky. V \u010desk\u00fdch barv\u00e1ch startovalo v kategorii C2 duo [&hellip;]<\/p>\n","protected":false},"author":1,"featured_media":29264,"comment_status":"closed","ping_status":"closed","sticky":false,"template":"","format":"standard","meta":{"ngg_post_thumbnail":0,"footnotes":""},"categories":[2],"tags":[],"class_list":["post-29262","post","type-post","status-publish","format-standard","has-post-thumbnail","hentry","category-cyklistika"],"_links":{"self":[{"href":"https:\/\/www.caths.cz\/wordpress\/wp-json\/wp\/v2\/posts\/29262","targetHints":{"allow":["GET"]}}],"collection":[{"href":"https:\/\/www.caths.cz\/wordpress\/wp-json\/wp\/v2\/posts"}],"about":[{"href":"https:\/\/www.caths.cz\/wordpress\/wp-json\/wp\/v2\/types\/post"}],"author":[{"embeddable":true,"href":"https:\/\/www.caths.cz\/wordpress\/wp-json\/wp\/v2\/users\/1"}],"replies":[{"embeddable":true,"href":"https:\/\/www.caths.cz\/wordpress\/wp-json\/wp\/v2\/comments?post=29262"}],"version-history":[{"count":1,"href":"https:\/\/www.caths.cz\/wordpress\/wp-json\/wp\/v2\/posts\/29262\/revisions"}],"predecessor-version":[{"id":29270,"href":"https:\/\/www.caths.cz\/wordpress\/wp-json\/wp\/v2\/posts\/29262\/revisions\/29270"}],"wp:featuredmedia":[{"embeddable":true,"href":"https:\/\/www.caths.cz\/wordpress\/wp-json\/wp\/v2\/media\/29264"}],"wp:attachment":[{"href":"https:\/\/www.caths.cz\/wordpress\/wp-json\/wp\/v2\/media?parent=29262"}],"wp:term":[{"taxonomy":"category","embeddable":true,"href":"https:\/\/www.caths.cz\/wordpress\/wp-json\/wp\/v2\/categories?post=29262"},{"taxonomy":"post_tag","embeddable":true,"href":"https:\/\/www.caths.cz\/wordpress\/wp-json\/wp\/v2\/tags?post=29262"}],"curies":[{"name":"wp","href":"https:\/\/api.w.org\/{rel}","templated":true}]}}