{"id":29255,"date":"2021-06-10T08:34:14","date_gmt":"2021-06-10T07:34:14","guid":{"rendered":"https:\/\/www.caths.cz\/wordpress\/?p=29255"},"modified":"2021-06-10T08:34:14","modified_gmt":"2021-06-10T07:34:14","slug":"zlinsky-para-atleticky-mitink","status":"publish","type":"post","link":"https:\/\/www.caths.cz\/wordpress\/zlinsky-para-atleticky-mitink\/","title":{"rendered":"Zl\u00ednsk\u00fd para-atletick\u00fd m\u00edtink"},"content":{"rendered":"\n<p>V\u00e1\u017een\u00ed p\u0159\u00e1tel\u00e9 sportu a para-atletiky,<\/p>\n\n\n\n<p>jm\u00e9nem Atletick\u00e9ho klubu Wozmeni Zl\u00edn V\u00e1s srde\u010dn\u011b zveme na 1. ro\u010dn\u00edk Zl\u00ednsk\u00e9ho para-atletick\u00e9ho m\u00edtinku,&nbsp;kter\u00fd se uskute\u010dn\u00ed v&nbsp;sobotu 21.8.2021 od 10:00 na m\u011bstsk\u00e9m atletick\u00e9m stadionu ve Zl\u00edn\u011b.<\/p>\n\n\n\n<p>Sportovci se mohou p\u0159ihl\u00e1sit na 2 discipl\u00edny.<\/p>\n\n\n\n<p>Budou vyps\u00e1ny discipl\u00edny: koule, disk, o\u0161t\u011bp, ku\u017eelka.<\/p>\n\n\n\n<p>Kategorie:&nbsp;<\/p>\n\n\n\n<p>\u00b7&nbsp;&nbsp;&nbsp;&nbsp;&nbsp;&nbsp;&nbsp;&nbsp;&nbsp;Mu\u017ei: F31-F34, F51-F57<\/p>\n\n\n\n<p>\u00b7&nbsp;&nbsp;&nbsp;&nbsp;&nbsp;&nbsp;&nbsp;&nbsp;&nbsp;\u017deny: &nbsp;F31-F34, F51-F57&nbsp;<\/p>\n\n\n\n<p>Aktu\u00e1ln\u00ed informace o z\u00e1vodu sledujete na:<\/p>\n\n\n\n<figure class=\"wp-block-embed\"><div class=\"wp-block-embed__wrapper\">\nhttps:\/\/www.acwozmenizlin.cz\/zlinsky-para-atleticky-mitink\/\n<\/div><\/figure>\n\n\n\n<p>T\u011b\u0161\u00edme se na Va\u0161i Hojnou \u00fa\u010dast.<\/p>\n\n\n\n<figure class=\"wp-block-image size-large\"><img loading=\"lazy\" decoding=\"async\" width=\"700\" height=\"467\" src=\"https:\/\/www.caths.cz\/wordpress\/wp-content\/uploads\/2021\/06\/199037266_1818707588298682_8594074471857704060_n.jpg\" alt=\"\" class=\"wp-image-29256\" srcset=\"https:\/\/www.caths.cz\/wordpress\/wp-content\/uploads\/2021\/06\/199037266_1818707588298682_8594074471857704060_n.jpg 700w, https:\/\/www.caths.cz\/wordpress\/wp-content\/uploads\/2021\/06\/199037266_1818707588298682_8594074471857704060_n-300x200.jpg 300w, https:\/\/www.caths.cz\/wordpress\/wp-content\/uploads\/2021\/06\/199037266_1818707588298682_8594074471857704060_n-120x80.jpg 120w\" sizes=\"auto, (max-width: 700px) 100vw, 700px\" \/><\/figure>\n","protected":false},"excerpt":{"rendered":"<a href=\"https:\/\/www.caths.cz\/wordpress\/zlinsky-para-atleticky-mitink\/\"><img width=\"100\" height=\"100\" src=\"https:\/\/www.caths.cz\/wordpress\/wp-content\/uploads\/2021\/06\/199037266_1818707588298682_8594074471857704060_n-100x100.jpg\" class=\"alignleft tfe wp-post-image\" alt=\"\" decoding=\"async\" loading=\"lazy\" srcset=\"https:\/\/www.caths.cz\/wordpress\/wp-content\/uploads\/2021\/06\/199037266_1818707588298682_8594074471857704060_n-100x100.jpg 100w, https:\/\/www.caths.cz\/wordpress\/wp-content\/uploads\/2021\/06\/199037266_1818707588298682_8594074471857704060_n-150x150.jpg 150w\" sizes=\"auto, (max-width: 100px) 100vw, 100px\" \/><\/a><p>V\u00e1\u017een\u00ed p\u0159\u00e1tel\u00e9 sportu a para-atletiky, jm\u00e9nem Atletick\u00e9ho klubu Wozmeni Zl\u00edn V\u00e1s srde\u010dn\u011b zveme na 1. ro\u010dn\u00edk Zl\u00ednsk\u00e9ho para-atletick\u00e9ho m\u00edtinku,&nbsp;kter\u00fd se uskute\u010dn\u00ed v&nbsp;sobotu 21.8.2021 od 10:00 na m\u011bstsk\u00e9m atletick\u00e9m stadionu ve [&hellip;]<\/p>\n","protected":false},"author":1,"featured_media":29256,"comment_status":"closed","ping_status":"closed","sticky":false,"template":"","format":"standard","meta":{"ngg_post_thumbnail":0,"footnotes":""},"categories":[5],"tags":[],"class_list":["post-29255","post","type-post","status-publish","format-standard","has-post-thumbnail","hentry","category-atletika"],"_links":{"self":[{"href":"https:\/\/www.caths.cz\/wordpress\/wp-json\/wp\/v2\/posts\/29255","targetHints":{"allow":["GET"]}}],"collection":[{"href":"https:\/\/www.caths.cz\/wordpress\/wp-json\/wp\/v2\/posts"}],"about":[{"href":"https:\/\/www.caths.cz\/wordpress\/wp-json\/wp\/v2\/types\/post"}],"author":[{"embeddable":true,"href":"https:\/\/www.caths.cz\/wordpress\/wp-json\/wp\/v2\/users\/1"}],"replies":[{"embeddable":true,"href":"https:\/\/www.caths.cz\/wordpress\/wp-json\/wp\/v2\/comments?post=29255"}],"version-history":[{"count":1,"href":"https:\/\/www.caths.cz\/wordpress\/wp-json\/wp\/v2\/posts\/29255\/revisions"}],"predecessor-version":[{"id":29257,"href":"https:\/\/www.caths.cz\/wordpress\/wp-json\/wp\/v2\/posts\/29255\/revisions\/29257"}],"wp:featuredmedia":[{"embeddable":true,"href":"https:\/\/www.caths.cz\/wordpress\/wp-json\/wp\/v2\/media\/29256"}],"wp:attachment":[{"href":"https:\/\/www.caths.cz\/wordpress\/wp-json\/wp\/v2\/media?parent=29255"}],"wp:term":[{"taxonomy":"category","embeddable":true,"href":"https:\/\/www.caths.cz\/wordpress\/wp-json\/wp\/v2\/categories?post=29255"},{"taxonomy":"post_tag","embeddable":true,"href":"https:\/\/www.caths.cz\/wordpress\/wp-json\/wp\/v2\/tags?post=29255"}],"curies":[{"name":"wp","href":"https:\/\/api.w.org\/{rel}","templated":true}]}}