{"id":29237,"date":"2021-06-08T10:23:31","date_gmt":"2021-06-08T09:23:31","guid":{"rendered":"https:\/\/www.caths.cz\/wordpress\/?p=29237"},"modified":"2021-06-10T12:15:14","modified_gmt":"2021-06-10T11:15:14","slug":"uspesne-mistrovstvi-evropy-v-polsku-cesi-privezli-domu-osm-cennych-kovu","status":"publish","type":"post","link":"https:\/\/www.caths.cz\/wordpress\/uspesne-mistrovstvi-evropy-v-polsku-cesi-privezli-domu-osm-cennych-kovu\/","title":{"rendered":"\u00dasp\u011b\u0161n\u00e9 mistrovstv\u00ed Evropy v Polsku. \u010ce\u0161i p\u0159ivezli dom\u016f osm cenn\u00fdch kov\u016f!"},"content":{"rendered":"\n<p>Atleti i p\u0159esto, \u017ee\u00a0 podm\u00ednky pro tr\u00e9nov\u00e1n\u00ed nem\u011bli ide\u00e1ln\u00ed vzhledem ke Coronaviru ostudu na Mistrovstv\u00ed Evropy\u00a0 v Polsk\u00e9\u00a0Bydgoszczi\u00a0neud\u011blali a vybojovali celkem 4 zlat\u00e9 medaile, 3 st\u0159\u00edbrn\u00e9 a 1 bronzovou a celkov\u011b v um\u00edst\u011bn\u00ed zem\u00ed tak vybojovali 12 p\u0159\u00ed\u010dku\u00a0 se 44 zem\u00ed.<\/p>\n\n\n\n<p>A jak to na \u0160ampion\u00e1tu prob\u00edhalo den po dni.&nbsp;<\/p>\n\n\n\n<p>Zpr\u00e1va z 1. dne&nbsp;<\/p>\n\n\n\n<p>1.6.2021 \u00dater\u00fd<\/p>\n\n\n\n<p>&nbsp;&nbsp;&nbsp;&nbsp;&nbsp;&nbsp;&nbsp;&nbsp;&nbsp;&nbsp;&nbsp;&nbsp;&nbsp;&nbsp;&nbsp; Mistrovstv\u00ed Evropy v&nbsp;polsk\u00e9 Bydgoszczi za\u010d\u00edn\u00e1! Po\u010das\u00ed se na n\u00e1s od r\u00e1na moc neusm\u00edv\u00e1, hned zr\u00e1na spadly prvn\u00ed kapky de\u0161t\u011b, ale do poledne se dr\u017eelo bez de\u0161t\u011b, pot\u00e9 p\u0159i\u0161la pr\u016ftr\u017e mra\u010den, kter\u00e1 se dr\u017eela s&nbsp;mal\u00fdmi p\u0159est\u00e1vkami a\u017e do ve\u010dera. Z\u00e1vodn\u00edci se s&nbsp;po\u010das\u00edm poprali n\u00e1sledovn\u011b.<\/p>\n\n\n\n<p>Prvn\u00edmi z\u00e1stupci na atletick\u00e9m stadionu z&nbsp;\u0159ad \u010cesk\u00fdch atlet\u016f &nbsp;Dole\u017eel Mat\u011bj, kter\u00fd je na \u201evelk\u00fdch\u201c z\u00e1vodech poprv\u00e9, Martina \u0160imonov\u00e1, Eva Datinsk\u00e1 a Franti\u0161ek Serbus v\u0161ichni t\u0159i velmi zku\u0161en\u00ed z\u00e1vodn\u00edci.<\/p>\n\n\n\n<p>\u010cerstv\u011b mezin\u00e1rodn\u011b klasifikovan\u00fd Mat\u011bj zah\u00e1jil z\u00e1vod ve velk\u00e9m stylu a v\u00fdkonem 8,02 bral 5. m\u00edsto v&nbsp;kategorii F33, t\u00edmto v\u00fdkonem p\u0159ekonal \u010cesk\u00fd rekord a to o 4,67 m! Martina \u0160imonov\u00e1 p\u0159edvedla v&nbsp;hodu diskem (F64) v\u00fdkon dlouh\u00fd 30,35, co\u017e bylo 4. m\u00edsto mezi diska\u0159kami z Evropy.<\/p>\n\n\n\n<p>Eva Datinsk\u00e1 v&nbsp;disku potvrdila roli favoritky ve sv\u00e9 kategorii F37 a hned prvn\u00edm hodem si zajistila<strong>&nbsp;zlatou medaili.<\/strong><\/p>\n\n\n\n<p>Posledn\u00edm na\u0161im z\u00e1vodn\u00edkem prvn\u00edho dne byl Franti\u0161ek Serbus (F32) a jeho pokusy v&nbsp;hodu ku\u017eelkou. V\u0161echny let\u011bly za 30ti metrovou hranici, ale na ten nejdel\u0161\u00ed si po\u010dkal do 5. pokusu, kdy rekordem \u0161ampion\u00e1tu hodil 34,31 m , t\u00edmto pokusem p\u0159ekonal tak\u00e9 \u010cesk\u00fd rekord a sv\u00e9 osobn\u00ed maximum. Zaslou\u017een\u011b tak z\u00edskal&nbsp;<strong>zlatou medaili.<\/strong><\/p>\n\n\n\n<p>Zpr\u00e1va z 2. dne Mistrovstv\u00ed Evropy v Bydgoszczi<\/p>\n\n\n\n<p>2.6.2021 St\u0159eda<\/p>\n\n\n\n<p>Ve druh\u00e9m z\u00e1vodn\u00edm dni p\u0159\u00e1lo z\u00e1vodn\u00edk\u016fm po\u010das\u00ed o mnoho v\u00edce ne\u017e v\u010dera. Slune\u010dn\u00e9 po\u010das\u00ed prov\u00e1zelo z\u00e1vody t\u00e9m\u011b\u0159 cel\u00fd den.<\/p>\n\n\n\n<p>Prvn\u00edmi z\u00e1vodn\u00edky byli ku\u017eelk\u00e1\u0159i kategorie F51, &nbsp;Martin Zach s&nbsp;v\u00fdkonem 25,30 obsadil 8. m\u00edsto, Michal Enge si vyh\u00e1zel 7. m\u00edsto, hodem dlouh\u00fdm 26,31 Z\u00e1v\u011br pat\u0159il ost\u0159\u00edlen\u00e9mu z\u00e1vodn\u00edkovi Radimu B\u011bl\u011b\u0161ovi, kter\u00fd obsadil 6. m\u00edsto p\u011bkn\u00fdm v\u00fdkonem 27,57.<\/p>\n\n\n\n<p>V&nbsp;koula\u0159sk\u00e9m sektoru z\u00e1rove\u0148 vybojovala&nbsp;<strong>zlato&nbsp;<\/strong>Mirka Obrov\u00e1 (F56), kter\u00e9 dol\u00e9tla koule za sedm metr\u016f 7,06 a tento v\u00fdkon ji zajistil v\u00edt\u011bzstv\u00ed.<\/p>\n\n\n\n<p>Na druh\u00e9 stran\u011b, tak\u00e9 ve vrha\u010dsk\u00e9m sektoru, ale v kategorii F54 vrhala Eva Kacanu, kter\u00e1 obsadila 4. m\u00edsto vrhem dlouh\u00fdm 5,27.<\/p>\n\n\n\n<p>O\u0161t\u011bpa\u0159i kategori\u00ed F37 a F38 uzav\u00edrali dopoledn\u00ed program a startovali zde hned 4 z\u00e1vodnici. Petr Vr\u00e1til F38 poslal o\u0161t\u011bp za \u010dty\u0159icet metr\u016f do vzd\u00e1lenosti 41,28, co\u017e mu zajistilo 6. m\u00edsto. Ostatn\u00ed mu\u017ei pat\u0159ili do kategorie F37. 8.&nbsp;p\u0159\u00ed\u010dku obsadil Martin Kukla, jeho nejdel\u0161\u00ed pokus m\u011b\u0159il 35,52. Hned za n\u00edm skon\u010dil Michal Vimmer hodem dlouh\u00fdm 30,75. Ji\u0159\u00ed Kohout nem\u011bl dobr\u00fd den a se s&nbsp;t\u0159emi nem\u011b\u0159en\u00fdmi pokusy nedostal do fin\u00e1le.<\/p>\n\n\n\n<p>Odpoledn\u00ed program zah\u00e1jili Marek Douda a Martin Dvo\u0159\u00e1k ve vrhu koul\u00ed, oba sout\u011b\u017e\u00ed v&nbsp;kategorii F34. Marek vrhnul 7,15 a obsadil 12. m\u00edsto, Martin v\u00fdkonem 8,23 skon\u010dil 10. Fal\u0161\u00edm startuj\u00edc\u00edm byl Jarda Petrou\u0161 (F57) uzav\u00edral dne\u0161n\u00ed den v&nbsp;sout\u011b\u017ei hodu o\u0161t\u011bpem, 8. m\u00edsto mu zajistil 4. pokus dlouh\u00fd 28,79.<\/p>\n\n\n\n<p>Zpr\u00e1va ze 3. dne Mistrovstv\u00ed Evropy v Bydgoszczi<\/p>\n\n\n\n<p>3.6.2021 \u010ctvrtek<\/p>\n\n\n\n<p>&nbsp;&nbsp;&nbsp;&nbsp;&nbsp;&nbsp;&nbsp;&nbsp;&nbsp;&nbsp;&nbsp;&nbsp;&nbsp;&nbsp;&nbsp; T\u0159et\u00ed z\u00e1vodn\u00ed den p\u0159inesl velmi tepl\u00e9 po\u010das\u00ed, n\u011bkte\u0159\u00ed z\u00e1vodn\u00edci se schov\u00e1vali pod slune\u010dn\u00edky a hledali st\u00edn. Jen n\u011bkter\u00fdm slunce a nebe t\u00e9m\u011b\u0159 bez mrak\u016f vyhovuje a na place si to u\u017e\u00edvaj\u00ed.<\/p>\n\n\n\n<p>&nbsp;&nbsp;&nbsp;&nbsp;&nbsp;&nbsp;&nbsp;&nbsp;&nbsp;&nbsp;&nbsp;&nbsp;&nbsp;&nbsp;&nbsp; Dopoledn\u00ed z\u00e1vody rozj\u00ed\u017ed\u011bli koula\u0159i kategorie F53. Jaroslav Bro\u017e zahajoval sv\u00fdmi pokusy celou sout\u011b\u017e, jeho nejdel\u0161\u00ed vrh let\u011bl do vzd\u00e1lenosti 5,86, co\u017e mu zajistilo 7.m\u00edsto. Druh\u00fdm na\u0161im z\u00e1vodn\u00edkem byl Ale\u0161 Kis\u00fd, kter\u00fd sv\u016fj nejdel\u0161\u00ed vrh poslal do vzd\u00e1lenosti 7,58 a ze z\u00e1vodu si odv\u00e1\u017e\u00ed medaili za 3. p\u0159\u00ed\u010dku.<\/p>\n\n\n\n<p>Velkou radost ud\u011blala tren\u00e9rovi Ani\u010dka Muzikov\u00e1, kter\u00e1 ve sv\u00e9 kategorii F32 hodila ku\u017eelku do vzd\u00e1lenosti 17,82 a jej\u00ed druh\u00fd pokus ji vynesl 2. m\u00edsto, tedy st\u0159\u00edbrnou medaili a nov\u00fd \u010cesk\u00fd rekord a k&nbsp;tomu vylep\u0161en\u00ed sv\u00e9 pozice ve sv\u011btov\u00e9m \u017eeb\u0159\u00ed\u010dku.<\/p>\n\n\n\n<p>B\u011b\u017ekyn\u011b Terka Jakschov\u00e1 ve fin\u00e1le 200m prol\u00e9tla tuto vzd\u00e1lenost za skv\u011bl\u00fdch 26,85, co\u017e bylo 5. m\u00edsto v kategorii F47.<\/p>\n\n\n\n<p>Rann\u00ed z\u00e1vody ukon\u010dila perfektn\u011b p\u0159ipraven\u00e1 Eva Datinsk\u00e1, kter\u00e1 ve vrhu koul\u00ed kategorie F37 z\u00edskala druhou&nbsp;<strong>zlatou medaili<\/strong>&nbsp;v\u00fdkonem 10,20!<\/p>\n\n\n\n<p>&nbsp;&nbsp;&nbsp;&nbsp;&nbsp;&nbsp;&nbsp;&nbsp;&nbsp;&nbsp;&nbsp;&nbsp;&nbsp;&nbsp;&nbsp; Prvn\u00ed skupinou odpoledn\u00edch z\u00e1vod\u016f byli mu\u017ei kategorie F37 ve vrhu koul\u00ed. M\u011bli jsme zde hned t\u0159i vrha\u010de. Michal Pallag, kouli poslal p\u0159es jeden\u00e1ct metr\u016f 11,34. Martin Kukla vrhnul po oprav\u00e1ch v\u00fdsledk\u016f 9,49 a Michal Vimmer vrhnul kouli na metu 9,93. Za sv\u00e9 v\u00fdkony z\u00edskali um\u00edst\u011bn\u00ed v celkov\u00e9m po\u0159ad\u00ed n\u00e1sleduj\u00edc\u00ed 7. Michal, 8. Michal Vimmer, 9. Martin.<\/p>\n\n\n\n<p>Jedinou \u017eenou v odpoledn\u00edm programu byla Mirka Obrov\u00e1 kategorie F56 v hodu o\u0161t\u011bpem. Mirka si pov\u011bsila na krk druhou medaili v\u00fdkonem 15,09 a to za&nbsp;<strong>2. m\u00edsto.<\/strong><\/p>\n\n\n\n<p>Posledn\u00edm bojovn\u00edkem na place byl Jan Mo\u0161t\u011bk F37, kter\u00fd b\u011b\u017eel z\u00e1vod na 400m, c\u00edlovou rovinkou prob\u011bhl na 5. m\u00edst\u011b v \u010dase 63,77.<\/p>\n\n\n\n<p>Zpr\u00e1va ze 4. dne Mistrovstv\u00ed Evropy v Bydgoszczi<\/p>\n\n\n\n<p>4.6.2021 P\u00e1tek<\/p>\n\n\n\n<p>&nbsp;&nbsp;&nbsp;&nbsp;&nbsp;&nbsp;&nbsp;&nbsp;&nbsp;&nbsp;&nbsp;&nbsp;&nbsp;&nbsp;&nbsp; \u010ctvrt\u00fd z\u00e1vodn\u00ed den a s&nbsp;n\u00edm mnoho slunce. V&nbsp;p\u00e1te\u010dn\u00ed den jsme m\u011bli na place pouze 4 z\u00e1vodn\u00edky.<\/p>\n\n\n\n<p>&nbsp;&nbsp;&nbsp;&nbsp;&nbsp;&nbsp;&nbsp;&nbsp;&nbsp;&nbsp;&nbsp;&nbsp;&nbsp;&nbsp;&nbsp; Byli jimi Filip Varto\u0148 z\u00e1stupce skupiny F52, kter\u00fd sout\u011b\u017eil v&nbsp;hodu diskem, v&nbsp;nabit\u00e9 kategorii dom\u00e1c\u00edmi z\u00e1vodn\u00edky hodil rovn\u00fdch 13m, a skon\u010dil na 6. m\u00edst\u011b.<\/p>\n\n\n\n<p>Na vedlej\u0161\u00edm sektoru hodu o\u0161t\u011bpem se z\u00e1rove\u0148 o sv\u00e9 v\u00fdkony s&nbsp;div\u00e1ky d\u011blil Martin Dvo\u0159\u00e1k a Marek Douda, oba v&nbsp;kategorii F34. Martin s&nbsp;v\u00fdkonem 15,59 se um\u00edstil na 10. m\u00edst\u011b, Marek hodil 14,04 a bral 11. p\u0159\u00ed\u010dku.<\/p>\n\n\n\n<p>Tak\u00e9 Terka Jakschov\u00e1 ve sv\u00e9 kategorii T47 postoupila z rozb\u011bhu do z\u00edt\u0159ej\u0161\u00edho fin\u00e1le v&nbsp;b\u011bhu na 100m, budeme dr\u017eet p\u011bsti.<\/p>\n\n\n\n<p>Zpr\u00e1va z 5. dne Mistrovstv\u00ed Evropy v Bydgoszczi<\/p>\n\n\n\n<p>5.6.2021 Sobota<\/p>\n\n\n\n<p>&nbsp;&nbsp;&nbsp;&nbsp;&nbsp;&nbsp;&nbsp;&nbsp;&nbsp;&nbsp;&nbsp;&nbsp;&nbsp;&nbsp;&nbsp; Posledn\u00ed p\u00e1t\u00fd den p\u0159\u00e1lo po\u010das\u00ed sportovc\u016fm i nad\u00e1le. Odpoledne lehk\u00fd v\u00edtr, jinak slune\u010dn\u00e9 po\u010das\u00ed t\u00e9m\u011b\u0159 bez mrak\u016f. 4 mu\u017ei a 3 \u017eeny se utkali se sv\u00fdmi soupe\u0159i v&nbsp;n\u00e1sleduj\u00edc\u00edch discipl\u00edn\u00e1ch:<\/p>\n\n\n\n<p>disk, koule, 100m b\u011bh a o\u0161t\u011bp.<\/p>\n\n\n\n<p>&nbsp;&nbsp;&nbsp;&nbsp;&nbsp;&nbsp;&nbsp;&nbsp;&nbsp;&nbsp;&nbsp;&nbsp;&nbsp;&nbsp;&nbsp; Trojice diska\u0159\u016f skupiny T37 zah\u00e1jila dopoledn\u00ed program p\u00e1t\u00e9ho dne, v\u0161em se nejl\u00e9pe vyda\u0159il a nejd\u00e1l dolet\u011bl posledn\u00ed pokus, Pall\u00e1g Michal 36,12, obsadil5. m\u00edsto, Vimmer Michal 34,24, bral 6. p\u0159\u00ed\u010dku a Kohout Ji\u0159\u00ed v\u00fdkonem 31,67 byl na 8. m\u00edst\u011b.<\/p>\n\n\n\n<p>Skv\u011bl\u00fdm v\u00fdkonem Ani\u010dky Luxov\u00e9 (F35) v&nbsp;kouli 8,85 jsme z\u00edskali dal\u0161\u00ed placku, tentokr\u00e1t st\u0159\u00edbrnou!<\/p>\n\n\n\n<p>Posledn\u00ed p\u016flden na stadion\u011b z\u00e1vodil jako prvn\u00ed z \u010cech\u016f Martin Adam\u010d\u00edk (F63), kter\u00fd bojoval ve vrhu koul\u00ed, jako Ani\u010dka, sv\u00fdm v\u00fdkonem 8,92 obsadil 5. m\u00edsto.<\/p>\n\n\n\n<p>Terka Jakschov\u00e1 ve sv\u00e9m fin\u00e1lov\u00e9m b\u011bhu na 100m p\u0159edvedla, \u017ee je velk\u00e1 bojovnice a v&nbsp;\u010dase 12,76 si dob\u011bhla v&nbsp;osobn\u00edm rekordu pro 5. m\u00edsto.<\/p>\n\n\n\n<p>Eva Kacanu byla z\u00e1vodnic\u00ed, kter\u00e1 sv\u00fdm 2. pokusem vylep\u0161ila sv\u016fj leto\u0161n\u00ed nejlep\u0161\u00ed v\u00fdkon na 9,33, t\u00edm se um\u00edstila na 5. m\u00edst\u011b.<\/p>\n\n\n\n<figure class=\"wp-block-table\"><table><tbody><tr><td>Stru\u010dn\u00fd p\u0159ehled um\u00edst\u011bn\u00ed<\/td><td><\/td><td>1. den<\/td><td>2. den<\/td><td>3. den<\/td><td>4. den<\/td><td>5. den<\/td><td><\/td><td>celkem<\/td><td><\/td><\/tr><tr><td>1. m\u00edsto<\/td><td><img loading=\"lazy\" decoding=\"async\" width=\"20\" height=\"58\" src=\"\" alt=\"Gold,Silver,Bronze\"><\/td><td>2<\/td><td>1<\/td><td>1<\/td><td>0<\/td><td><\/td><td><\/td><td>4<\/td><td><\/td><\/tr><tr><td>2. m\u00edsto<\/td><td>0<\/td><td>0<\/td><td>2<\/td><td>0<\/td><td>1<\/td><td><\/td><td>3<\/td><td><\/td><\/tr><tr><td>3. m\u00edsto<\/td><td>0<\/td><td>0<\/td><td>1<\/td><td>0<\/td><td><\/td><td><\/td><td>1<\/td><td><\/td><\/tr><tr><td>4. m\u00edsto<\/td><td>1<\/td><td>1<\/td><td>0<\/td><td>0<\/td><td><\/td><td><\/td><td>2<\/td><td><\/td><\/tr><tr><td>5. m\u00edsto<\/td><td><\/td><td>1<\/td><td>0<\/td><td>2<\/td><td>0<\/td><td>4<\/td><td><\/td><td>7<\/td><td><\/td><\/tr><tr><td>6. m\u00edsto<\/td><td><\/td><td>0<\/td><td>2<\/td><td>0<\/td><td>1<\/td><td>1<\/td><td><\/td><td>4<\/td><td><\/td><\/tr><tr><td>7. m\u00edsto<\/td><td><\/td><td>0<\/td><td>1<\/td><td>2<\/td><td>0<\/td><td><\/td><td><\/td><td>3<\/td><td><\/td><\/tr><tr><td>8. m\u00edsto<\/td><td><\/td><td>0<\/td><td>3<\/td><td>1<\/td><td>0<\/td><td>1<\/td><td><\/td><td>5<\/td><td><\/td><\/tr><tr><td><\/td><td><\/td><td><\/td><td><\/td><td><\/td><td><\/td><td><\/td><td><\/td><td><\/td><td><\/td><\/tr><tr><td><\/td><td><\/td><td><\/td><td><\/td><td><\/td><td><\/td><td><\/td><td><\/td><td><\/td><td><\/td><\/tr><tr><td>Discipl\u00edna<\/td><td>kat.<\/td><td>pokus<\/td><td>um\u00edst\u011bn\u00ed<\/td><td>pozn\u00e1mka<\/td><\/tr><tr><td>P\u0159\u00edjmen\u00ed, jm\u00e9no<\/td><td>1.<\/td><td>2.<\/td><td>3.<\/td><td>4.<\/td><td>5.<\/td><td>6.<\/td><\/tr><tr><td>01.06.2021 (1. den)<\/td><\/tr><tr><td><a href=\"https:\/\/www.paralympic.org\/bydgoszcz-2021\/results\/info-live-results\/atby21\/eng\/at\/ATR173A_ATBY21ATMS33101ENG.htm\">F33 (koule)<\/a><\/td><td><\/td><td><\/td><td><\/td><td><\/td><td><\/td><td><\/td><td><\/td><td><\/td><td><\/td><\/tr><tr><td>DOLE\u017dEL Mat\u011bj<\/td><td><\/td><td>7,31<\/td><td>7,04<\/td><td>7,14<\/td><td>7,34<\/td><td>8,02<\/td><td>3,97<\/td><td>5. m\u00edsto<\/td><td>PB<\/td><\/tr><tr><td><a href=\"https:\/\/www.paralympic.org\/bydgoszcz-2021\/results\/info-live-results\/atby21\/eng\/at\/ATR173A_ATBY21ATWD85101ENG.htm\">F64 (disk)<\/a><\/td><td><\/td><td><\/td><td><\/td><td><\/td><td><\/td><td><\/td><td><\/td><td><\/td><td><\/td><\/tr><tr><td>\u0160IMONOV\u00c1 Martina<\/td><td><\/td><td>28,07<\/td><td>x<\/td><td>x<\/td><td>x<\/td><td>x<\/td><td>30,35<\/td><td>4. m\u00edsto<\/td><td>SB<\/td><\/tr><tr><td><a href=\"https:\/\/www.paralympic.org\/bydgoszcz-2021\/results\/info-live-results\/atby21\/eng\/at\/ATR173A_ATBY21ATWD80101ENG.htm\">F37 (disk)<\/a><\/td><td><\/td><td><\/td><td><\/td><td><\/td><td><\/td><td><\/td><td><\/td><td><\/td><td><\/td><\/tr><tr><td>DATINSK\u00c1 Eva<\/td><td><img loading=\"lazy\" decoding=\"async\" width=\"19\" height=\"19\" src=\"\" alt=\"Gold\"><\/td><td>26,78<\/td><td>x<\/td><td>x<\/td><td>x<\/td><td>24,62<\/td><td>x<\/td><td>1. m\u00edsto<\/td><td><\/td><\/tr><tr><td><a href=\"https:\/\/www.paralympic.org\/bydgoszcz-2021\/results\/info-live-results\/atby21\/eng\/at\/ATR173A_ATBY21ATMC80101ENG.htm\">F32 (ku\u017eelka)<\/a><\/td><td><\/td><td><\/td><td><\/td><td><\/td><td><\/td><td><\/td><td><\/td><td><\/td><td><\/td><\/tr><tr><td>SERBUS Franti\u0161ek<\/td><td><img loading=\"lazy\" decoding=\"async\" width=\"19\" height=\"19\" src=\"\" alt=\"Gold\"><\/td><td>30,87<\/td><td>32,11<\/td><td>30,51<\/td><td>31,93<\/td><td>34,31<\/td><td>32,92<\/td><td>1. m\u00edsto<\/td><td>CR<\/td><\/tr><tr><td>02.06.2021 (2. den)<\/td><\/tr><tr><td><a href=\"https:\/\/www.paralympic.org\/bydgoszcz-2021\/results\/info-live-results\/atby21\/eng\/at\/ATR173A_ATBY21ATMC51101ENG.htm\">F51 (ku\u017eelka)<\/a><\/td><td><\/td><td><\/td><td><\/td><td><\/td><td><\/td><td><\/td><td><\/td><td><\/td><td><\/td><\/tr><tr><td>B\u011aLE\u0160 Radim<\/td><td><\/td><td>25,48<\/td><td>26,49<\/td><td>x<\/td><td>27,57<\/td><td>x<\/td><td>26,87<\/td><td>6. m\u00edsto<\/td><td><\/td><\/tr><tr><td>ENGE Michal<\/td><td><\/td><td>22,67<\/td><td>x<\/td><td>26,31<\/td><td>26,30<\/td><td>x<\/td><td>x<\/td><td>7. m\u00edsto<\/td><td><\/td><\/tr><tr><td>ZACH Martin<\/td><td><\/td><td>x<\/td><td>24,59<\/td><td>22,68<\/td><td>25,02<\/td><td>24,67<\/td><td>25,30<\/td><td>8. m\u00edsto<\/td><td><\/td><\/tr><tr><td><a href=\"https:\/\/www.paralympic.org\/bydgoszcz-2021\/results\/info-live-results\/atby21\/eng\/at\/ATR173A_ATBY21ATWS85101ENG.htm\">F56 (koule)<\/a><\/td><td><\/td><td><\/td><td><\/td><td><\/td><td><\/td><td><\/td><td><\/td><td><\/td><td><\/td><\/tr><tr><td>OBROV\u00c1 Miroslava<\/td><td><img loading=\"lazy\" decoding=\"async\" width=\"19\" height=\"20\" src=\"\" alt=\"Gold\"><\/td><td>6,87<\/td><td>6,81<\/td><td>6,88<\/td><td>6,84<\/td><td>7,06<\/td><td>x<\/td><td>1. m\u00edsto<\/td><td>SB<\/td><\/tr><tr><td><a href=\"https:\/\/www.paralympic.org\/bydgoszcz-2021\/results\/info-live-results\/atby21\/eng\/at\/ATR173A_ATBY21ATMJ82101ENG.htm\">F37\/38 (o\u0161t\u011bp)<\/a><\/td><td><\/td><td><\/td><td><\/td><td><\/td><td><\/td><td><\/td><td><\/td><td><\/td><\/tr><tr><td>VR\u00c1TIL Petr F38<\/td><td><\/td><td>41,28<\/td><td>x<\/td><td>39,74<\/td><td>40,01<\/td><td>39,92<\/td><td>x<\/td><td>6. m\u00edsto<\/td><td>SB<\/td><\/tr><tr><td>KUKLA Marin<\/td><td><\/td><td>31,91<\/td><td>31,15<\/td><td>x<\/td><td>35,52<\/td><td>35,34<\/td><td>33,93<\/td><td>8. m\u00edsto<\/td><td><\/td><\/tr><tr><td>VIMMER Michal<\/td><td><\/td><td>x<\/td><td>30,75<\/td><td>30,13<\/td><td><\/td><td><\/td><td><\/td><td>9. m\u00edsto<\/td><td><\/td><\/tr><tr><td>KOHOUT Ji\u0159\u00ed<\/td><td><\/td><td>x<\/td><td>x<\/td><td>x<\/td><td><\/td><td><\/td><td><\/td><td>bez postupu<\/td><td><\/td><\/tr><tr><td><a href=\"https:\/\/www.paralympic.org\/bydgoszcz-2021\/results\/info-live-results\/atby21\/eng\/at\/ATR173A_ATBY21ATWS84101ENG.htm\">F54 (koule)<\/a><\/td><td><\/td><td><\/td><td><\/td><td><\/td><td><\/td><td><\/td><td><\/td><td><\/td><td><\/td><\/tr><tr><td>KACANU Eva<\/td><td><\/td><td>5,14<\/td><td>5,13<\/td><td>5,03<\/td><td>5,13<\/td><td>5,27<\/td><td>5,09<\/td><td>4. m\u00edsto<\/td><td>SB<\/td><\/tr><tr><td><a href=\"https:\/\/www.paralympic.org\/bydgoszcz-2021\/results\/info-live-results\/atby21\/eng\/at\/ATR173A_ATBY21ATMS34101ENG.htm\">F34 (koule)<\/a><\/td><td><\/td><td><\/td><td><\/td><td><\/td><td><\/td><td><\/td><td><\/td><td><\/td><td><\/td><\/tr><tr><td>DVO\u0158\u00c1K Martin<\/td><td><\/td><td>8,23<\/td><td>8,08<\/td><td>7,95<\/td><td>7,97<\/td><td>7,86<\/td><td>7,68<\/td><td>10. m\u00edsto<\/td><td>PB<\/td><\/tr><tr><td>DOUDA Marek<\/td><td><\/td><td>6,55<\/td><td>7,15<\/td><td>6,85<\/td><td>6,91<\/td><td>7<\/td><td>7,01<\/td><td>12. m\u00edsto<\/td><td><\/td><\/tr><tr><td><a href=\"https:\/\/www.paralympic.org\/bydgoszcz-2021\/results\/info-live-results\/atby21\/eng\/at\/ATR173A_ATBY21ATMJ86101ENG.htm\">F57 (o\u0161t\u011bp)<\/a><\/td><td><\/td><td><\/td><td><\/td><td><\/td><td><\/td><td><\/td><td><\/td><td><\/td><td><\/td><\/tr><tr><td>PETROU\u0160 Jaroslav<\/td><td><\/td><td>25,64<\/td><td>x<\/td><td>26,73<\/td><td>27,67<\/td><td>28,79<\/td><td>x<\/td><td>8.m\u00edsto<\/td><td>SB<\/td><\/tr><tr><td>03.06.2021 (3.den)<\/td><\/tr><tr><td><a href=\"https:\/\/www.paralympic.org\/bydgoszcz-2021\/results\/info-live-results\/atby21\/eng\/at\/ATR173A_ATBY21ATMS53101ENG.htm\">F32 (koule)<\/a><\/td><td><\/td><td><\/td><td><\/td><td><\/td><td><\/td><td><\/td><td><\/td><td><\/td><td><\/td><\/tr><tr><td>BRO\u017d Jaroslav<\/td><td><\/td><td>5,49<\/td><td>5,70<\/td><td>5,06<\/td><td>5,57<\/td><td>5,86<\/td><td>5,83<\/td><td>7. m\u00edsto<\/td><td><\/td><\/tr><tr><td>KIS\u00dd Ale\u0161<\/td><td><img loading=\"lazy\" decoding=\"async\" width=\"19\" height=\"19\" src=\"\" alt=\"Bronze\"><\/td><td>7,35<\/td><td>7,41<\/td><td>x<\/td><td>7,36<\/td><td>7,58<\/td><td>5,11<\/td><td>3. m\u00edsto<\/td><td><\/td><\/tr><tr><td><a href=\"https:\/\/www.paralympic.org\/bydgoszcz-2021\/results\/info-live-results\/atby21\/eng\/at\/ATR173A_ATBY21ATWC80101ENG.htm\">F32 (ku\u017eelka)<\/a><\/td><td><\/td><td><\/td><td><\/td><td><\/td><td><\/td><td><\/td><td><\/td><td><\/td><td><\/td><\/tr><tr><td>MUZIKOV\u00c1 Anna<\/td><td><img loading=\"lazy\" decoding=\"async\" width=\"18\" height=\"17\" src=\"\" alt=\"Silver\"><\/td><td>16,65<\/td><td>17,82<\/td><td>17,24<\/td><td>16,40<\/td><td>17,82<\/td><td>16,72<\/td><td>2. m\u00edsto<\/td><td>PB<\/td><\/tr><tr><td><a href=\"https:\/\/www.paralympic.org\/bydgoszcz-2021\/results\/info-live-results\/atby21\/eng\/at\/ATR173A_ATBY21ATW280101ENG.htm\">F47 (200m)<\/a><\/td><td><\/td><td><\/td><td><\/td><td><\/td><td><\/td><td><\/td><td><\/td><td><\/td><td><\/td><\/tr><tr><td>JAKSCHOV\u00c1 Tereza<\/td><td><\/td><td>26,85<\/td><td><\/td><td><\/td><td><\/td><td><\/td><td><\/td><td>5. m\u00edsto<\/td><td><\/td><\/tr><tr><td><a href=\"https:\/\/www.paralympic.org\/bydgoszcz-2021\/results\/info-live-results\/atby21\/eng\/at\/ATR173A_ATBY21ATWS37101ENG.htm\">F37 (koule)<\/a><\/td><td><\/td><td><\/td><td><\/td><td><\/td><td><\/td><td><\/td><td><\/td><td><\/td><td><\/td><\/tr><tr><td>DATINSK\u00c1 Eva<\/td><td><img loading=\"lazy\" decoding=\"async\" width=\"19\" height=\"20\" src=\"\" alt=\"Gold\"><\/td><td>9,74<\/td><td>x<\/td><td>9,72<\/td><td>9,76<\/td><td>10,16<\/td><td>10,20<\/td><td>1. m\u00edsto<\/td><td><\/td><\/tr><tr><td><a href=\"https:\/\/www.paralympic.org\/bydgoszcz-2021\/results\/info-live-results\/atby21\/eng\/at\/ATR173A_ATBY21ATMS37101ENG.htm\">F37 (koule)<\/a><\/td><td><\/td><td><\/td><td><\/td><td><\/td><td><\/td><td><\/td><td><\/td><td><\/td><td><\/td><\/tr><tr><td>PALLAG Michal<\/td><td><\/td><td>9,78<\/td><td>11,34<\/td><td>10,64<\/td><td>10,60<\/td><td>10,48<\/td><td>x<\/td><td>7. m\u00edsto<\/td><td><\/td><\/tr><tr><td>KUKLA Marin<\/td><td><\/td><td>&#8211;<\/td><td>9,49<\/td><td>&#8211;<\/td><td>&#8211;<\/td><td>&#8211;<\/td><td>x<\/td><td>9. m\u00edsto<\/td><td><\/td><\/tr><tr><td>VIMMER Michal<\/td><td><\/td><td>9,73<\/td><td>9,85<\/td><td>9,93<\/td><td><\/td><td><\/td><td><\/td><td>8. m\u00edsto<\/td><td><\/td><\/tr><tr><td><a href=\"https:\/\/www.paralympic.org\/bydgoszcz-2021\/results\/info-live-results\/atby21\/eng\/at\/ATR173A_ATBY21ATWJ82101ENG.htm\">F56 (o\u0161t\u011bp)<\/a><\/td><td><\/td><td><\/td><td><\/td><td><\/td><td><\/td><td><\/td><td><\/td><td><\/td><td><\/td><\/tr><tr><td>OBROV\u00c1 Miroslava<\/td><td><img loading=\"lazy\" decoding=\"async\" width=\"18\" height=\"18\" src=\"\" alt=\"Silver\"><\/td><td>14,24<\/td><td>13,24<\/td><td>13,62<\/td><td>15,09<\/td><td>14,59<\/td><td>14,74<\/td><td>2. m\u00edsto<\/td><td><\/td><\/tr><tr><td><a href=\"https:\/\/www.paralympic.org\/bydgoszcz-2021\/results\/info-live-results\/atby21\/eng\/at\/ATR173A_ATBY21ATM437101ENG.htm\">F37 (400m)<\/a><\/td><td><\/td><td><\/td><td><\/td><td><\/td><td><\/td><td><\/td><td><\/td><td><\/td><td><\/td><\/tr><tr><td>MO\u0160T\u011aK Jan<\/td><td><\/td><td>63,77<\/td><td><\/td><td><\/td><td><\/td><td><\/td><td><\/td><td>5. m\u00edsto<\/td><td><\/td><\/tr><tr><td>04.06.2021 (4. den)<\/td><\/tr><tr><td><a href=\"https:\/\/www.paralympic.org\/bydgoszcz-2021\/results\/info-live-results\/atby21\/eng\/at\/ATR173A_ATBY21ATMD80101ENG.htm\">F52 (disk)<\/a><\/td><td><\/td><td><\/td><td><\/td><td><\/td><td><\/td><td><\/td><td><\/td><td><\/td><td><\/td><\/tr><tr><td>VARTO\u0147 Filip<\/td><td><\/td><td>12,5<\/td><td>12,13<\/td><td>12,3<\/td><td>12,83<\/td><td>12,89<\/td><td>13<\/td><td>6.m\u00edsto<\/td><td><\/td><\/tr><tr><td><a href=\"https:\/\/www.paralympic.org\/bydgoszcz-2021\/results\/info-live-results\/atby21\/eng\/at\/ATR173A_ATBY21ATMJ81101ENG.htm\">F34 (o\u0161t\u011bp)<\/a><\/td><td><\/td><td><\/td><td><\/td><td><\/td><td><\/td><td><\/td><td><\/td><td><\/td><td><\/td><\/tr><tr><td>DVO\u0158\u00c1K Martin<\/td><td><\/td><td>14,17<\/td><td>15,59<\/td><td>x<\/td><td>14,5<\/td><td>x<\/td><td>x<\/td><td>10. m\u00edsto<\/td><td><\/td><\/tr><tr><td>DOUDA Marek<\/td><td><\/td><td>13,21<\/td><td>x<\/td><td>x<\/td><td>12,78<\/td><td>13,85<\/td><td>14,04<\/td><td>11. m\u00edsto<\/td><td><\/td><\/tr><tr><td>05. 06. 2021 (5. den)<\/td><\/tr><tr><td><a href=\"https:\/\/www.paralympic.org\/bydgoszcz-2021\/results\/info-live-results\/atby21\/eng\/at\/ATR173A_ATBY21ATMD37101ENG.htm\">F37 (disk)<\/a><\/td><td><\/td><td><\/td><td><\/td><td><\/td><td><\/td><td><\/td><td><\/td><td><\/td><td><\/td><\/tr><tr><td>PALLAG Michal<\/td><td><\/td><td>x<\/td><td>34,22<\/td><td>x<\/td><td>35,57<\/td><td>35,52<\/td><td>36,12<\/td><td>5. m\u00edsto<\/td><td><\/td><\/tr><tr><td>VIMMER Michal<\/td><td><\/td><td>x<\/td><td>33,9<\/td><td>x<\/td><td>x<\/td><td>32,9<\/td><td>34,24<\/td><td>6. m\u00edsto<\/td><td><\/td><\/tr><tr><td>KOHOUT Ji\u0159\u00ed<\/td><td><\/td><td>30,82<\/td><td>30,74<\/td><td>x<\/td><td>x<\/td><td>x<\/td><td>31,67<\/td><td>8. m\u00edsto<\/td><td><\/td><\/tr><tr><td><a href=\"https:\/\/www.paralympic.org\/bydgoszcz-2021\/results\/info-live-results\/atby21\/eng\/at\/ATR173A_ATBY21ATWS35101ENG.htm\">F35 (koule)<\/a><\/td><td><\/td><td><\/td><td><\/td><td><\/td><td><\/td><td><\/td><td><\/td><td><\/td><td><\/td><\/tr><tr><td>LUXOV\u00c1 Anna<\/td><td><img loading=\"lazy\" decoding=\"async\" width=\"18\" height=\"17\" src=\"\" alt=\"Silver\"><\/td><td>8,03<\/td><td>7,64<\/td><td>8,85<\/td><td>8,65<\/td><td>7,92<\/td><td>7,9<\/td><td>2. m\u00edsto<\/td><td>PB<\/td><\/tr><tr><td><a href=\"https:\/\/www.paralympic.org\/bydgoszcz-2021\/results\/info-live-results\/atby21\/eng\/at\/ATR173A_ATBY21ATMS85101ENG.htm\">F63 (koule)<\/a><\/td><td><\/td><td><\/td><td><\/td><td><\/td><td><\/td><td><\/td><td><\/td><td><\/td><td><\/td><\/tr><tr><td>ADAM\u010c\u00cdK Martin<\/td><td><\/td><td>8,92<\/td><td>8,88<\/td><td>8,51<\/td><td>x<\/td><td>x<\/td><td>8,77<\/td><td>5. m\u00edsto<\/td><td><\/td><\/tr><tr><td><a href=\"https:\/\/www.paralympic.org\/bydgoszcz-2021\/results\/info-live-results\/atby21\/eng\/at\/ATR173A_ATBY21ATW180101ENG.htm\">F47 (100m)<\/a><\/td><td><\/td><td><\/td><td><\/td><td><\/td><td><\/td><td><\/td><td><\/td><td><\/td><td><\/td><\/tr><tr><td>JAKSCHOV\u00c1 Tereza<\/td><td><\/td><td>12,76<\/td><td><\/td><td><\/td><td><\/td><td><\/td><td><\/td><td>5. m\u00edsto<\/td><td>SB<\/td><\/tr><tr><td><a href=\"https:\/\/www.paralympic.org\/bydgoszcz-2021\/results\/info-live-results\/atby21\/eng\/at\/ATR173A_ATBY21ATWJ81101ENG.htm\">F54 (o\u0161t\u011bp)<\/a><\/td><td><\/td><td><\/td><td><\/td><td><\/td><td><\/td><td><\/td><td><\/td><td><\/td><td><\/td><\/tr><tr><td>KACANU Eva<\/td><td><\/td><td>9<\/td><td>9,33<\/td><td>8,77<\/td><td>9,31<\/td><td>9,24<\/td><td>9,03<\/td><td>5. m\u00edsto<\/td><td>SB<\/td><\/tr><\/tbody><\/table><\/figure>\n\n\n\n<figure class=\"wp-block-image size-large\"><img loading=\"lazy\" decoding=\"async\" width=\"1024\" height=\"576\" src=\"https:\/\/www.caths.cz\/wordpress\/wp-content\/uploads\/2021\/06\/me-polsko-atletika-1-kopie-1024x576-1.jpg\" alt=\"\" class=\"wp-image-29238\" srcset=\"https:\/\/www.caths.cz\/wordpress\/wp-content\/uploads\/2021\/06\/me-polsko-atletika-1-kopie-1024x576-1.jpg 1024w, https:\/\/www.caths.cz\/wordpress\/wp-content\/uploads\/2021\/06\/me-polsko-atletika-1-kopie-1024x576-1-300x169.jpg 300w, https:\/\/www.caths.cz\/wordpress\/wp-content\/uploads\/2021\/06\/me-polsko-atletika-1-kopie-1024x576-1-768x432.jpg 768w, https:\/\/www.caths.cz\/wordpress\/wp-content\/uploads\/2021\/06\/me-polsko-atletika-1-kopie-1024x576-1-120x68.jpg 120w\" sizes=\"auto, (max-width: 1024px) 100vw, 1024px\" \/><\/figure>\n\n\n\n<figure class=\"wp-block-image size-large\"><img loading=\"lazy\" decoding=\"async\" width=\"150\" height=\"150\" src=\"https:\/\/www.caths.cz\/wordpress\/wp-content\/uploads\/2021\/06\/me-polsko-atletika-2-150x150-1.jpg\" alt=\"\" class=\"wp-image-29239\" srcset=\"https:\/\/www.caths.cz\/wordpress\/wp-content\/uploads\/2021\/06\/me-polsko-atletika-2-150x150-1.jpg 150w, https:\/\/www.caths.cz\/wordpress\/wp-content\/uploads\/2021\/06\/me-polsko-atletika-2-150x150-1-100x100.jpg 100w, https:\/\/www.caths.cz\/wordpress\/wp-content\/uploads\/2021\/06\/me-polsko-atletika-2-150x150-1-120x120.jpg 120w\" sizes=\"auto, (max-width: 150px) 100vw, 150px\" \/><\/figure>\n\n\n\n<figure class=\"wp-block-image size-large\"><img loading=\"lazy\" decoding=\"async\" width=\"150\" height=\"150\" src=\"https:\/\/www.caths.cz\/wordpress\/wp-content\/uploads\/2021\/06\/me-polsko-atletika-3-150x150-1.jpg\" alt=\"\" class=\"wp-image-29240\" srcset=\"https:\/\/www.caths.cz\/wordpress\/wp-content\/uploads\/2021\/06\/me-polsko-atletika-3-150x150-1.jpg 150w, https:\/\/www.caths.cz\/wordpress\/wp-content\/uploads\/2021\/06\/me-polsko-atletika-3-150x150-1-100x100.jpg 100w, https:\/\/www.caths.cz\/wordpress\/wp-content\/uploads\/2021\/06\/me-polsko-atletika-3-150x150-1-120x120.jpg 120w\" sizes=\"auto, (max-width: 150px) 100vw, 150px\" \/><\/figure>\n\n\n\n<figure class=\"wp-block-image size-large\"><img loading=\"lazy\" decoding=\"async\" width=\"150\" height=\"150\" src=\"https:\/\/www.caths.cz\/wordpress\/wp-content\/uploads\/2021\/06\/me-polsko-atletika-5-150x150-1.jpg\" alt=\"\" class=\"wp-image-29241\" srcset=\"https:\/\/www.caths.cz\/wordpress\/wp-content\/uploads\/2021\/06\/me-polsko-atletika-5-150x150-1.jpg 150w, https:\/\/www.caths.cz\/wordpress\/wp-content\/uploads\/2021\/06\/me-polsko-atletika-5-150x150-1-100x100.jpg 100w, https:\/\/www.caths.cz\/wordpress\/wp-content\/uploads\/2021\/06\/me-polsko-atletika-5-150x150-1-120x120.jpg 120w\" sizes=\"auto, (max-width: 150px) 100vw, 150px\" \/><\/figure>\n\n\n\n<figure class=\"wp-block-image size-large\"><img loading=\"lazy\" decoding=\"async\" width=\"150\" height=\"150\" src=\"https:\/\/www.caths.cz\/wordpress\/wp-content\/uploads\/2021\/06\/me-polsko-atletika-6-150x150-1.jpg\" alt=\"\" class=\"wp-image-29242\" srcset=\"https:\/\/www.caths.cz\/wordpress\/wp-content\/uploads\/2021\/06\/me-polsko-atletika-6-150x150-1.jpg 150w, https:\/\/www.caths.cz\/wordpress\/wp-content\/uploads\/2021\/06\/me-polsko-atletika-6-150x150-1-100x100.jpg 100w, https:\/\/www.caths.cz\/wordpress\/wp-content\/uploads\/2021\/06\/me-polsko-atletika-6-150x150-1-120x120.jpg 120w\" sizes=\"auto, (max-width: 150px) 100vw, 150px\" \/><\/figure>\n\n\n\n<figure class=\"wp-block-image size-large\"><img loading=\"lazy\" decoding=\"async\" width=\"150\" height=\"150\" src=\"https:\/\/www.caths.cz\/wordpress\/wp-content\/uploads\/2021\/06\/me-polsko-atletika-7-150x150-1.jpg\" alt=\"\" class=\"wp-image-29243\" srcset=\"https:\/\/www.caths.cz\/wordpress\/wp-content\/uploads\/2021\/06\/me-polsko-atletika-7-150x150-1.jpg 150w, https:\/\/www.caths.cz\/wordpress\/wp-content\/uploads\/2021\/06\/me-polsko-atletika-7-150x150-1-100x100.jpg 100w, https:\/\/www.caths.cz\/wordpress\/wp-content\/uploads\/2021\/06\/me-polsko-atletika-7-150x150-1-120x120.jpg 120w\" sizes=\"auto, (max-width: 150px) 100vw, 150px\" \/><\/figure>\n\n\n\n<figure class=\"wp-block-image size-large\"><img loading=\"lazy\" decoding=\"async\" width=\"150\" height=\"150\" src=\"https:\/\/www.caths.cz\/wordpress\/wp-content\/uploads\/2021\/06\/me-polsko-atletika-8-150x150-1.jpg\" alt=\"\" class=\"wp-image-29244\" srcset=\"https:\/\/www.caths.cz\/wordpress\/wp-content\/uploads\/2021\/06\/me-polsko-atletika-8-150x150-1.jpg 150w, https:\/\/www.caths.cz\/wordpress\/wp-content\/uploads\/2021\/06\/me-polsko-atletika-8-150x150-1-100x100.jpg 100w, https:\/\/www.caths.cz\/wordpress\/wp-content\/uploads\/2021\/06\/me-polsko-atletika-8-150x150-1-120x120.jpg 120w\" sizes=\"auto, (max-width: 150px) 100vw, 150px\" \/><\/figure>\n\n\n\n<figure class=\"wp-block-image size-large\"><img loading=\"lazy\" decoding=\"async\" width=\"150\" height=\"150\" src=\"https:\/\/www.caths.cz\/wordpress\/wp-content\/uploads\/2021\/06\/me-polsko-atletika-9-150x150-1.jpg\" alt=\"\" class=\"wp-image-29245\" srcset=\"https:\/\/www.caths.cz\/wordpress\/wp-content\/uploads\/2021\/06\/me-polsko-atletika-9-150x150-1.jpg 150w, https:\/\/www.caths.cz\/wordpress\/wp-content\/uploads\/2021\/06\/me-polsko-atletika-9-150x150-1-100x100.jpg 100w, https:\/\/www.caths.cz\/wordpress\/wp-content\/uploads\/2021\/06\/me-polsko-atletika-9-150x150-1-120x120.jpg 120w\" sizes=\"auto, (max-width: 150px) 100vw, 150px\" \/><\/figure>\n\n\n\n<figure class=\"wp-block-image size-large\"><img loading=\"lazy\" decoding=\"async\" width=\"150\" height=\"150\" src=\"https:\/\/www.caths.cz\/wordpress\/wp-content\/uploads\/2021\/06\/me-polsko-atletika-10-150x150-1.jpg\" alt=\"\" class=\"wp-image-29246\" srcset=\"https:\/\/www.caths.cz\/wordpress\/wp-content\/uploads\/2021\/06\/me-polsko-atletika-10-150x150-1.jpg 150w, https:\/\/www.caths.cz\/wordpress\/wp-content\/uploads\/2021\/06\/me-polsko-atletika-10-150x150-1-100x100.jpg 100w, https:\/\/www.caths.cz\/wordpress\/wp-content\/uploads\/2021\/06\/me-polsko-atletika-10-150x150-1-120x120.jpg 120w\" sizes=\"auto, (max-width: 150px) 100vw, 150px\" \/><\/figure>\n\n\n\n<figure class=\"wp-block-image size-large\"><img loading=\"lazy\" decoding=\"async\" width=\"150\" height=\"150\" src=\"https:\/\/www.caths.cz\/wordpress\/wp-content\/uploads\/2021\/06\/me-polsko-atletika-11-150x150-1.jpg\" alt=\"\" class=\"wp-image-29247\" srcset=\"https:\/\/www.caths.cz\/wordpress\/wp-content\/uploads\/2021\/06\/me-polsko-atletika-11-150x150-1.jpg 150w, https:\/\/www.caths.cz\/wordpress\/wp-content\/uploads\/2021\/06\/me-polsko-atletika-11-150x150-1-100x100.jpg 100w, https:\/\/www.caths.cz\/wordpress\/wp-content\/uploads\/2021\/06\/me-polsko-atletika-11-150x150-1-120x120.jpg 120w\" sizes=\"auto, (max-width: 150px) 100vw, 150px\" \/><\/figure>\n\n\n\n<figure class=\"wp-block-image size-large\"><img loading=\"lazy\" decoding=\"async\" width=\"150\" height=\"150\" src=\"https:\/\/www.caths.cz\/wordpress\/wp-content\/uploads\/2021\/06\/me-polsko-atletika-14-150x150-1.jpg\" alt=\"\" class=\"wp-image-29248\" srcset=\"https:\/\/www.caths.cz\/wordpress\/wp-content\/uploads\/2021\/06\/me-polsko-atletika-14-150x150-1.jpg 150w, https:\/\/www.caths.cz\/wordpress\/wp-content\/uploads\/2021\/06\/me-polsko-atletika-14-150x150-1-100x100.jpg 100w, https:\/\/www.caths.cz\/wordpress\/wp-content\/uploads\/2021\/06\/me-polsko-atletika-14-150x150-1-120x120.jpg 120w\" sizes=\"auto, (max-width: 150px) 100vw, 150px\" \/><\/figure>\n\n\n\n<figure class=\"wp-block-image size-large\"><img loading=\"lazy\" decoding=\"async\" width=\"150\" height=\"150\" src=\"https:\/\/www.caths.cz\/wordpress\/wp-content\/uploads\/2021\/06\/me-polsko-atletika-15-150x150-1.jpg\" alt=\"\" class=\"wp-image-29249\" srcset=\"https:\/\/www.caths.cz\/wordpress\/wp-content\/uploads\/2021\/06\/me-polsko-atletika-15-150x150-1.jpg 150w, https:\/\/www.caths.cz\/wordpress\/wp-content\/uploads\/2021\/06\/me-polsko-atletika-15-150x150-1-100x100.jpg 100w, https:\/\/www.caths.cz\/wordpress\/wp-content\/uploads\/2021\/06\/me-polsko-atletika-15-150x150-1-120x120.jpg 120w\" sizes=\"auto, (max-width: 150px) 100vw, 150px\" \/><\/figure>\n","protected":false},"excerpt":{"rendered":"<a href=\"https:\/\/www.caths.cz\/wordpress\/uspesne-mistrovstvi-evropy-v-polsku-cesi-privezli-domu-osm-cennych-kovu\/\"><img width=\"100\" height=\"100\" src=\"https:\/\/www.caths.cz\/wordpress\/wp-content\/uploads\/2021\/06\/me-polsko-atletika-1-kopie-1024x576-1-100x100.jpg\" class=\"alignleft tfe wp-post-image\" alt=\"\" decoding=\"async\" loading=\"lazy\" srcset=\"https:\/\/www.caths.cz\/wordpress\/wp-content\/uploads\/2021\/06\/me-polsko-atletika-1-kopie-1024x576-1-100x100.jpg 100w, https:\/\/www.caths.cz\/wordpress\/wp-content\/uploads\/2021\/06\/me-polsko-atletika-1-kopie-1024x576-1-150x150.jpg 150w\" sizes=\"auto, (max-width: 100px) 100vw, 100px\" \/><\/a><p>Atleti i p\u0159esto, \u017ee\u00a0 podm\u00ednky pro tr\u00e9nov\u00e1n\u00ed nem\u011bli ide\u00e1ln\u00ed vzhledem ke Coronaviru ostudu na Mistrovstv\u00ed Evropy\u00a0 v Polsk\u00e9\u00a0Bydgoszczi\u00a0neud\u011blali a vybojovali celkem 4 zlat\u00e9 medaile, 3 st\u0159\u00edbrn\u00e9 a 1 bronzovou a [&hellip;]<\/p>\n","protected":false},"author":1,"featured_media":29238,"comment_status":"closed","ping_status":"closed","sticky":false,"template":"","format":"standard","meta":{"ngg_post_thumbnail":0,"footnotes":""},"categories":[5],"tags":[],"class_list":["post-29237","post","type-post","status-publish","format-standard","has-post-thumbnail","hentry","category-atletika"],"_links":{"self":[{"href":"https:\/\/www.caths.cz\/wordpress\/wp-json\/wp\/v2\/posts\/29237","targetHints":{"allow":["GET"]}}],"collection":[{"href":"https:\/\/www.caths.cz\/wordpress\/wp-json\/wp\/v2\/posts"}],"about":[{"href":"https:\/\/www.caths.cz\/wordpress\/wp-json\/wp\/v2\/types\/post"}],"author":[{"embeddable":true,"href":"https:\/\/www.caths.cz\/wordpress\/wp-json\/wp\/v2\/users\/1"}],"replies":[{"embeddable":true,"href":"https:\/\/www.caths.cz\/wordpress\/wp-json\/wp\/v2\/comments?post=29237"}],"version-history":[{"count":2,"href":"https:\/\/www.caths.cz\/wordpress\/wp-json\/wp\/v2\/posts\/29237\/revisions"}],"predecessor-version":[{"id":29261,"href":"https:\/\/www.caths.cz\/wordpress\/wp-json\/wp\/v2\/posts\/29237\/revisions\/29261"}],"wp:featuredmedia":[{"embeddable":true,"href":"https:\/\/www.caths.cz\/wordpress\/wp-json\/wp\/v2\/media\/29238"}],"wp:attachment":[{"href":"https:\/\/www.caths.cz\/wordpress\/wp-json\/wp\/v2\/media?parent=29237"}],"wp:term":[{"taxonomy":"category","embeddable":true,"href":"https:\/\/www.caths.cz\/wordpress\/wp-json\/wp\/v2\/categories?post=29237"},{"taxonomy":"post_tag","embeddable":true,"href":"https:\/\/www.caths.cz\/wordpress\/wp-json\/wp\/v2\/tags?post=29237"}],"curies":[{"name":"wp","href":"https:\/\/api.w.org\/{rel}","templated":true}]}}