{"id":29230,"date":"2021-05-31T19:42:26","date_gmt":"2021-05-31T18:42:26","guid":{"rendered":"https:\/\/www.caths.cz\/wordpress\/?p=29230"},"modified":"2021-05-31T19:42:26","modified_gmt":"2021-05-31T18:42:26","slug":"mistrovstvi-evropy-bydgoszcz-2021-zitra-zaciname","status":"publish","type":"post","link":"https:\/\/www.caths.cz\/wordpress\/mistrovstvi-evropy-bydgoszcz-2021-zitra-zaciname\/","title":{"rendered":"Mistrovstv\u00ed Evropy Bydgoszcz 2021 &#8211; z\u00edtra za\u010d\u00edn\u00e1me!!"},"content":{"rendered":"\n<figure class=\"wp-block-gallery columns-1 is-cropped wp-block-gallery-1 is-layout-flex wp-block-gallery-is-layout-flex\"><ul class=\"blocks-gallery-grid\"><li class=\"blocks-gallery-item\"><figure><img loading=\"lazy\" decoding=\"async\" width=\"1024\" height=\"609\" src=\"https:\/\/www.caths.cz\/wordpress\/wp-content\/uploads\/2021\/05\/DSC_0194-1024x609.jpg\" alt=\"\" data-id=\"29231\" data-full-url=\"https:\/\/www.caths.cz\/wordpress\/wp-content\/uploads\/2021\/05\/DSC_0194-scaled.jpg\" data-link=\"https:\/\/www.caths.cz\/wordpress\/?attachment_id=29231#main\" class=\"wp-image-29231\" srcset=\"https:\/\/www.caths.cz\/wordpress\/wp-content\/uploads\/2021\/05\/DSC_0194-1024x609.jpg 1024w, https:\/\/www.caths.cz\/wordpress\/wp-content\/uploads\/2021\/05\/DSC_0194-300x179.jpg 300w, https:\/\/www.caths.cz\/wordpress\/wp-content\/uploads\/2021\/05\/DSC_0194-768x457.jpg 768w, https:\/\/www.caths.cz\/wordpress\/wp-content\/uploads\/2021\/05\/DSC_0194-1536x914.jpg 1536w, https:\/\/www.caths.cz\/wordpress\/wp-content\/uploads\/2021\/05\/DSC_0194-2048x1219.jpg 2048w, https:\/\/www.caths.cz\/wordpress\/wp-content\/uploads\/2021\/05\/DSC_0194-120x71.jpg 120w\" sizes=\"auto, (max-width: 1024px) 100vw, 1024px\" \/><\/figure><\/li><\/ul><\/figure>\n\n\n\n<figure class=\"wp-block-gallery columns-1 is-cropped wp-block-gallery-2 is-layout-flex wp-block-gallery-is-layout-flex\"><ul class=\"blocks-gallery-grid\"><li class=\"blocks-gallery-item\"><figure><img loading=\"lazy\" decoding=\"async\" width=\"1024\" height=\"768\" src=\"https:\/\/www.caths.cz\/wordpress\/wp-content\/uploads\/2021\/05\/IMG_0427-1024x768.jpg\" alt=\"\" data-id=\"29232\" data-full-url=\"https:\/\/www.caths.cz\/wordpress\/wp-content\/uploads\/2021\/05\/IMG_0427-scaled.jpg\" data-link=\"https:\/\/www.caths.cz\/wordpress\/?attachment_id=29232#main\" class=\"wp-image-29232\" srcset=\"https:\/\/www.caths.cz\/wordpress\/wp-content\/uploads\/2021\/05\/IMG_0427-1024x768.jpg 1024w, https:\/\/www.caths.cz\/wordpress\/wp-content\/uploads\/2021\/05\/IMG_0427-300x225.jpg 300w, https:\/\/www.caths.cz\/wordpress\/wp-content\/uploads\/2021\/05\/IMG_0427-768x576.jpg 768w, https:\/\/www.caths.cz\/wordpress\/wp-content\/uploads\/2021\/05\/IMG_0427-1536x1152.jpg 1536w, https:\/\/www.caths.cz\/wordpress\/wp-content\/uploads\/2021\/05\/IMG_0427-2048x1536.jpg 2048w, https:\/\/www.caths.cz\/wordpress\/wp-content\/uploads\/2021\/05\/IMG_0427-120x90.jpg 120w\" sizes=\"auto, (max-width: 1024px) 100vw, 1024px\" \/><\/figure><\/li><\/ul><\/figure>\n\n\n\n<p>1.6.<\/p>\n\n\n\n<p>Dole\u017eel Mat\u011bj \u2013 koule \u2013 10:50<\/p>\n\n\n\n<p>Serbus Franti\u0161ek \u2013 ku\u017eelka \u2013 18:28<\/p>\n\n\n\n<p>\u0160imonov\u00e1 Martina \u2013 disk \u2013 10:08<\/p>\n\n\n\n<p>Datinsk\u00e1 Eva \u2013 disk \u2013 17:30<\/p>\n\n\n\n<p>2.6.<\/p>\n\n\n\n<p>Enge Michal, B\u011ble\u0161 Radim, Zach Martin \u2013 ku\u017eelka \u2013 10:04<\/p>\n\n\n\n<p>Obrov\u00e1 Miroslava \u2013 koule \u2013 10:08<\/p>\n\n\n\n<p>Kacanu Eva \u2013 koule \u2013 11:10<\/p>\n\n\n\n<p>Kukla Martin, Vr\u00e1til Petr, Vimmer Michal, Kohout Ji\u0159\u00ed \u2013 o\u0161t\u011bp \u2013 11:25<\/p>\n\n\n\n<p>Petrou\u0161 Jaroslav \u2013 o\u0161t\u011bp \u2013 17:34<\/p>\n\n\n\n<p>Martin Dvo\u0159\u00e1k, Marek Douda \u2013 koule \u2013 17:30<\/p>\n\n\n\n<p>3.6.<\/p>\n\n\n\n<p>Muzikov\u00e1 Anna \u2013 ku\u017eelka \u2013 10:04<\/p>\n\n\n\n<p>Bro\u017e Jaroslav, Kis\u00fd Ale\u0161 \u2013 koule \u2013 10:12<\/p>\n\n\n\n<p>Jakschov\u00e1 Tereza \u2013 200 m \u2013 11:30<\/p>\n\n\n\n<p>Kukla Martin \u2013 koule \u2013 17:38<\/p>\n\n\n\n<p>Obrov\u00e1 Miroslava \u2013 o\u0161t\u011bp \u2013 18:08<\/p>\n\n\n\n<p>Mo\u0161t\u011bk Jan \u2013 400m \u2013 19:20<\/p>\n\n\n\n<p>Datinsk\u00e1 Eva \u2013 koule \u2013 12:00<\/p>\n\n\n\n<p>Michal Vimmer, Michal Pallag \u2013 koule \u2013 17:38<\/p>\n\n\n\n<p>4.6.<\/p>\n\n\n\n<p>Varto\u0148 Filip \u2013 disk \u2013 10:08<\/p>\n\n\n\n<p>Marek Douda, Martin Dvo\u0159\u00e1k \u2013 o\u0161t\u011bp \u2013 10:00<\/p>\n\n\n\n<p>5.6.<\/p>\n\n\n\n<p>Jakschov\u00e1 Tereza \u2013 100m \u2013 18:08<\/p>\n\n\n\n<p>Kacanu Eva \u2013 o\u0161t\u011bp \u2013 18:41<\/p>\n\n\n\n<p>Michal Vimmer, Michal Pallag, Kohout Ji\u0159\u00ed \u2013 disk \u2013 10:04<\/p>\n\n\n\n<p>Anna Luxov\u00e1 \u2013 koule \u2013 11:40<\/p>\n\n\n\n<p>Adam\u010d\u00edk Martin \u2013 koule \u2013 17:34<\/p>\n\n\n\n<p>Online v\u00fdsledky a startovn\u00ed listiny lze nal\u00e9zt zde:<\/p>\n\n\n\n<p><a href=\"https:\/\/www.paralympic.org\/bydgoszcz-2021\/results\/info-live-results\/ATBY21\/eng\/zz\/ZZS158A_ATBY21AT@@@@@@@ENG.htm\">https:\/\/www.paralympic.org\/bydgoszcz-2021\/results\/info-live-results\/ATBY21\/eng\/zz\/ZZS158A_ATBY21AT@@@@@@@ENG.htm<\/a><\/p>\n\n\n\n<p>Sledovat p\u0159\u00edm\u00e9 p\u0159enosy bude mo\u017en\u00e9 na:<\/p>\n\n\n\n<p><a href=\"https:\/\/www.paralympic.org\/\">https:\/\/www.paralympic.org\/<\/a><\/p>\n","protected":false},"excerpt":{"rendered":"<a href=\"https:\/\/www.caths.cz\/wordpress\/mistrovstvi-evropy-bydgoszcz-2021-zitra-zaciname\/\"><img width=\"100\" height=\"100\" src=\"https:\/\/www.caths.cz\/wordpress\/wp-content\/uploads\/2021\/05\/DSC_0194-100x100.jpg\" class=\"alignleft tfe wp-post-image\" alt=\"\" decoding=\"async\" loading=\"lazy\" srcset=\"https:\/\/www.caths.cz\/wordpress\/wp-content\/uploads\/2021\/05\/DSC_0194-100x100.jpg 100w, https:\/\/www.caths.cz\/wordpress\/wp-content\/uploads\/2021\/05\/DSC_0194-150x150.jpg 150w\" sizes=\"auto, (max-width: 100px) 100vw, 100px\" \/><\/a><p>1.6. Dole\u017eel Mat\u011bj \u2013 koule \u2013 10:50 Serbus Franti\u0161ek \u2013 ku\u017eelka \u2013 18:28 \u0160imonov\u00e1 Martina \u2013 disk \u2013 10:08 Datinsk\u00e1 Eva \u2013 disk \u2013 17:30 2.6. Enge Michal, B\u011ble\u0161 Radim, [&hellip;]<\/p>\n","protected":false},"author":1,"featured_media":29231,"comment_status":"closed","ping_status":"closed","sticky":false,"template":"","format":"standard","meta":{"ngg_post_thumbnail":0,"footnotes":""},"categories":[5],"tags":[],"class_list":["post-29230","post","type-post","status-publish","format-standard","has-post-thumbnail","hentry","category-atletika"],"_links":{"self":[{"href":"https:\/\/www.caths.cz\/wordpress\/wp-json\/wp\/v2\/posts\/29230","targetHints":{"allow":["GET"]}}],"collection":[{"href":"https:\/\/www.caths.cz\/wordpress\/wp-json\/wp\/v2\/posts"}],"about":[{"href":"https:\/\/www.caths.cz\/wordpress\/wp-json\/wp\/v2\/types\/post"}],"author":[{"embeddable":true,"href":"https:\/\/www.caths.cz\/wordpress\/wp-json\/wp\/v2\/users\/1"}],"replies":[{"embeddable":true,"href":"https:\/\/www.caths.cz\/wordpress\/wp-json\/wp\/v2\/comments?post=29230"}],"version-history":[{"count":1,"href":"https:\/\/www.caths.cz\/wordpress\/wp-json\/wp\/v2\/posts\/29230\/revisions"}],"predecessor-version":[{"id":29233,"href":"https:\/\/www.caths.cz\/wordpress\/wp-json\/wp\/v2\/posts\/29230\/revisions\/29233"}],"wp:featuredmedia":[{"embeddable":true,"href":"https:\/\/www.caths.cz\/wordpress\/wp-json\/wp\/v2\/media\/29231"}],"wp:attachment":[{"href":"https:\/\/www.caths.cz\/wordpress\/wp-json\/wp\/v2\/media?parent=29230"}],"wp:term":[{"taxonomy":"category","embeddable":true,"href":"https:\/\/www.caths.cz\/wordpress\/wp-json\/wp\/v2\/categories?post=29230"},{"taxonomy":"post_tag","embeddable":true,"href":"https:\/\/www.caths.cz\/wordpress\/wp-json\/wp\/v2\/tags?post=29230"}],"curies":[{"name":"wp","href":"https:\/\/api.w.org\/{rel}","templated":true}]}}