{"id":29180,"date":"2021-05-08T21:56:13","date_gmt":"2021-05-08T20:56:13","guid":{"rendered":"https:\/\/www.caths.cz\/wordpress\/?p=29180"},"modified":"2021-05-08T21:58:24","modified_gmt":"2021-05-08T20:58:24","slug":"fantazie-patrik-jahoda-na-sp-v-ostende-zajel-vynikajici-silnicni-zavod-a-ziskal-pro-cr-bronz","status":"publish","type":"post","link":"https:\/\/www.caths.cz\/wordpress\/fantazie-patrik-jahoda-na-sp-v-ostende-zajel-vynikajici-silnicni-zavod-a-ziskal-pro-cr-bronz\/","title":{"rendered":"Fantazie! Patrik Jahoda na SP v Ostende zajel vynikaj\u00edc\u00ed silni\u010dn\u00ed z\u00e1vod a z\u00edskal pro \u010cR bronz!!"},"content":{"rendered":"\n<p>Velmi de\u0161tiv\u00fd den \u010dekal na\u0161e reprezentanty v Belgii. T\u0159et\u00ed den Sv\u011btov\u00e9ho poh\u00e1ru poprv\u00e9 uvedl silni\u010dn\u00ed z\u00e1vody.<\/p>\n\n\n\n<br>\n\n\n\n<p>Hned dopoledne ud\u011blal na\u0161im barv\u00e1m velkou radost Patrik Jahoda (MH1). Patrik byl po &#8222;bramborov\u00e9 \u010dasovce&#8220; odhodlan\u00fd z\u00edskat medaili a to se mu nakonec poda\u0159ilo a vybojoval kr\u00e1sn\u00fd bronz! &#8222;<em>Tento z\u00e1vod byl asi nejn\u00e1ro\u010dn\u011bj\u0161\u00ed v moj\u00ed kari\u00e9\u0159e. Startovalo se ve vytrval\u00e9m de\u0161ti, celkem siln\u00e9m v\u011btru a pocitov\u00e9 teplot\u011b cca 6\u00b0C. Sna\u017eil jsem se na to nemyslet, ale kdy\u017e v\u00edte, \u017ee va\u0161e t\u011blo nikdy nepracuje tak jak m\u00e1 v n\u00edzk\u00fdch teplot\u00e1ch, podv\u011bdom\u011b to v t\u00e9 hlav\u011b m\u00e1te furt. P\u0159i rozjet\u00ed p\u0159ed z\u00e1vodem jsem se c\u00edtil dob\u0159e, ale hned po startu mi bylo jasn\u00e9, \u017ee to bude sp\u00ed\u0161e boj o p\u0159e\u017eit\u00ed. V\u016fbec jsem se nemohl dostat do rytmu a musel jsem sledovat, jak mi z\u00e1vodn\u00edci uj\u00ed\u017ed\u00ed. P\u0159ibli\u017en\u011b v polovin\u011b z\u00e1vodu jsem se pohyboval na 5. &#8211; 6. p\u0159\u00ed\u010dce a opravdu velmi v\u00e1\u017en\u011b jsem zva\u017eoval, \u017ee z\u00e1vod vzd\u00e1m, proto\u017ee ruce se v\u016fbec neto\u010dily. Na\u0161t\u011bst\u00ed i tak nebyl odstup na 3. m\u00edsto nijak velk\u00fd, maxim\u00e1ln\u011b minuta a p\u016fl. V p\u0159edposledn\u00edm kole se v\u0161e oto\u010dilo. Z\u00e1vodn\u00edci p\u0159ede mnou za\u010dali odpadat a za\u010dal zrychlovat. Na za\u010d\u00e1tku posledn\u00edho kola jsem dojel odv\u011bk\u00e9ho rivala Polviho z Finska a bylo vid\u011bt, \u017ee toho m\u00e1 pln\u00e9 zuby, tak\u017ee se ani nesna\u017eil m\u011b zachytit. Nedlouho pot\u00e9 jsem dojel \u0160v\u00fdcara Tuora a situace se opakovala. Byl jsem tak ztuhl\u00fd, \u017ee z\u00e1v\u011bre\u010dn\u00fd sprint by dopadl hrozn\u011b, tak jsem jel st\u00e1le sv\u00e9 tempo. \u0160v\u00fdcar je\u0161t\u011b bojoval, ale postupn\u011b se za\u010dal vzdalovat a j\u00e1 si mohl sv\u00fdm tempem dojet pro bronz.<\/em>&#8222;<\/p>\n\n\n\n<br>\n\n\n\n<p>Obrovsk\u00fd kus sm\u016fly si vybrala Kate\u0159ina Anto\u0161ov\u00e1 (WH3) &#8211; kv\u016fli defektu, kter\u00fd vznikl vinou soupe\u0159ky. Ta do Katky p\u0159i z\u00e1vod\u011b najela a poni\u010dila jej\u00ed handbike. Musela tud\u00ed\u017e odstoupit ze z\u00e1vodu, ve kter\u00e9m dr\u017eela druhou p\u0159\u00ed\u010dku a jela si pro st\u0159\u00edbro.<\/p>\n\n\n\n<br>\n\n\n\n<p>V\u00fdznamn\u00e9 zlep\u0161en\u00ed zaznamenal Va\u0161ek Antal (MH3). Va\u0161ek uzav\u00edral dne\u0161n\u00ed n\u00e1ro\u010dn\u00fd den odpoledn\u00edm silni\u010dn\u00edm z\u00e1vodem a oproti \u010dasovce vypadal na trati daleko sebev\u011bdom\u011bj\u0161\u00ed a od za\u010d\u00e1tku se dr\u017eel na \u0161pici s vedouc\u00edmi z\u00e1vodn\u00edky. Nakonec vybojoval solidn\u00ed 17. p\u0159\u00ed\u010dku. &#8222;<em>Dnes jsem kone\u010dn\u011b c\u00edtil, \u017ee je t\u011blo schopn\u00e9 reagovat na vysokou intenzitu a z\u00e1vod jsem si kone\u010dn\u011b u\u017eil.<\/em>&#8220; Okomentoval Va\u0161ek sv\u016fj v\u00fdkon.<\/p>\n\n\n\n<br>\n\n\n\n<p>Z\u00edtra n\u00e1s \u010dek\u00e1 posledn\u00ed den Sv\u011btov\u00e9ho poh\u00e1ru. V 17:02 se na start silni\u010dn\u00edho z\u00e1vodu postav\u00ed Ivo Koblasa a Michal Stark &#8211; 2 reprezenta\u010dn\u00ed par\u0165\u00e1ci z kategorie C2. Zakon\u010d\u00ed na\u0161e v\u00fdprava Belgickou misi dal\u0161\u00edm cenn\u00fdm kovem?<\/p>\n\n\n\n<br>\n\n\n\n<div class=\"wp-block-file\"><a href=\"https:\/\/www.caths.cz\/wordpress\/wp-content\/uploads\/2021\/05\/C53-ROAD-R-MH1.pdf\"><strong>V\u00fdsledky<\/strong> z dne\u0161n\u00edho silni\u010dn\u00edho z\u00e1vodu <strong>MH1<\/strong>:<\/a><a href=\"https:\/\/www.caths.cz\/wordpress\/wp-content\/uploads\/2021\/05\/C53-ROAD-R-MH1.pdf\" class=\"wp-block-file__button\" download>St\u00e1hnout<\/a><\/div>\n\n\n\n<div class=\"wp-block-file\"><a href=\"https:\/\/www.caths.cz\/wordpress\/wp-content\/uploads\/2021\/05\/C61-ROAD-R-MH3.pdf\"><strong>V\u00fdsledky<\/strong> z dne\u0161n\u00edho silni\u010dn\u00edho z\u00e1vodu <strong>MH3<\/strong>:<\/a><a href=\"https:\/\/www.caths.cz\/wordpress\/wp-content\/uploads\/2021\/05\/C61-ROAD-R-MH3.pdf\" class=\"wp-block-file__button\" download>St\u00e1hnout<\/a><\/div>\n\n\n\n<p>Ostatn\u00ed v\u00fdsledky (+ startovn\u00ed listiny na z\u00edt\u0159ej\u0161\u00ed silni\u010dn\u00ed z\u00e1vod MC2 zde: <a href=\"http:\/\/www.rsstiming.com\/Resultats\/UCIParacycling.htm\">http:\/\/www.rsstiming.com\/Resultats\/UCIParacycling.htm<\/a><\/p>\n\n\n\n<br>\n\n\n\n<p><em>Fotogalerie:<\/em><\/p>\n\n\n\n<figure class=\"wp-block-image size-large\"><img loading=\"lazy\" decoding=\"async\" width=\"1024\" height=\"795\" src=\"https:\/\/www.caths.cz\/wordpress\/wp-content\/uploads\/2021\/05\/WhatsApp-Image-2021-05-08-at-13.02.25-1024x795.jpeg\" alt=\"\" class=\"wp-image-29183\" srcset=\"https:\/\/www.caths.cz\/wordpress\/wp-content\/uploads\/2021\/05\/WhatsApp-Image-2021-05-08-at-13.02.25-1024x795.jpeg 1024w, https:\/\/www.caths.cz\/wordpress\/wp-content\/uploads\/2021\/05\/WhatsApp-Image-2021-05-08-at-13.02.25-300x233.jpeg 300w, https:\/\/www.caths.cz\/wordpress\/wp-content\/uploads\/2021\/05\/WhatsApp-Image-2021-05-08-at-13.02.25-768x596.jpeg 768w, https:\/\/www.caths.cz\/wordpress\/wp-content\/uploads\/2021\/05\/WhatsApp-Image-2021-05-08-at-13.02.25-1536x1192.jpeg 1536w, https:\/\/www.caths.cz\/wordpress\/wp-content\/uploads\/2021\/05\/WhatsApp-Image-2021-05-08-at-13.02.25-120x93.jpeg 120w, https:\/\/www.caths.cz\/wordpress\/wp-content\/uploads\/2021\/05\/WhatsApp-Image-2021-05-08-at-13.02.25.jpeg 1600w\" sizes=\"auto, (max-width: 1024px) 100vw, 1024px\" \/><figcaption>Patrik Jahoda se soupe\u0159em z USA<\/figcaption><\/figure>\n\n\n\n<figure class=\"wp-block-image size-large\"><img loading=\"lazy\" decoding=\"async\" width=\"637\" height=\"1024\" src=\"https:\/\/www.caths.cz\/wordpress\/wp-content\/uploads\/2021\/05\/WhatsApp-Image-2021-05-08-at-13.02.27-637x1024.jpeg\" alt=\"\" class=\"wp-image-29184\" srcset=\"https:\/\/www.caths.cz\/wordpress\/wp-content\/uploads\/2021\/05\/WhatsApp-Image-2021-05-08-at-13.02.27-637x1024.jpeg 637w, https:\/\/www.caths.cz\/wordpress\/wp-content\/uploads\/2021\/05\/WhatsApp-Image-2021-05-08-at-13.02.27-187x300.jpeg 187w, https:\/\/www.caths.cz\/wordpress\/wp-content\/uploads\/2021\/05\/WhatsApp-Image-2021-05-08-at-13.02.27-768x1234.jpeg 768w, https:\/\/www.caths.cz\/wordpress\/wp-content\/uploads\/2021\/05\/WhatsApp-Image-2021-05-08-at-13.02.27-956x1536.jpeg 956w, https:\/\/www.caths.cz\/wordpress\/wp-content\/uploads\/2021\/05\/WhatsApp-Image-2021-05-08-at-13.02.27-75x120.jpeg 75w, https:\/\/www.caths.cz\/wordpress\/wp-content\/uploads\/2021\/05\/WhatsApp-Image-2021-05-08-at-13.02.27.jpeg 996w\" sizes=\"auto, (max-width: 637px) 100vw, 637px\" \/><figcaption>Patrik p\u0159i z\u00e1b\u011bru z v\u00fd\u0161ky<\/figcaption><\/figure>\n\n\n\n<figure class=\"wp-block-image size-large\"><img loading=\"lazy\" decoding=\"async\" width=\"1024\" height=\"576\" src=\"https:\/\/www.caths.cz\/wordpress\/wp-content\/uploads\/2021\/05\/WhatsApp-Image-2021-05-08-at-14.08.31-1024x576.jpeg\" alt=\"\" class=\"wp-image-29185\" srcset=\"https:\/\/www.caths.cz\/wordpress\/wp-content\/uploads\/2021\/05\/WhatsApp-Image-2021-05-08-at-14.08.31-1024x576.jpeg 1024w, https:\/\/www.caths.cz\/wordpress\/wp-content\/uploads\/2021\/05\/WhatsApp-Image-2021-05-08-at-14.08.31-300x169.jpeg 300w, https:\/\/www.caths.cz\/wordpress\/wp-content\/uploads\/2021\/05\/WhatsApp-Image-2021-05-08-at-14.08.31-768x432.jpeg 768w, https:\/\/www.caths.cz\/wordpress\/wp-content\/uploads\/2021\/05\/WhatsApp-Image-2021-05-08-at-14.08.31-1536x864.jpeg 1536w, https:\/\/www.caths.cz\/wordpress\/wp-content\/uploads\/2021\/05\/WhatsApp-Image-2021-05-08-at-14.08.31-120x68.jpeg 120w, https:\/\/www.caths.cz\/wordpress\/wp-content\/uploads\/2021\/05\/WhatsApp-Image-2021-05-08-at-14.08.31.jpeg 1600w\" sizes=\"auto, (max-width: 1024px) 100vw, 1024px\" \/><figcaption>Vyhl\u00e1\u0161en\u00ed v\u00edt\u011bz\u016f silni\u010dn\u00edho z\u00e1vodu MH1 (Patrik Jahoda vpravo)<\/figcaption><\/figure>\n\n\n\n<figure class=\"wp-block-image size-large\"><img loading=\"lazy\" decoding=\"async\" width=\"1024\" height=\"746\" src=\"https:\/\/www.caths.cz\/wordpress\/wp-content\/uploads\/2021\/05\/WhatsApp-Image-2021-05-08-at-13.02.30-1024x746.jpeg\" alt=\"\" class=\"wp-image-29187\" srcset=\"https:\/\/www.caths.cz\/wordpress\/wp-content\/uploads\/2021\/05\/WhatsApp-Image-2021-05-08-at-13.02.30-1024x746.jpeg 1024w, https:\/\/www.caths.cz\/wordpress\/wp-content\/uploads\/2021\/05\/WhatsApp-Image-2021-05-08-at-13.02.30-300x219.jpeg 300w, https:\/\/www.caths.cz\/wordpress\/wp-content\/uploads\/2021\/05\/WhatsApp-Image-2021-05-08-at-13.02.30-768x560.jpeg 768w, https:\/\/www.caths.cz\/wordpress\/wp-content\/uploads\/2021\/05\/WhatsApp-Image-2021-05-08-at-13.02.30-1536x1119.jpeg 1536w, https:\/\/www.caths.cz\/wordpress\/wp-content\/uploads\/2021\/05\/WhatsApp-Image-2021-05-08-at-13.02.30-120x87.jpeg 120w, https:\/\/www.caths.cz\/wordpress\/wp-content\/uploads\/2021\/05\/WhatsApp-Image-2021-05-08-at-13.02.30.jpeg 1600w\" sizes=\"auto, (max-width: 1024px) 100vw, 1024px\" \/><figcaption>Patrik v c\u00edlov\u00e9 rovince<\/figcaption><\/figure>\n\n\n\n<figure class=\"wp-block-image size-large\"><img loading=\"lazy\" decoding=\"async\" width=\"1024\" height=\"498\" src=\"https:\/\/www.caths.cz\/wordpress\/wp-content\/uploads\/2021\/05\/WhatsApp-Image-2021-05-08-at-22.20.20-1-1024x498.jpeg\" alt=\"\" class=\"wp-image-29188\" srcset=\"https:\/\/www.caths.cz\/wordpress\/wp-content\/uploads\/2021\/05\/WhatsApp-Image-2021-05-08-at-22.20.20-1-1024x498.jpeg 1024w, https:\/\/www.caths.cz\/wordpress\/wp-content\/uploads\/2021\/05\/WhatsApp-Image-2021-05-08-at-22.20.20-1-300x146.jpeg 300w, https:\/\/www.caths.cz\/wordpress\/wp-content\/uploads\/2021\/05\/WhatsApp-Image-2021-05-08-at-22.20.20-1-768x373.jpeg 768w, https:\/\/www.caths.cz\/wordpress\/wp-content\/uploads\/2021\/05\/WhatsApp-Image-2021-05-08-at-22.20.20-1-1536x747.jpeg 1536w, https:\/\/www.caths.cz\/wordpress\/wp-content\/uploads\/2021\/05\/WhatsApp-Image-2021-05-08-at-22.20.20-1-120x58.jpeg 120w, https:\/\/www.caths.cz\/wordpress\/wp-content\/uploads\/2021\/05\/WhatsApp-Image-2021-05-08-at-22.20.20-1.jpeg 1600w\" sizes=\"auto, (max-width: 1024px) 100vw, 1024px\" \/><figcaption>V\u00e1clav Antal<\/figcaption><\/figure>\n\n\n\n<figure class=\"wp-block-image size-large\"><img loading=\"lazy\" decoding=\"async\" width=\"1024\" height=\"576\" src=\"https:\/\/www.caths.cz\/wordpress\/wp-content\/uploads\/2021\/05\/WhatsApp-Image-2021-05-08-at-22.49.37-1024x576.jpeg\" alt=\"\" class=\"wp-image-29189\" srcset=\"https:\/\/www.caths.cz\/wordpress\/wp-content\/uploads\/2021\/05\/WhatsApp-Image-2021-05-08-at-22.49.37-1024x576.jpeg 1024w, https:\/\/www.caths.cz\/wordpress\/wp-content\/uploads\/2021\/05\/WhatsApp-Image-2021-05-08-at-22.49.37-300x169.jpeg 300w, https:\/\/www.caths.cz\/wordpress\/wp-content\/uploads\/2021\/05\/WhatsApp-Image-2021-05-08-at-22.49.37-768x432.jpeg 768w, https:\/\/www.caths.cz\/wordpress\/wp-content\/uploads\/2021\/05\/WhatsApp-Image-2021-05-08-at-22.49.37-1536x864.jpeg 1536w, https:\/\/www.caths.cz\/wordpress\/wp-content\/uploads\/2021\/05\/WhatsApp-Image-2021-05-08-at-22.49.37-120x68.jpeg 120w, https:\/\/www.caths.cz\/wordpress\/wp-content\/uploads\/2021\/05\/WhatsApp-Image-2021-05-08-at-22.49.37.jpeg 1600w\" sizes=\"auto, (max-width: 1024px) 100vw, 1024px\" \/><figcaption>Katka Anto\u0161ov\u00e1 (vzadu u plotu)<\/figcaption><\/figure>\n\n\n\n<p><\/p>\n","protected":false},"excerpt":{"rendered":"<a href=\"https:\/\/www.caths.cz\/wordpress\/fantazie-patrik-jahoda-na-sp-v-ostende-zajel-vynikajici-silnicni-zavod-a-ziskal-pro-cr-bronz\/\"><img width=\"100\" height=\"100\" src=\"https:\/\/www.caths.cz\/wordpress\/wp-content\/uploads\/2021\/05\/WhatsApp-Image-2021-05-08-at-14.08.31-100x100.jpeg\" class=\"alignleft tfe wp-post-image\" alt=\"\" decoding=\"async\" loading=\"lazy\" srcset=\"https:\/\/www.caths.cz\/wordpress\/wp-content\/uploads\/2021\/05\/WhatsApp-Image-2021-05-08-at-14.08.31-100x100.jpeg 100w, https:\/\/www.caths.cz\/wordpress\/wp-content\/uploads\/2021\/05\/WhatsApp-Image-2021-05-08-at-14.08.31-150x150.jpeg 150w\" sizes=\"auto, (max-width: 100px) 100vw, 100px\" \/><\/a><p>Velmi de\u0161tiv\u00fd den \u010dekal na\u0161e reprezentanty v Belgii. T\u0159et\u00ed den Sv\u011btov\u00e9ho poh\u00e1ru poprv\u00e9 uvedl silni\u010dn\u00ed z\u00e1vody. Hned dopoledne ud\u011blal na\u0161im barv\u00e1m velkou radost Patrik Jahoda (MH1). Patrik byl po &#8222;bramborov\u00e9 [&hellip;]<\/p>\n","protected":false},"author":1,"featured_media":29185,"comment_status":"closed","ping_status":"closed","sticky":false,"template":"","format":"standard","meta":{"ngg_post_thumbnail":0,"footnotes":""},"categories":[2,9],"tags":[],"class_list":["post-29180","post","type-post","status-publish","format-standard","has-post-thumbnail","hentry","category-cyklistika","category-handbike"],"_links":{"self":[{"href":"https:\/\/www.caths.cz\/wordpress\/wp-json\/wp\/v2\/posts\/29180","targetHints":{"allow":["GET"]}}],"collection":[{"href":"https:\/\/www.caths.cz\/wordpress\/wp-json\/wp\/v2\/posts"}],"about":[{"href":"https:\/\/www.caths.cz\/wordpress\/wp-json\/wp\/v2\/types\/post"}],"author":[{"embeddable":true,"href":"https:\/\/www.caths.cz\/wordpress\/wp-json\/wp\/v2\/users\/1"}],"replies":[{"embeddable":true,"href":"https:\/\/www.caths.cz\/wordpress\/wp-json\/wp\/v2\/comments?post=29180"}],"version-history":[{"count":2,"href":"https:\/\/www.caths.cz\/wordpress\/wp-json\/wp\/v2\/posts\/29180\/revisions"}],"predecessor-version":[{"id":29191,"href":"https:\/\/www.caths.cz\/wordpress\/wp-json\/wp\/v2\/posts\/29180\/revisions\/29191"}],"wp:featuredmedia":[{"embeddable":true,"href":"https:\/\/www.caths.cz\/wordpress\/wp-json\/wp\/v2\/media\/29185"}],"wp:attachment":[{"href":"https:\/\/www.caths.cz\/wordpress\/wp-json\/wp\/v2\/media?parent=29180"}],"wp:term":[{"taxonomy":"category","embeddable":true,"href":"https:\/\/www.caths.cz\/wordpress\/wp-json\/wp\/v2\/categories?post=29180"},{"taxonomy":"post_tag","embeddable":true,"href":"https:\/\/www.caths.cz\/wordpress\/wp-json\/wp\/v2\/tags?post=29180"}],"curies":[{"name":"wp","href":"https:\/\/api.w.org\/{rel}","templated":true}]}}