{"id":28627,"date":"2020-07-30T11:26:22","date_gmt":"2020-07-30T10:26:22","guid":{"rendered":"https:\/\/www.caths.cz\/wordpress\/?p=28627"},"modified":"2020-07-30T11:26:22","modified_gmt":"2020-07-30T10:26:22","slug":"tomas-pesek-nejlepsim-handicapovanym-sportovcem-roku-2019","status":"publish","type":"post","link":"https:\/\/www.caths.cz\/wordpress\/tomas-pesek-nejlepsim-handicapovanym-sportovcem-roku-2019\/","title":{"rendered":"Tom\u00e1\u0161 Pe\u0161ek nejlep\u0161\u00edm handicapovan\u00fdm sportovcem roku 2019!"},"content":{"rendered":"\n<p>Obh\u00e1jeno! Tom\u00e1\u0161 Pe\u0161ek po vele\u00fasp\u011b\u0161n\u00e9 sez\u00f3n\u011b 2019 zaslou\u017een\u011b obh\u00e1jil titul nejlep\u0161\u00edho handicapovan\u00e9ho sportovce \u010cR roku 2019.<\/p>\n\n\n\n<p>Tom\u00e1\u0161\u016fv \u017eivotn\u00ed \u00fasp\u011bch se odehr\u00e1l loni v \u0159\u00edjnu, kdy si z MS IPC v Sydney p\u0159ivezl zlatou medaili a titul mistra sv\u011bta.<\/p>\n\n\n\n<p>Druh\u00e9 m\u00edsto obsadila vynikaj\u00edc\u00ed ly\u017ea\u0159ka Tereza Kmochov\u00e1 a bronz pat\u0159\u00ed snowboardistovi Tom\u00e1\u0161ovi Pazderovi.<\/p>\n\n\n\n<p>Atlet Ale\u0161 Kis\u00fd obsadil kr\u00e1sn\u00e9 7. m\u00edsto.<\/p>\n\n\n\n<br>\n\n\n\n<p><strong>Report\u00e1\u017e<\/strong> z akce naleznete zde: <a href=\"https:\/\/paralympic.cz\/2020\/07\/tomas-pesek-obhajil-vitezstvi-v-ankete-nejlepsi-handicapovany-sportovec-roku\/\">https:\/\/paralympic.cz\/2020\/07\/tomas-pesek-obhajil-vitezstvi-v-ankete-nejlepsi-handicapovany-sportovec-roku\/<\/a><\/p>\n\n\n\n<p>Kompletn\u00ed <strong>fotogaleri\u00ed<\/strong> ze slavnostn\u00edho ve\u010dera zde: <a href=\"https:\/\/paralympic.cz\/2020\/07\/foto-slavnostni-vyhlaseni-nejlepsiho-handicapovaneho-sportovce-roku-1-cast\/\">https:\/\/paralympic.cz\/2020\/07\/foto-slavnostni-vyhlaseni-nejlepsiho-handicapovaneho-sportovce-roku-1-cast\/<\/a><\/p>\n\n\n\n<br>\n\n\n\n<p><em><strong>Fotogalerie<\/strong> (zdroj: \u010cesk\u00fd paralympijsk\u00fd v\u00fdbor, www.paralympic.cz)<\/em><\/p>\n\n\n\n<figure class=\"wp-block-image size-large\"><img loading=\"lazy\" decoding=\"async\" width=\"1024\" height=\"683\" src=\"https:\/\/www.caths.cz\/wordpress\/wp-content\/uploads\/2020\/07\/1Y1A1446-scaled-1-1024x683.jpg\" alt=\"\" class=\"wp-image-28628\" srcset=\"https:\/\/www.caths.cz\/wordpress\/wp-content\/uploads\/2020\/07\/1Y1A1446-scaled-1-1024x683.jpg 1024w, https:\/\/www.caths.cz\/wordpress\/wp-content\/uploads\/2020\/07\/1Y1A1446-scaled-1-300x200.jpg 300w, https:\/\/www.caths.cz\/wordpress\/wp-content\/uploads\/2020\/07\/1Y1A1446-scaled-1-768x512.jpg 768w, https:\/\/www.caths.cz\/wordpress\/wp-content\/uploads\/2020\/07\/1Y1A1446-scaled-1-1536x1024.jpg 1536w, https:\/\/www.caths.cz\/wordpress\/wp-content\/uploads\/2020\/07\/1Y1A1446-scaled-1-2048x1366.jpg 2048w, https:\/\/www.caths.cz\/wordpress\/wp-content\/uploads\/2020\/07\/1Y1A1446-scaled-1-120x80.jpg 120w\" sizes=\"auto, (max-width: 1024px) 100vw, 1024px\" \/><\/figure>\n\n\n\n<figure class=\"wp-block-image size-large\"><img loading=\"lazy\" decoding=\"async\" width=\"1024\" height=\"683\" src=\"https:\/\/www.caths.cz\/wordpress\/wp-content\/uploads\/2020\/07\/1Y1A1507-scaled-1-1024x683.jpg\" alt=\"\" class=\"wp-image-28629\" srcset=\"https:\/\/www.caths.cz\/wordpress\/wp-content\/uploads\/2020\/07\/1Y1A1507-scaled-1-1024x683.jpg 1024w, https:\/\/www.caths.cz\/wordpress\/wp-content\/uploads\/2020\/07\/1Y1A1507-scaled-1-300x200.jpg 300w, https:\/\/www.caths.cz\/wordpress\/wp-content\/uploads\/2020\/07\/1Y1A1507-scaled-1-768x512.jpg 768w, https:\/\/www.caths.cz\/wordpress\/wp-content\/uploads\/2020\/07\/1Y1A1507-scaled-1-1536x1024.jpg 1536w, https:\/\/www.caths.cz\/wordpress\/wp-content\/uploads\/2020\/07\/1Y1A1507-scaled-1-2048x1366.jpg 2048w, https:\/\/www.caths.cz\/wordpress\/wp-content\/uploads\/2020\/07\/1Y1A1507-scaled-1-120x80.jpg 120w\" sizes=\"auto, (max-width: 1024px) 100vw, 1024px\" \/><\/figure>\n\n\n\n<figure class=\"wp-block-image size-large\"><img loading=\"lazy\" decoding=\"async\" width=\"1024\" height=\"683\" src=\"https:\/\/www.caths.cz\/wordpress\/wp-content\/uploads\/2020\/07\/1Y1A1482-scaled-1-1024x683.jpg\" alt=\"\" class=\"wp-image-28630\" srcset=\"https:\/\/www.caths.cz\/wordpress\/wp-content\/uploads\/2020\/07\/1Y1A1482-scaled-1-1024x683.jpg 1024w, https:\/\/www.caths.cz\/wordpress\/wp-content\/uploads\/2020\/07\/1Y1A1482-scaled-1-300x200.jpg 300w, https:\/\/www.caths.cz\/wordpress\/wp-content\/uploads\/2020\/07\/1Y1A1482-scaled-1-768x512.jpg 768w, https:\/\/www.caths.cz\/wordpress\/wp-content\/uploads\/2020\/07\/1Y1A1482-scaled-1-1536x1024.jpg 1536w, https:\/\/www.caths.cz\/wordpress\/wp-content\/uploads\/2020\/07\/1Y1A1482-scaled-1-2048x1366.jpg 2048w, https:\/\/www.caths.cz\/wordpress\/wp-content\/uploads\/2020\/07\/1Y1A1482-scaled-1-120x80.jpg 120w\" sizes=\"auto, (max-width: 1024px) 100vw, 1024px\" \/><\/figure>\n\n\n\n<figure class=\"wp-block-image size-large\"><img loading=\"lazy\" decoding=\"async\" width=\"1024\" height=\"683\" src=\"https:\/\/www.caths.cz\/wordpress\/wp-content\/uploads\/2020\/07\/1Y1A1250-scaled-1-1024x683.jpg\" alt=\"\" class=\"wp-image-28631\" srcset=\"https:\/\/www.caths.cz\/wordpress\/wp-content\/uploads\/2020\/07\/1Y1A1250-scaled-1-1024x683.jpg 1024w, https:\/\/www.caths.cz\/wordpress\/wp-content\/uploads\/2020\/07\/1Y1A1250-scaled-1-300x200.jpg 300w, https:\/\/www.caths.cz\/wordpress\/wp-content\/uploads\/2020\/07\/1Y1A1250-scaled-1-768x512.jpg 768w, https:\/\/www.caths.cz\/wordpress\/wp-content\/uploads\/2020\/07\/1Y1A1250-scaled-1-1536x1024.jpg 1536w, https:\/\/www.caths.cz\/wordpress\/wp-content\/uploads\/2020\/07\/1Y1A1250-scaled-1-2048x1366.jpg 2048w, https:\/\/www.caths.cz\/wordpress\/wp-content\/uploads\/2020\/07\/1Y1A1250-scaled-1-120x80.jpg 120w\" sizes=\"auto, (max-width: 1024px) 100vw, 1024px\" \/><\/figure>\n\n\n\n<figure class=\"wp-block-image size-large\"><img loading=\"lazy\" decoding=\"async\" width=\"1024\" height=\"683\" src=\"https:\/\/www.caths.cz\/wordpress\/wp-content\/uploads\/2020\/07\/SPortovec-roku-1024x683.jpg\" alt=\"\" class=\"wp-image-28632\" srcset=\"https:\/\/www.caths.cz\/wordpress\/wp-content\/uploads\/2020\/07\/SPortovec-roku-1024x683.jpg 1024w, https:\/\/www.caths.cz\/wordpress\/wp-content\/uploads\/2020\/07\/SPortovec-roku-300x200.jpg 300w, https:\/\/www.caths.cz\/wordpress\/wp-content\/uploads\/2020\/07\/SPortovec-roku-768x512.jpg 768w, https:\/\/www.caths.cz\/wordpress\/wp-content\/uploads\/2020\/07\/SPortovec-roku-1536x1024.jpg 1536w, https:\/\/www.caths.cz\/wordpress\/wp-content\/uploads\/2020\/07\/SPortovec-roku-2048x1366.jpg 2048w, https:\/\/www.caths.cz\/wordpress\/wp-content\/uploads\/2020\/07\/SPortovec-roku-120x80.jpg 120w\" sizes=\"auto, (max-width: 1024px) 100vw, 1024px\" \/><\/figure>\n\n\n\n<p><\/p>\n","protected":false},"excerpt":{"rendered":"<a href=\"https:\/\/www.caths.cz\/wordpress\/tomas-pesek-nejlepsim-handicapovanym-sportovcem-roku-2019\/\"><img width=\"100\" height=\"100\" src=\"https:\/\/www.caths.cz\/wordpress\/wp-content\/uploads\/2020\/07\/1Y1A1446-scaled-1-100x100.jpg\" class=\"alignleft tfe wp-post-image\" alt=\"\" decoding=\"async\" loading=\"lazy\" srcset=\"https:\/\/www.caths.cz\/wordpress\/wp-content\/uploads\/2020\/07\/1Y1A1446-scaled-1-100x100.jpg 100w, https:\/\/www.caths.cz\/wordpress\/wp-content\/uploads\/2020\/07\/1Y1A1446-scaled-1-150x150.jpg 150w\" sizes=\"auto, (max-width: 100px) 100vw, 100px\" \/><\/a><p>Obh\u00e1jeno! Tom\u00e1\u0161 Pe\u0161ek po vele\u00fasp\u011b\u0161n\u00e9 sez\u00f3n\u011b 2019 zaslou\u017een\u011b obh\u00e1jil titul nejlep\u0161\u00edho handicapovan\u00e9ho sportovce \u010cR roku 2019. Tom\u00e1\u0161\u016fv \u017eivotn\u00ed \u00fasp\u011bch se odehr\u00e1l loni v \u0159\u00edjnu, kdy si z MS IPC v [&hellip;]<\/p>\n","protected":false},"author":1,"featured_media":28628,"comment_status":"closed","ping_status":"closed","sticky":false,"template":"","format":"standard","meta":{"ngg_post_thumbnail":0,"footnotes":""},"categories":[1],"tags":[],"class_list":["post-28627","post","type-post","status-publish","format-standard","has-post-thumbnail","hentry","category-nezarazene"],"_links":{"self":[{"href":"https:\/\/www.caths.cz\/wordpress\/wp-json\/wp\/v2\/posts\/28627","targetHints":{"allow":["GET"]}}],"collection":[{"href":"https:\/\/www.caths.cz\/wordpress\/wp-json\/wp\/v2\/posts"}],"about":[{"href":"https:\/\/www.caths.cz\/wordpress\/wp-json\/wp\/v2\/types\/post"}],"author":[{"embeddable":true,"href":"https:\/\/www.caths.cz\/wordpress\/wp-json\/wp\/v2\/users\/1"}],"replies":[{"embeddable":true,"href":"https:\/\/www.caths.cz\/wordpress\/wp-json\/wp\/v2\/comments?post=28627"}],"version-history":[{"count":2,"href":"https:\/\/www.caths.cz\/wordpress\/wp-json\/wp\/v2\/posts\/28627\/revisions"}],"predecessor-version":[{"id":28634,"href":"https:\/\/www.caths.cz\/wordpress\/wp-json\/wp\/v2\/posts\/28627\/revisions\/28634"}],"wp:featuredmedia":[{"embeddable":true,"href":"https:\/\/www.caths.cz\/wordpress\/wp-json\/wp\/v2\/media\/28628"}],"wp:attachment":[{"href":"https:\/\/www.caths.cz\/wordpress\/wp-json\/wp\/v2\/media?parent=28627"}],"wp:term":[{"taxonomy":"category","embeddable":true,"href":"https:\/\/www.caths.cz\/wordpress\/wp-json\/wp\/v2\/categories?post=28627"},{"taxonomy":"post_tag","embeddable":true,"href":"https:\/\/www.caths.cz\/wordpress\/wp-json\/wp\/v2\/tags?post=28627"}],"curies":[{"name":"wp","href":"https:\/\/api.w.org\/{rel}","templated":true}]}}