{"id":2860,"date":"2014-11-10T22:32:38","date_gmt":"2014-11-10T21:32:38","guid":{"rendered":"http:\/\/www.caths.cz\/wordpress\/?p=2860"},"modified":"2014-12-31T17:00:08","modified_gmt":"2014-12-31T16:00:08","slug":"treninkova-poradna-viktora-zapletala-trenink-po-nemoci","status":"publish","type":"post","link":"https:\/\/www.caths.cz\/wordpress\/treninkova-poradna-viktora-zapletala-trenink-po-nemoci\/","title":{"rendered":"Tr\u00e9ninkov\u00e1 poradna Viktora Zapletala &#8211; Tr\u00e9nink po nemoci"},"content":{"rendered":"<p>Je zde op\u011bt pravideln\u00e1 rubrika Tr\u00e9ninkov\u00e1 poradna. Tentokr\u00e1t se Viktor Zapletal zam\u011b\u0159il na obl\u00edben\u00e9 a d\u016fle\u017eit\u00e9 t\u00e9ma, a sice tr\u00e9nink po nemoci.I tento d\u00edl naleznete na webov\u00fdch str\u00e1nk\u00e1ch www.skcpraha.cz <a href=\"http:\/\/www.skcpraha.cz\/?p=2061\">zde<\/a><\/p>\n<p><img decoding=\"async\" src=\"\/wordpress\/image\/sekretarky\/treninkova poradna\/treninkova poradna_nemoc 1.jpg\" alt=\"\" \/><\/p>\n","protected":false},"excerpt":{"rendered":"<a href=\"https:\/\/www.caths.cz\/wordpress\/treninkova-poradna-viktora-zapletala-trenink-po-nemoci\/\"><img width=\"100\" height=\"100\" src=\"https:\/\/www.caths.cz\/wordpress\/wp-content\/uploads\/2014\/11\/treninkova-poradna_nemoc-11-100x100.jpg\" class=\"alignleft tfe wp-post-image\" alt=\"\" decoding=\"async\" loading=\"lazy\" srcset=\"https:\/\/www.caths.cz\/wordpress\/wp-content\/uploads\/2014\/11\/treninkova-poradna_nemoc-11-100x100.jpg 100w, https:\/\/www.caths.cz\/wordpress\/wp-content\/uploads\/2014\/11\/treninkova-poradna_nemoc-11-150x150.jpg 150w, https:\/\/www.caths.cz\/wordpress\/wp-content\/uploads\/2014\/11\/treninkova-poradna_nemoc-11.jpg 300w, https:\/\/www.caths.cz\/wordpress\/wp-content\/uploads\/2014\/11\/treninkova-poradna_nemoc-11-120x120.jpg 120w\" sizes=\"auto, (max-width: 100px) 100vw, 100px\" \/><\/a><p>Je zde op\u011bt pravideln\u00e1 rubrika Tr\u00e9ninkov\u00e1 poradna. Tentokr\u00e1t se Viktor Zapletal zam\u011b\u0159il na obl\u00edben\u00e9 a d\u016fle\u017eit\u00e9 t\u00e9ma, a sice tr\u00e9nink po nemoci.I tento d\u00edl naleznete na webov\u00fdch str\u00e1nk\u00e1ch www.skcpraha.cz zde<\/p>\n","protected":false},"author":1,"featured_media":4819,"comment_status":"closed","ping_status":"closed","sticky":false,"template":"","format":"standard","meta":{"ngg_post_thumbnail":0,"footnotes":""},"categories":[26],"tags":[],"class_list":["post-2860","post","type-post","status-publish","format-standard","has-post-thumbnail","hentry","category-treninkova-poradna"],"_links":{"self":[{"href":"https:\/\/www.caths.cz\/wordpress\/wp-json\/wp\/v2\/posts\/2860","targetHints":{"allow":["GET"]}}],"collection":[{"href":"https:\/\/www.caths.cz\/wordpress\/wp-json\/wp\/v2\/posts"}],"about":[{"href":"https:\/\/www.caths.cz\/wordpress\/wp-json\/wp\/v2\/types\/post"}],"author":[{"embeddable":true,"href":"https:\/\/www.caths.cz\/wordpress\/wp-json\/wp\/v2\/users\/1"}],"replies":[{"embeddable":true,"href":"https:\/\/www.caths.cz\/wordpress\/wp-json\/wp\/v2\/comments?post=2860"}],"version-history":[{"count":2,"href":"https:\/\/www.caths.cz\/wordpress\/wp-json\/wp\/v2\/posts\/2860\/revisions"}],"predecessor-version":[{"id":4820,"href":"https:\/\/www.caths.cz\/wordpress\/wp-json\/wp\/v2\/posts\/2860\/revisions\/4820"}],"wp:featuredmedia":[{"embeddable":true,"href":"https:\/\/www.caths.cz\/wordpress\/wp-json\/wp\/v2\/media\/4819"}],"wp:attachment":[{"href":"https:\/\/www.caths.cz\/wordpress\/wp-json\/wp\/v2\/media?parent=2860"}],"wp:term":[{"taxonomy":"category","embeddable":true,"href":"https:\/\/www.caths.cz\/wordpress\/wp-json\/wp\/v2\/categories?post=2860"},{"taxonomy":"post_tag","embeddable":true,"href":"https:\/\/www.caths.cz\/wordpress\/wp-json\/wp\/v2\/tags?post=2860"}],"curies":[{"name":"wp","href":"https:\/\/api.w.org\/{rel}","templated":true}]}}