{"id":2859,"date":"2014-11-09T21:19:48","date_gmt":"2014-11-09T20:19:48","guid":{"rendered":"http:\/\/www.caths.cz\/wordpress\/?p=2859"},"modified":"2014-12-31T17:00:54","modified_gmt":"2014-12-31T16:00:54","slug":"clenska-schuze-caths-zvolila-noveho-predsedu-a-vykonny-vybor-asociace","status":"publish","type":"post","link":"https:\/\/www.caths.cz\/wordpress\/clenska-schuze-caths-zvolila-noveho-predsedu-a-vykonny-vybor-asociace\/","title":{"rendered":"\u010clensk\u00e1 sch\u016fze \u010cATHS zvolila nov\u00e9ho p\u0159edsedu a v\u00fdkonn\u00fd v\u00fdbor asociace!"},"content":{"rendered":"<p>Deleg\u00e1ti \u010clensk\u00e9 sch\u016fze \u010cATHS zvolili nov\u00e9 veden\u00ed asociace.P\u0159edsedou se stal Viktor Zapletal<br \/>\nV\u00fdkonn\u00fd v\u00fdbor \u010cATHS budou tvo\u0159it:<br \/>\nEva Kacan\u016f<br \/>\nPetra Syrov\u00e1tkov\u00e1<br \/>\nJarka Krakovi\u010dov\u00e1<br \/>\nVladim\u00edr \u010c\u00e1p<br \/>\nRoman Gr\u00f3nsk\u00fd<br \/>\nDavid \u0160najdr<\/p>\n<p>Nov\u011b zvolen\u00e9 veden\u00ed \u010cATHS se sejde na sv\u00e9m prvn\u00edm zased\u00e1n\u00ed v pond\u011bl\u00ed 24. listopadu a hosty zased\u00e1n\u00ed budou z\u00e1stupci Sekce sledge hokeje.<\/p>\n<p><img decoding=\"async\" src=\"\/wordpress\/image\/sekretarky\/VH 2014\/Auditorium 2.jpg\" alt=\"\" \/><\/p>\n<p><img decoding=\"async\" src=\"\/wordpress\/image\/sekretarky\/VH 2014\/Prac predsednictvo.jpg\" alt=\"\" \/><\/p>\n","protected":false},"excerpt":{"rendered":"<a href=\"https:\/\/www.caths.cz\/wordpress\/clenska-schuze-caths-zvolila-noveho-predsedu-a-vykonny-vybor-asociace\/\"><img width=\"100\" height=\"100\" src=\"https:\/\/www.caths.cz\/wordpress\/wp-content\/uploads\/2014\/11\/Auditorium-21-100x100.jpg\" class=\"alignleft tfe wp-post-image\" alt=\"\" decoding=\"async\" loading=\"lazy\" srcset=\"https:\/\/www.caths.cz\/wordpress\/wp-content\/uploads\/2014\/11\/Auditorium-21-100x100.jpg 100w, https:\/\/www.caths.cz\/wordpress\/wp-content\/uploads\/2014\/11\/Auditorium-21-150x150.jpg 150w\" sizes=\"auto, (max-width: 100px) 100vw, 100px\" \/><\/a><p>Deleg\u00e1ti \u010clensk\u00e9 sch\u016fze \u010cATHS zvolili nov\u00e9 veden\u00ed asociace.P\u0159edsedou se stal Viktor Zapletal V\u00fdkonn\u00fd v\u00fdbor \u010cATHS budou tvo\u0159it: Eva Kacan\u016f Petra Syrov\u00e1tkov\u00e1 Jarka Krakovi\u010dov\u00e1 Vladim\u00edr \u010c\u00e1p Roman Gr\u00f3nsk\u00fd David \u0160najdr Nov\u011b [&hellip;]<\/p>\n","protected":false},"author":1,"featured_media":4821,"comment_status":"closed","ping_status":"closed","sticky":false,"template":"","format":"standard","meta":{"ngg_post_thumbnail":0,"footnotes":""},"categories":[6],"tags":[],"class_list":["post-2859","post","type-post","status-publish","format-standard","has-post-thumbnail","hentry","category-caths-info"],"_links":{"self":[{"href":"https:\/\/www.caths.cz\/wordpress\/wp-json\/wp\/v2\/posts\/2859","targetHints":{"allow":["GET"]}}],"collection":[{"href":"https:\/\/www.caths.cz\/wordpress\/wp-json\/wp\/v2\/posts"}],"about":[{"href":"https:\/\/www.caths.cz\/wordpress\/wp-json\/wp\/v2\/types\/post"}],"author":[{"embeddable":true,"href":"https:\/\/www.caths.cz\/wordpress\/wp-json\/wp\/v2\/users\/1"}],"replies":[{"embeddable":true,"href":"https:\/\/www.caths.cz\/wordpress\/wp-json\/wp\/v2\/comments?post=2859"}],"version-history":[{"count":2,"href":"https:\/\/www.caths.cz\/wordpress\/wp-json\/wp\/v2\/posts\/2859\/revisions"}],"predecessor-version":[{"id":4822,"href":"https:\/\/www.caths.cz\/wordpress\/wp-json\/wp\/v2\/posts\/2859\/revisions\/4822"}],"wp:featuredmedia":[{"embeddable":true,"href":"https:\/\/www.caths.cz\/wordpress\/wp-json\/wp\/v2\/media\/4821"}],"wp:attachment":[{"href":"https:\/\/www.caths.cz\/wordpress\/wp-json\/wp\/v2\/media?parent=2859"}],"wp:term":[{"taxonomy":"category","embeddable":true,"href":"https:\/\/www.caths.cz\/wordpress\/wp-json\/wp\/v2\/categories?post=2859"},{"taxonomy":"post_tag","embeddable":true,"href":"https:\/\/www.caths.cz\/wordpress\/wp-json\/wp\/v2\/tags?post=2859"}],"curies":[{"name":"wp","href":"https:\/\/api.w.org\/{rel}","templated":true}]}}