{"id":2858,"date":"2014-11-08T16:35:43","date_gmt":"2014-11-08T15:35:43","guid":{"rendered":"http:\/\/www.caths.cz\/wordpress\/?p=2858"},"modified":"2014-12-31T17:01:47","modified_gmt":"2014-12-31T16:01:47","slug":"uci-zverejnila-termin-haloveho-mistrovstvi-sveta-handicapovanych-cyklistu","status":"publish","type":"post","link":"https:\/\/www.caths.cz\/wordpress\/uci-zverejnila-termin-haloveho-mistrovstvi-sveta-handicapovanych-cyklistu\/","title":{"rendered":"UCI zve\u0159ejnila term\u00edn halov\u00e9ho mistrovstv\u00ed sv\u011bta handicapovan\u00fdch cyklist\u016f"},"content":{"rendered":"<p>UCI \u010del\u00ed pom\u011brn\u011b zna\u010dn\u00e9 kritice ze strany z\u00e1vodn\u00edk\u016f, tren\u00e9r\u016f i t\u00fdm\u016f na neut\u011b\u0161en\u00fd stav sv\u011btov\u00e9 cyklistiky handicapovan\u00fdch.<br \/>\nD\u016fvodem jsou term\u00ednov\u00e9 kolize z\u00e1vod\u016f, diskutabiln\u00ed klasifika\u010dn\u00ed syst\u00e9m, nep\u0159\u00edli\u0161 promy\u0161len\u00fd kalend\u00e1\u0159 z\u00e1vod\u016f, kdy nap\u0159\u00edklad na fin\u00e1lov\u00fd z\u00e1vod sv\u011btov\u00e9ho poh\u00e1ru doslova navazuje silni\u010dn\u00ed mistrovstv\u00ed sv\u011bta co\u017e je skute\u010dn\u011b unik\u00e1tn\u00ed nebo \u201eopomenut\u00ed\u201c UCI p\u0159ihl\u00e1sit cyklistiku do programu paralympijsk\u00fdch her v Tokiu 2020&#8230;<br \/>\nNa otev\u0159en\u00e9 dopisy a st\u00ed\u017enosti z\u00e1vodn\u00edk\u016f odpov\u00edd\u00e1 marock\u00fd vedouc\u00ed p\u0159edstavitel sv\u011btov\u00e9 cyklistiky handicapovan\u00fdch nicne\u0159\u00edkaj\u00edc\u00ed \u201ediplomatickou\u201c (nebo snad neznalostn\u00ed?) odpov\u011bd\u00ed.<\/p>\n<p>V \u00fater\u00fd p\u0159i\u0161la ze sekretari\u00e1tu UCI p\u0159ekvapiv\u00e1 a po del\u0161\u00ed dob\u011b radostn\u011bj\u0161\u00ed zpr\u00e1va &#8211; cyklist\u00e9 budou m\u00edt za p\u011bt m\u011bs\u00edc\u016f dr\u00e1hov\u00e9 mistrovstv\u00ed sv\u011bta.<br \/>\n<strong>Uskute\u010dn\u00ed se ve dnech 26 \u2013 29. b\u0159ezen a hostitelem bude holandsk\u00fd Apeldoorn.<\/strong><br \/>\nTento multifunk\u010dn\u00ed sportovn\u00ed st\u00e1nek zn\u00e1me tak\u00e9 z atletick\u00fdch halov\u00fdch z\u00e1vod\u016f nebo z mistrovstv\u00ed sv\u011bta a Evropy v dr\u00e1hov\u00e9 cyklistice &#8222;zdrav\u00fdch&#8220;.<\/p>\n<p><img decoding=\"async\" src=\"\/wordpress\/image\/sekretarky\/cyklistika\/apeldorn_velodrom.jpg\" alt=\"\" \/><\/p>\n","protected":false},"excerpt":{"rendered":"<a href=\"https:\/\/www.caths.cz\/wordpress\/uci-zverejnila-termin-haloveho-mistrovstvi-sveta-handicapovanych-cyklistu\/\"><img width=\"100\" height=\"100\" src=\"https:\/\/www.caths.cz\/wordpress\/wp-content\/uploads\/2014\/11\/apeldorn_velodrom1-100x100.jpg\" class=\"alignleft tfe wp-post-image\" alt=\"\" decoding=\"async\" loading=\"lazy\" srcset=\"https:\/\/www.caths.cz\/wordpress\/wp-content\/uploads\/2014\/11\/apeldorn_velodrom1-100x100.jpg 100w, https:\/\/www.caths.cz\/wordpress\/wp-content\/uploads\/2014\/11\/apeldorn_velodrom1-150x150.jpg 150w\" sizes=\"auto, (max-width: 100px) 100vw, 100px\" \/><\/a><p>UCI \u010del\u00ed pom\u011brn\u011b zna\u010dn\u00e9 kritice ze strany z\u00e1vodn\u00edk\u016f, tren\u00e9r\u016f i t\u00fdm\u016f na neut\u011b\u0161en\u00fd stav sv\u011btov\u00e9 cyklistiky handicapovan\u00fdch. D\u016fvodem jsou term\u00ednov\u00e9 kolize z\u00e1vod\u016f, diskutabiln\u00ed klasifika\u010dn\u00ed syst\u00e9m, nep\u0159\u00edli\u0161 promy\u0161len\u00fd kalend\u00e1\u0159 z\u00e1vod\u016f, kdy [&hellip;]<\/p>\n","protected":false},"author":1,"featured_media":4823,"comment_status":"closed","ping_status":"closed","sticky":false,"template":"","format":"standard","meta":{"ngg_post_thumbnail":0,"footnotes":""},"categories":[2],"tags":[],"class_list":["post-2858","post","type-post","status-publish","format-standard","has-post-thumbnail","hentry","category-cyklistika"],"_links":{"self":[{"href":"https:\/\/www.caths.cz\/wordpress\/wp-json\/wp\/v2\/posts\/2858","targetHints":{"allow":["GET"]}}],"collection":[{"href":"https:\/\/www.caths.cz\/wordpress\/wp-json\/wp\/v2\/posts"}],"about":[{"href":"https:\/\/www.caths.cz\/wordpress\/wp-json\/wp\/v2\/types\/post"}],"author":[{"embeddable":true,"href":"https:\/\/www.caths.cz\/wordpress\/wp-json\/wp\/v2\/users\/1"}],"replies":[{"embeddable":true,"href":"https:\/\/www.caths.cz\/wordpress\/wp-json\/wp\/v2\/comments?post=2858"}],"version-history":[{"count":2,"href":"https:\/\/www.caths.cz\/wordpress\/wp-json\/wp\/v2\/posts\/2858\/revisions"}],"predecessor-version":[{"id":4824,"href":"https:\/\/www.caths.cz\/wordpress\/wp-json\/wp\/v2\/posts\/2858\/revisions\/4824"}],"wp:featuredmedia":[{"embeddable":true,"href":"https:\/\/www.caths.cz\/wordpress\/wp-json\/wp\/v2\/media\/4823"}],"wp:attachment":[{"href":"https:\/\/www.caths.cz\/wordpress\/wp-json\/wp\/v2\/media?parent=2858"}],"wp:term":[{"taxonomy":"category","embeddable":true,"href":"https:\/\/www.caths.cz\/wordpress\/wp-json\/wp\/v2\/categories?post=2858"},{"taxonomy":"post_tag","embeddable":true,"href":"https:\/\/www.caths.cz\/wordpress\/wp-json\/wp\/v2\/tags?post=2858"}],"curies":[{"name":"wp","href":"https:\/\/api.w.org\/{rel}","templated":true}]}}