{"id":2857,"date":"2014-11-05T14:42:24","date_gmt":"2014-11-05T13:42:24","guid":{"rendered":"http:\/\/www.caths.cz\/wordpress\/?p=2857"},"modified":"2014-12-28T22:44:51","modified_gmt":"2014-12-28T21:44:51","slug":"desaty-jihlavsky-jezek-se-vydaril","status":"publish","type":"post","link":"https:\/\/www.caths.cz\/wordpress\/desaty-jihlavsky-jezek-se-vydaril\/","title":{"rendered":"Des\u00e1t\u00fd Jihlavsk\u00fd je\u017eek se vyda\u0159il"},"content":{"rendered":"<p>Jubilejn\u00ed X. ro\u010dn\u00edk plaveck\u00fdch z\u00e1vod\u016f Jihlavsk\u00fd je\u017eek je za n\u00e1mi.<br \/>\nV sobotu 25. 10. 2014 bylo na baz\u00e9nu E. Ro\u0161ick\u00e9ho v Jihlav\u011b op\u011bt ru\u0161no, ale hlavn\u011b veselo!<\/p>\n<p>Zpr\u00e1vu z akce n\u00e1m zaslala Lada Ko\u0159\u00ednkov\u00e1 z po\u0159adatelsk\u00e9ho klubu SK Vodom\u00edlek..D\u00edky plavc\u016fm, kte\u0159\u00ed p\u0159ijeli nejen z Jind\u0159ichova Hradce, Kutn\u00e9 Hory, ale tak\u00e9 Doma\u017elic, Olomouce nebo Brna byla na z\u00e1vodech v\u00fdborn\u00e1 atmosf\u00e9ra a v\u0161ichni si je p\u0159edev\u0161\u00edm u\u017e\u00edvali.<\/p>\n<p> Velik\u00fd souboj prob\u011bhl mezi plavci z Jihlavy a Jind\u0159ichova Hradce, kde byla zn\u00e1t ur\u010dit\u00e1 sout\u011b\u017eivost. Nicm\u00e9n\u011b radost ze setk\u00e1n\u00ed a z\u00e1vod\u016f jako takov\u00fdch, byla na prvn\u00edm m\u00edst\u011b. Nezklamali ani na\u0161i dobrovoln\u00edci, kte\u0159\u00ed se z\u00fa\u010dastnili sout\u011b\u017en\u00ed \u0161tafety a v konkurenci s dobrovoln\u00edky z Jind\u0159ichova Hradce a Kutn\u00e9 Hory zv\u00edt\u011bzili. Potvrdili tak svoji zap\u00e1lenost a odhodlanost podpo\u0159it sv\u00e9 plavce.<\/p>\n<p> Mezi nejlep\u0161\u00ed v\u00fdkony pat\u0159\u00ed:<\/p>\n<p> 100 m polohov\u00fd z\u00e1vod:<br \/> 1. C\u00edsa\u0159 Martin (1:24\u00b42) Jihlava<br \/> 2. Ke\u0161nar Jon\u00e1\u0161 (1:29\u00b44) Jind\u0159ich\u016fv Hradec<br \/> 3. Chovanec Tom\u00e1\u0161 (2:53\u00b49) Brno<\/p>\n<p> 50 m prsa:<br \/> 1. Ke\u0161nar Jon\u00e1\u0161 (0:45\u00b40) Jind\u0159ich\u016fv Hradec<br \/> 2. C\u00edsa\u0159 Martin (0:47\u00b41) Jihlava<br \/> 3. Tlap\u00e1kov\u00e1 Anna (0:53\u00b43) Jind\u0159ich\u016fv Hradec<\/p>\n<p> 25 metr\u016f s asistentem:<br \/> 1. Forst Petr (0:32\u00b46) Doma\u017elice<br \/> 2. Haman V\u00e1clav (0:42\u00b49) Jihlava<br \/> 3. Demeterov\u00e1 Karol\u00edna (0:48\u00b47) Jihlava<\/p>\n<p> 100 metr\u016f voln\u00fd zp\u016fsob: 1. C\u00edsa\u0159 Martin (1:17\u00b45) Jihlava<br \/> 2. Ke\u0161nar Jon\u00e1\u0161 (1:24\u00b43) Jind\u0159ich\u016fv Hradec<br \/> 3. Z\u00e1vorkov\u00e1 V\u011bra (1:26\u00b48) Kol\u00edn<br \/> 50 metr\u016f znak:<\/p>\n<p> 1. Ke\u0161nar Jon\u00e1\u0161 (0:41\u00b48) Jind\u0159ich\u016fv Hradec<br \/> 2. C\u00edsa\u0159 Martin (0:43\u00b47) Jihlava<br \/> 3. Pivo\u0148ka Pavel (0:55\u00b44) Doma\u017elice<\/p>\n<p> 50 metr\u016f voln\u00fd zp\u016fsob:<br \/> 1. C\u00edsa\u0159 Martin (0:35\u00b45) Jihlava<br \/> 2. Ke\u0161nar Jon\u00e1\u0161 (0:36\u00b48) Jind\u0159ich\u016fv Hradec<br \/> 3. Z\u00e1vorkov\u00e1 V\u011bra (0:39\u00b42) Kol\u00edn<\/p>\n<p> 50 metr\u016f voln\u00fd zp\u016fsob s asistentem:<br \/> 1. Forst Petr (1:26\u00b43) Doma\u017elice<br \/> 2.Vel\u00e1tov\u00e1 Nat\u00e1lie (1:46\u00b47) Jind\u0159ich\u016fv Hradec<br \/> 3. Holoubek Petr (1:50\u00b49) Jind\u0159ich\u016fv Hradec<\/p>\n<p> V\u0161em z\u00fa\u010dastn\u011bn\u00fdm plavc\u016fm gratulujeme a t\u011b\u0161\u00edme se na p\u0159\u00ed\u0161t\u00ed zm\u011b\u0159en\u00ed sil na z\u00e1vodech! Velik\u00e9 pod\u011bkov\u00e1n\u00ed pat\u0159\u00ed tak\u00e9 rodi\u010d\u016fm a dobrovoln\u00edk\u016fm, kte\u0159\u00ed na z\u00e1vodech pom\u00e1hali a v\u0161em sponzor\u016fm, kte\u0159\u00ed n\u00e1m v\u011bnovali p\u011bkn\u00e9 d\u00e1rky!<\/p>\n<p> Akci podpo\u0159ilo Statut\u00e1rn\u00ed m\u011bsto Jihlava a kraj Vyso\u010dina za co\u017e jim pat\u0159\u00ed velik\u00fd d\u00edk!<\/p>\n","protected":false},"excerpt":{"rendered":"<a href=\"https:\/\/www.caths.cz\/wordpress\/desaty-jihlavsky-jezek-se-vydaril\/\"><img loading=\"lazy\" decoding=\"async\" width=\"100\" height=\"100\" src=\"https:\/\/www.caths.cz\/wordpress\/wp-content\/plugins\/thumbnail-for-excerpts\/tfe_no_thumb.png\" class=\"alignleft wp-post-image tfe\" alt=\"\" title=\"\" \/><\/a><p>Jubilejn\u00ed X. ro\u010dn\u00edk plaveck\u00fdch z\u00e1vod\u016f Jihlavsk\u00fd je\u017eek je za n\u00e1mi. V sobotu 25. 10. 2014 bylo na baz\u00e9nu E. Ro\u0161ick\u00e9ho v Jihlav\u011b op\u011bt ru\u0161no, ale hlavn\u011b veselo! Zpr\u00e1vu z akce [&hellip;]<\/p>\n","protected":false},"author":1,"featured_media":0,"comment_status":"closed","ping_status":"closed","sticky":false,"template":"","format":"standard","meta":{"ngg_post_thumbnail":0,"footnotes":""},"categories":[25],"tags":[],"class_list":["post-2857","post","type-post","status-publish","format-standard","hentry","category-od-vas"],"_links":{"self":[{"href":"https:\/\/www.caths.cz\/wordpress\/wp-json\/wp\/v2\/posts\/2857","targetHints":{"allow":["GET"]}}],"collection":[{"href":"https:\/\/www.caths.cz\/wordpress\/wp-json\/wp\/v2\/posts"}],"about":[{"href":"https:\/\/www.caths.cz\/wordpress\/wp-json\/wp\/v2\/types\/post"}],"author":[{"embeddable":true,"href":"https:\/\/www.caths.cz\/wordpress\/wp-json\/wp\/v2\/users\/1"}],"replies":[{"embeddable":true,"href":"https:\/\/www.caths.cz\/wordpress\/wp-json\/wp\/v2\/comments?post=2857"}],"version-history":[{"count":1,"href":"https:\/\/www.caths.cz\/wordpress\/wp-json\/wp\/v2\/posts\/2857\/revisions"}],"predecessor-version":[{"id":4351,"href":"https:\/\/www.caths.cz\/wordpress\/wp-json\/wp\/v2\/posts\/2857\/revisions\/4351"}],"wp:attachment":[{"href":"https:\/\/www.caths.cz\/wordpress\/wp-json\/wp\/v2\/media?parent=2857"}],"wp:term":[{"taxonomy":"category","embeddable":true,"href":"https:\/\/www.caths.cz\/wordpress\/wp-json\/wp\/v2\/categories?post=2857"},{"taxonomy":"post_tag","embeddable":true,"href":"https:\/\/www.caths.cz\/wordpress\/wp-json\/wp\/v2\/tags?post=2857"}],"curies":[{"name":"wp","href":"https:\/\/api.w.org\/{rel}","templated":true}]}}