{"id":2856,"date":"2014-11-03T23:10:24","date_gmt":"2014-11-03T22:10:24","guid":{"rendered":"http:\/\/www.caths.cz\/wordpress\/?p=2856"},"modified":"2014-12-31T17:18:02","modified_gmt":"2014-12-31T16:18:02","slug":"25-dil-treninkove-poradny-viktora-zapletala-trenink-v-noci","status":"publish","type":"post","link":"https:\/\/www.caths.cz\/wordpress\/25-dil-treninkove-poradny-viktora-zapletala-trenink-v-noci\/","title":{"rendered":"25. d\u00edl tr\u00e9ninkov\u00e9 poradny Viktora Zapletala \u2013 Tr\u00e9nink v noci"},"content":{"rendered":"<p>P\u0159e\u010dt\u011bte si dal\u0161\u00ed d\u00edl Tr\u00e9ninkov\u00e9 poradny tren\u00e9ra Viktora Zapletala na\u00a0<a href=\"http:\/\/www.skcpraha.cz\">www.skcpraha.cz<\/a>, tentokr\u00e1t v\u011bnovan\u00fd popul\u00e1rn\u00edmu t\u00e9matu \u2013 tr\u00e9ninku v noci.<br \/>\nText je dopln\u011bn v\u00fdjime\u010dn\u00fdmi fotografiemi Michala \u010cerven\u00e9ho.<br \/>\nDvac\u00e1t\u00fd p\u00e1t\u00fd d\u00edl tr\u00e9ninkov\u00e9 poradny naleznete <a href=\"http:\/\/www.skcpraha.cz\/?p=2045\" target=\"_blank\"> zde<\/a> <\/p>\n<p> <img decoding=\"async\" src=\"\/wordpress\/image\/sekretarky\/treninkova poradna\/treninkova poradna_v noci4.jpg\"><\/p>\n","protected":false},"excerpt":{"rendered":"<a href=\"https:\/\/www.caths.cz\/wordpress\/25-dil-treninkove-poradny-viktora-zapletala-trenink-v-noci\/\"><img width=\"100\" height=\"100\" src=\"https:\/\/www.caths.cz\/wordpress\/wp-content\/uploads\/2014\/11\/treninkova-poradna_v-noci41-100x100.jpg\" class=\"alignleft tfe wp-post-image\" alt=\"\" decoding=\"async\" loading=\"lazy\" srcset=\"https:\/\/www.caths.cz\/wordpress\/wp-content\/uploads\/2014\/11\/treninkova-poradna_v-noci41-100x100.jpg 100w, https:\/\/www.caths.cz\/wordpress\/wp-content\/uploads\/2014\/11\/treninkova-poradna_v-noci41-150x150.jpg 150w\" sizes=\"auto, (max-width: 100px) 100vw, 100px\" \/><\/a><p>P\u0159e\u010dt\u011bte si dal\u0161\u00ed d\u00edl Tr\u00e9ninkov\u00e9 poradny tren\u00e9ra Viktora Zapletala na\u00a0www.skcpraha.cz, tentokr\u00e1t v\u011bnovan\u00fd popul\u00e1rn\u00edmu t\u00e9matu \u2013 tr\u00e9ninku v noci. Text je dopln\u011bn v\u00fdjime\u010dn\u00fdmi fotografiemi Michala \u010cerven\u00e9ho. Dvac\u00e1t\u00fd p\u00e1t\u00fd d\u00edl tr\u00e9ninkov\u00e9 poradny [&hellip;]<\/p>\n","protected":false},"author":1,"featured_media":4826,"comment_status":"closed","ping_status":"closed","sticky":false,"template":"","format":"standard","meta":{"ngg_post_thumbnail":0,"footnotes":""},"categories":[26],"tags":[],"class_list":["post-2856","post","type-post","status-publish","format-standard","has-post-thumbnail","hentry","category-treninkova-poradna"],"_links":{"self":[{"href":"https:\/\/www.caths.cz\/wordpress\/wp-json\/wp\/v2\/posts\/2856","targetHints":{"allow":["GET"]}}],"collection":[{"href":"https:\/\/www.caths.cz\/wordpress\/wp-json\/wp\/v2\/posts"}],"about":[{"href":"https:\/\/www.caths.cz\/wordpress\/wp-json\/wp\/v2\/types\/post"}],"author":[{"embeddable":true,"href":"https:\/\/www.caths.cz\/wordpress\/wp-json\/wp\/v2\/users\/1"}],"replies":[{"embeddable":true,"href":"https:\/\/www.caths.cz\/wordpress\/wp-json\/wp\/v2\/comments?post=2856"}],"version-history":[{"count":1,"href":"https:\/\/www.caths.cz\/wordpress\/wp-json\/wp\/v2\/posts\/2856\/revisions"}],"predecessor-version":[{"id":4352,"href":"https:\/\/www.caths.cz\/wordpress\/wp-json\/wp\/v2\/posts\/2856\/revisions\/4352"}],"wp:featuredmedia":[{"embeddable":true,"href":"https:\/\/www.caths.cz\/wordpress\/wp-json\/wp\/v2\/media\/4826"}],"wp:attachment":[{"href":"https:\/\/www.caths.cz\/wordpress\/wp-json\/wp\/v2\/media?parent=2856"}],"wp:term":[{"taxonomy":"category","embeddable":true,"href":"https:\/\/www.caths.cz\/wordpress\/wp-json\/wp\/v2\/categories?post=2856"},{"taxonomy":"post_tag","embeddable":true,"href":"https:\/\/www.caths.cz\/wordpress\/wp-json\/wp\/v2\/tags?post=2856"}],"curies":[{"name":"wp","href":"https:\/\/api.w.org\/{rel}","templated":true}]}}