{"id":2854,"date":"2014-10-29T12:18:19","date_gmt":"2014-10-29T11:18:19","guid":{"rendered":"http:\/\/www.caths.cz\/wordpress\/?p=2854"},"modified":"2014-12-31T17:18:45","modified_gmt":"2014-12-31T16:18:45","slug":"turnaj-4-narodu-otevrel-sledge-hokejovou-sezonu-20142015","status":"publish","type":"post","link":"https:\/\/www.caths.cz\/wordpress\/turnaj-4-narodu-otevrel-sledge-hokejovou-sezonu-20142015\/","title":{"rendered":"Turnaj 4 n\u00e1rod\u016f otev\u0159el sledge hokejovou sez\u00f3nu 2014\/2015"},"content":{"rendered":"<p>Prvn\u00ed leto\u0161n\u00ed mezin\u00e1rodn\u00ed turnaj ve sledge hokeji se uskute\u010dnil pod hlavi\u010dkou IPC v n\u011bmeck\u00e9m Hannoveru. Turnaj 4 n\u00e1rod\u016f prob\u011bhl za \u00fa\u010dasti dom\u00e1c\u00edho mu\u017estva N\u011bmecka a t\u00fdm\u016f \u010ceska, It\u00e1lie a \u0160v\u00e9dska. \u010cesk\u00e9mu t\u00fdmu se da\u0159ilo a z N\u011bmecka p\u0159ivezl st\u0159\u00edbrnou medaili!Turnaj zahajoval souboj t\u00fdm\u016f It\u00e1lie a \u010ceska. Ve velmi kvalitn\u00edm utk\u00e1n\u00ed m\u011bla p\u0159ece jen trochu navrch It\u00e1lie a zdolala n\u00e1\u0161 t\u00fdm 3:1. Dal\u0161\u00ed p\u00e1te\u010dn\u00ed z\u00e1pas mezi N\u011bmeckem a \u0160v\u00e9dskem skon\u010dil vysok\u00fdm v\u00edt\u011bzstv\u00edm dom\u00e1c\u00edho mu\u017estva 5:0 nad skandin\u00e1vsk\u00fdm soupe\u0159em. <br \/> V sobotn\u00edm duelu porazil \u010desk\u00fd t\u00fdm \u0160v\u00e9dsko vysok\u00fdm rozd\u00edlem 5:0 a It\u00e1lie p\u0159ev\u00e1lcovala N\u011bmce 4:0. <br \/> V ned\u011bli si \u010ce\u0161i snadno poradili s N\u011bmci a porazili je 3:0, \u010d\u00edm\u017e vybojovali svou prvn\u00ed leto\u0161n\u00ed medaili a kr\u00e1sn\u00e9 druh\u00e9 m\u00edsto v turnaji. It\u00e1lie rozdrtila \u0160v\u00e9dy 7:2 a obsadila zaslou\u017een\u011b prvn\u00ed m\u00edsto v Turnaji 4 n\u00e1rod\u016f. <br \/> \u00dasp\u011bch \u010cech\u016f je velmi cenn\u00fd pro nadch\u00e1zej\u00edc\u00ed sez\u00f3nu, kter\u00e1 vyvrchol\u00ed Mistrovstv\u00edm sv\u011bta v americk\u00e9m Buffalu, kter\u00e9 prob\u011bhne na p\u0159elomu dubna a kv\u011btna 2015. <\/p>\n<p> Fotogalerii z turnaje naleznete <a href=\"https:\/\/www.picdrop.de\/ralfkuckuck\/sledgehockey-langenhagen-2014?img=a8838798b14c317442b9c7724aeedd3d\" target=\"_blank\"> zde<\/a> a <a href=\"https:\/\/www.facebook.com\/parasportphoto\/photos\/a.346124302227098.1073741840.270457139793815\/346124378893757\/?type=1&#038;theater\" target=\"_blank\"> zde<\/a> <\/p>\n<p> <img decoding=\"async\" src=\"\/wordpress\/image\/sekretarky\/sledge\/turnaj 4.jpg\"><\/p>\n","protected":false},"excerpt":{"rendered":"<a href=\"https:\/\/www.caths.cz\/wordpress\/turnaj-4-narodu-otevrel-sledge-hokejovou-sezonu-20142015\/\"><img width=\"100\" height=\"100\" src=\"https:\/\/www.caths.cz\/wordpress\/wp-content\/uploads\/2014\/10\/turnaj-41-100x100.jpg\" class=\"alignleft tfe wp-post-image\" alt=\"\" decoding=\"async\" loading=\"lazy\" srcset=\"https:\/\/www.caths.cz\/wordpress\/wp-content\/uploads\/2014\/10\/turnaj-41-100x100.jpg 100w, https:\/\/www.caths.cz\/wordpress\/wp-content\/uploads\/2014\/10\/turnaj-41-150x150.jpg 150w\" sizes=\"auto, (max-width: 100px) 100vw, 100px\" \/><\/a><p>Prvn\u00ed leto\u0161n\u00ed mezin\u00e1rodn\u00ed turnaj ve sledge hokeji se uskute\u010dnil pod hlavi\u010dkou IPC v n\u011bmeck\u00e9m Hannoveru. Turnaj 4 n\u00e1rod\u016f prob\u011bhl za \u00fa\u010dasti dom\u00e1c\u00edho mu\u017estva N\u011bmecka a t\u00fdm\u016f \u010ceska, It\u00e1lie a \u0160v\u00e9dska. [&hellip;]<\/p>\n","protected":false},"author":1,"featured_media":4827,"comment_status":"closed","ping_status":"closed","sticky":false,"template":"","format":"standard","meta":{"ngg_post_thumbnail":0,"footnotes":""},"categories":[17],"tags":[],"class_list":["post-2854","post","type-post","status-publish","format-standard","has-post-thumbnail","hentry","category-sledge-hokej"],"_links":{"self":[{"href":"https:\/\/www.caths.cz\/wordpress\/wp-json\/wp\/v2\/posts\/2854","targetHints":{"allow":["GET"]}}],"collection":[{"href":"https:\/\/www.caths.cz\/wordpress\/wp-json\/wp\/v2\/posts"}],"about":[{"href":"https:\/\/www.caths.cz\/wordpress\/wp-json\/wp\/v2\/types\/post"}],"author":[{"embeddable":true,"href":"https:\/\/www.caths.cz\/wordpress\/wp-json\/wp\/v2\/users\/1"}],"replies":[{"embeddable":true,"href":"https:\/\/www.caths.cz\/wordpress\/wp-json\/wp\/v2\/comments?post=2854"}],"version-history":[{"count":1,"href":"https:\/\/www.caths.cz\/wordpress\/wp-json\/wp\/v2\/posts\/2854\/revisions"}],"predecessor-version":[{"id":4455,"href":"https:\/\/www.caths.cz\/wordpress\/wp-json\/wp\/v2\/posts\/2854\/revisions\/4455"}],"wp:featuredmedia":[{"embeddable":true,"href":"https:\/\/www.caths.cz\/wordpress\/wp-json\/wp\/v2\/media\/4827"}],"wp:attachment":[{"href":"https:\/\/www.caths.cz\/wordpress\/wp-json\/wp\/v2\/media?parent=2854"}],"wp:term":[{"taxonomy":"category","embeddable":true,"href":"https:\/\/www.caths.cz\/wordpress\/wp-json\/wp\/v2\/categories?post=2854"},{"taxonomy":"post_tag","embeddable":true,"href":"https:\/\/www.caths.cz\/wordpress\/wp-json\/wp\/v2\/tags?post=2854"}],"curies":[{"name":"wp","href":"https:\/\/api.w.org\/{rel}","templated":true}]}}