{"id":2853,"date":"2014-10-28T20:53:48","date_gmt":"2014-10-28T19:53:48","guid":{"rendered":"http:\/\/www.caths.cz\/wordpress\/?p=2853"},"modified":"2014-12-31T17:19:12","modified_gmt":"2014-12-31T16:19:12","slug":"centrum-sportovnich-aktivit-zdravotne-postizenych-studentu-slavi-10-let-sve-cinnosti","status":"publish","type":"post","link":"https:\/\/www.caths.cz\/wordpress\/centrum-sportovnich-aktivit-zdravotne-postizenych-studentu-slavi-10-let-sve-cinnosti\/","title":{"rendered":"Centrum sportovn\u00edch aktivit zdravotn\u011b posti\u017een\u00fdch student\u016f slav\u00ed 10 let sv\u00e9 \u010dinnosti"},"content":{"rendered":"<p>U\u017e 10. let sv\u00e9 \u010dinnosti slav\u00ed Centrum sportovn\u00edch aktivit zdravotn\u011b posti\u017een\u00fdch student\u016f p\u0159i FTVS UK.<br \/>\n\u010cATHS se p\u0159ipojuje ke gratulant\u016fm a p\u0159ejeme t\u00e9to aktivn\u00ed a prosp\u011b\u0161n\u00e9 organizaci mnoho \u0161t\u011bst\u00ed a pozitivn\u00edch sportovn\u00edch z\u00e1\u017eitk\u016f.<br \/>\n<strong>Program:<\/strong><\/p>\n<p> <strong>P\u0159edn\u00e1\u0161ky<\/strong><strong>:<\/strong><br \/> <strong>9,00\u00a0 \u00a0\u00a0Zah\u00e1jen\u00ed\u00a0\u00a0\u00a0\u00a0\u00a0\u00a0\u00a0\u00a0\u00a0\u00a0\u00a0\u00a0\u00a0\u00a0\u00a0\u00a0 \u00a0\u00a0\u00a0\u00a0\u00a0\u00a0\u00a0\u00a0\u00a0\u00a0\u00a0\u00a0\u00a0\u00a0\u00a0\u00a0\u00a0\u00a0\u00a0\u00a0\u00a0\u00a0\u00a0\u00a0\u00a0\u00a0\u00a0\u00a0\u00a0\u00a0\u00a0\u00a0\u00a0\u00a0\u00a0<\/strong>\u00a0Prof.V\u00e1clav Bunc<br \/> <strong>9,30\u00a0\u00a0 \u00a0Deset let \u010dinnosti centra\u00a0\u00a0 \u00a0\u00a0\u00a0\u00a0\u00a0\u00a0\u00a0\u00a0\u00a0\u00a0\u00a0\u00a0\u00a0\u00a0\u00a0\u00a0\u00a0\u00a0\u00a0\u00a0\u00a0\u00a0\u00a0<\/strong>Dr.Jan Hru\u0161a<br \/> <strong>10,00 \u00a0Zku\u0161enosti s\u00a0v\u00fdukou zdravotn\u011b posti\u017een\u00fdch\u00a0\u00a0\u00a0\u00a0\u00a0\u00a0 \u00a0<\/strong>Dr.Pavel Bel\u0161an<br \/> <strong>10,30\u00a0 Vliv sportovn\u00edch aktivit na sob\u011bsta\u010dnost klient\u016f \u00a0<\/strong>Mgr.Lenka Honz\u00e1tkov\u00e1<br \/> <strong>11,00\u00a0 \u0158e\u0161en\u00ed konstrukce prot\u00e9zy pro sjezdov\u00e9 ly\u017eov\u00e1n\u00ed<\/strong><strong>\u00a0 <\/strong>Vladan Princ<br \/> <strong>11,30\u00a0 Otev\u00edr\u00e1n\u00ed nov\u00fdch obzor\u016f amputovan\u00fdm <\/strong>Dr.Jan Hru\u0161a<br \/> <strong>12,00\u00a0 Vodn\u00ed sporty voz\u00ed\u010dk\u00e1\u0159\u016f\u00a0\u00a0\u00a0\u00a0\u00a0\u00a0\u00a0\u00a0\u00a0\u00a0\u00a0\u00a0\u00a0\u00a0 \u00a0\u00a0\u00a0\u00a0\u00a0\u00a0\u00a0\u00a0\u00a0\u00a0\u00a0\u00a0\u00a0<\/strong>Hana Dole\u017ealov\u00e1<br \/> <strong>12,30\u00a0 P\u0159\u00edb\u011bh paralympionika\u00a0\u00a0\u00a0\u00a0\u00a0\u00a0\u00a0\u00a0\u00a0\u00a0\u00a0\u00a0\u00a0\u00a0\u00a0\u00a0 \u00a0\u00a0\u00a0\u00a0\u00a0\u00a0\u00a0\u00a0\u00a0\u00a0\u00a0\u00a0<\/strong>David Drahon\u00ednsk\u00fd<br \/> <strong>\u00a0<\/strong> <strong>13,00\u00a0\u00a0 Ob\u011bd<\/strong><br \/> <strong>\u00a0<\/strong> <strong>Workshopy:<\/strong><br \/> <strong>14,00\u00a0 Kompenza\u010dn\u00ed pom\u016fcky pro sportovn\u00ed aktivity voz\u00ed\u010dk\u00e1\u0159\u016f \u00a0<\/strong>Mgr. Ji\u0159\u00ed Pokuta<br \/> <strong>15,00 \u0160kola ch\u016fze \u00a0<\/strong>Dr.Pavel Bel\u0161an<br \/> <strong>16,00 Zumba voz\u00ed\u010dk\u00e1\u0159\u016f \u00a0\u00a0<\/strong>Marta Kaniewsk\u00e1<br \/> <strong>17,00 Diskusn\u00ed st\u016fl<\/strong><br \/> <strong>19,00 Spole\u010dn\u00e9 posezen\u00ed<\/strong><\/p>\n<p> Pozn.: P\u0159ihl\u00e1\u0161ky pos\u00edlejte do 31.10.2014 na: <a href=\"mailto:pankova@ftvs.cuni.cz\">pankova@ftvs.cuni.cz<\/a> \u00a0\u00a0\u00a0\u00a0\u00a0\u00a0\u00a0\u00a0\u00a0\u00a0\u00a0\u00a0\u00a0<\/p>\n<p> <img decoding=\"async\" src=\"\/wordpress\/image\/sekretarky\/ftvs\/Hry v prirode FTVS, Straz 04 137.jpg\"><\/p>\n<p> <img decoding=\"async\" src=\"\/wordpress\/image\/sekretarky\/ftvs\/Sante Catarina FTVS 2004 089.jpg\"><\/p>\n<p> <img decoding=\"async\" src=\"\/wordpress\/image\/sekretarky\/ftvs\/Piacenza 2010 009.JPG\"><\/p>\n","protected":false},"excerpt":{"rendered":"<a href=\"https:\/\/www.caths.cz\/wordpress\/centrum-sportovnich-aktivit-zdravotne-postizenych-studentu-slavi-10-let-sve-cinnosti\/\"><img width=\"100\" height=\"100\" src=\"https:\/\/www.caths.cz\/wordpress\/wp-content\/uploads\/2014\/10\/Hry-v-prirode-FTVS-Straz-04-1371-100x100.jpg\" class=\"alignleft tfe wp-post-image\" alt=\"\" decoding=\"async\" loading=\"lazy\" srcset=\"https:\/\/www.caths.cz\/wordpress\/wp-content\/uploads\/2014\/10\/Hry-v-prirode-FTVS-Straz-04-1371-100x100.jpg 100w, https:\/\/www.caths.cz\/wordpress\/wp-content\/uploads\/2014\/10\/Hry-v-prirode-FTVS-Straz-04-1371-150x150.jpg 150w\" sizes=\"auto, (max-width: 100px) 100vw, 100px\" \/><\/a><p>U\u017e 10. let sv\u00e9 \u010dinnosti slav\u00ed Centrum sportovn\u00edch aktivit zdravotn\u011b posti\u017een\u00fdch student\u016f p\u0159i FTVS UK. \u010cATHS se p\u0159ipojuje ke gratulant\u016fm a p\u0159ejeme t\u00e9to aktivn\u00ed a prosp\u011b\u0161n\u00e9 organizaci mnoho \u0161t\u011bst\u00ed a [&hellip;]<\/p>\n","protected":false},"author":1,"featured_media":4828,"comment_status":"closed","ping_status":"closed","sticky":false,"template":"","format":"standard","meta":{"ngg_post_thumbnail":0,"footnotes":""},"categories":[6],"tags":[],"class_list":["post-2853","post","type-post","status-publish","format-standard","has-post-thumbnail","hentry","category-caths-info"],"_links":{"self":[{"href":"https:\/\/www.caths.cz\/wordpress\/wp-json\/wp\/v2\/posts\/2853","targetHints":{"allow":["GET"]}}],"collection":[{"href":"https:\/\/www.caths.cz\/wordpress\/wp-json\/wp\/v2\/posts"}],"about":[{"href":"https:\/\/www.caths.cz\/wordpress\/wp-json\/wp\/v2\/types\/post"}],"author":[{"embeddable":true,"href":"https:\/\/www.caths.cz\/wordpress\/wp-json\/wp\/v2\/users\/1"}],"replies":[{"embeddable":true,"href":"https:\/\/www.caths.cz\/wordpress\/wp-json\/wp\/v2\/comments?post=2853"}],"version-history":[{"count":1,"href":"https:\/\/www.caths.cz\/wordpress\/wp-json\/wp\/v2\/posts\/2853\/revisions"}],"predecessor-version":[{"id":4456,"href":"https:\/\/www.caths.cz\/wordpress\/wp-json\/wp\/v2\/posts\/2853\/revisions\/4456"}],"wp:featuredmedia":[{"embeddable":true,"href":"https:\/\/www.caths.cz\/wordpress\/wp-json\/wp\/v2\/media\/4828"}],"wp:attachment":[{"href":"https:\/\/www.caths.cz\/wordpress\/wp-json\/wp\/v2\/media?parent=2853"}],"wp:term":[{"taxonomy":"category","embeddable":true,"href":"https:\/\/www.caths.cz\/wordpress\/wp-json\/wp\/v2\/categories?post=2853"},{"taxonomy":"post_tag","embeddable":true,"href":"https:\/\/www.caths.cz\/wordpress\/wp-json\/wp\/v2\/tags?post=2853"}],"curies":[{"name":"wp","href":"https:\/\/api.w.org\/{rel}","templated":true}]}}