{"id":2852,"date":"2014-10-23T22:37:08","date_gmt":"2014-10-23T21:37:08","guid":{"rendered":"http:\/\/www.caths.cz\/wordpress\/?p=2852"},"modified":"2014-12-31T17:19:59","modified_gmt":"2014-12-31T16:19:59","slug":"jihlavsky-jezek-se-poplave-jiz-po-desate","status":"publish","type":"post","link":"https:\/\/www.caths.cz\/wordpress\/jihlavsky-jezek-se-poplave-jiz-po-desate\/","title":{"rendered":"Jihlavsk\u00fd je\u017eek se poplave ji\u017e po des\u00e1t\u00e9"},"content":{"rendered":"<p>Co maj\u00ed spole\u010dn\u00e9ho takov\u00e1 poh\u00e1dkov\u00e1 jm\u00e9na jak\u00fdmi jsou Vodom\u00edlek a Jihlavsk\u00fd je\u017eek? Hodn\u011b! SK Vodom\u00edlek, plaveck\u00fd klub pro posti\u017een\u00e9, je ka\u017edoro\u010dn\u00edm po\u0159adatelem plaveck\u00fdch z\u00e1vod\u016f, kter\u00e9 pod n\u00e1zvem Jihlavsk\u00fd je\u017eek prob\u011bhnou letos ji\u017e po des\u00e1t\u00e9.Plaveck\u00fd baz\u00e9n Ev\u017eena Ro\u0161ick\u00e9ho v Jihlav\u011b bude v sobotu 25.10.2014 hostit mlad\u00e9 handicapovan\u00e9 plavce, kte\u0159\u00ed se utkaj\u00ed v 25m baz\u00e9nu o co nejlep\u0161\u00ed um\u00edst\u011bn\u00ed. <br \/> Program z\u00e1vod\u016f za\u010d\u00edn\u00e1 v 9 hodin a krom\u011b klasick\u00fdch discipl\u00edn bude zpest\u0159en i vlo\u017een\u00fdm vystoupen\u00edm dobrovoln\u00edk\u016f. Pokud nev\u00edte, co se sobotou, srde\u010dn\u011b V\u00e1s zveme na tuto sportovn\u00ed akci. <br \/> Pozv\u00e1nku po\u0159adatel\u016f naleznete <a href=\"http:\/\/www.caths.cz\/storage\/sekretarky\/plavani\/Pozvanka_Jihlavsky_jezek_2014.pdf\" target=\"_blank\"> zde<\/a> <\/p>\n<p> <img decoding=\"async\" src=\"\/wordpress\/image\/sekretarky\/plavani\/logo vodomilek.jpg\"><\/p>\n","protected":false},"excerpt":{"rendered":"<a href=\"https:\/\/www.caths.cz\/wordpress\/jihlavsky-jezek-se-poplave-jiz-po-desate\/\"><img width=\"100\" height=\"100\" src=\"https:\/\/www.caths.cz\/wordpress\/wp-content\/uploads\/2014\/10\/logo-vodomilek1-100x100.jpg\" class=\"alignleft tfe wp-post-image\" alt=\"\" decoding=\"async\" loading=\"lazy\" srcset=\"https:\/\/www.caths.cz\/wordpress\/wp-content\/uploads\/2014\/10\/logo-vodomilek1-100x100.jpg 100w, https:\/\/www.caths.cz\/wordpress\/wp-content\/uploads\/2014\/10\/logo-vodomilek1-150x150.jpg 150w\" sizes=\"auto, (max-width: 100px) 100vw, 100px\" \/><\/a><p>Co maj\u00ed spole\u010dn\u00e9ho takov\u00e1 poh\u00e1dkov\u00e1 jm\u00e9na jak\u00fdmi jsou Vodom\u00edlek a Jihlavsk\u00fd je\u017eek? Hodn\u011b! SK Vodom\u00edlek, plaveck\u00fd klub pro posti\u017een\u00e9, je ka\u017edoro\u010dn\u00edm po\u0159adatelem plaveck\u00fdch z\u00e1vod\u016f, kter\u00e9 pod n\u00e1zvem Jihlavsk\u00fd je\u017eek prob\u011bhnou [&hellip;]<\/p>\n","protected":false},"author":1,"featured_media":4829,"comment_status":"closed","ping_status":"closed","sticky":false,"template":"","format":"standard","meta":{"ngg_post_thumbnail":0,"footnotes":""},"categories":[25],"tags":[],"class_list":["post-2852","post","type-post","status-publish","format-standard","has-post-thumbnail","hentry","category-od-vas"],"_links":{"self":[{"href":"https:\/\/www.caths.cz\/wordpress\/wp-json\/wp\/v2\/posts\/2852","targetHints":{"allow":["GET"]}}],"collection":[{"href":"https:\/\/www.caths.cz\/wordpress\/wp-json\/wp\/v2\/posts"}],"about":[{"href":"https:\/\/www.caths.cz\/wordpress\/wp-json\/wp\/v2\/types\/post"}],"author":[{"embeddable":true,"href":"https:\/\/www.caths.cz\/wordpress\/wp-json\/wp\/v2\/users\/1"}],"replies":[{"embeddable":true,"href":"https:\/\/www.caths.cz\/wordpress\/wp-json\/wp\/v2\/comments?post=2852"}],"version-history":[{"count":1,"href":"https:\/\/www.caths.cz\/wordpress\/wp-json\/wp\/v2\/posts\/2852\/revisions"}],"predecessor-version":[{"id":4457,"href":"https:\/\/www.caths.cz\/wordpress\/wp-json\/wp\/v2\/posts\/2852\/revisions\/4457"}],"wp:featuredmedia":[{"embeddable":true,"href":"https:\/\/www.caths.cz\/wordpress\/wp-json\/wp\/v2\/media\/4829"}],"wp:attachment":[{"href":"https:\/\/www.caths.cz\/wordpress\/wp-json\/wp\/v2\/media?parent=2852"}],"wp:term":[{"taxonomy":"category","embeddable":true,"href":"https:\/\/www.caths.cz\/wordpress\/wp-json\/wp\/v2\/categories?post=2852"},{"taxonomy":"post_tag","embeddable":true,"href":"https:\/\/www.caths.cz\/wordpress\/wp-json\/wp\/v2\/tags?post=2852"}],"curies":[{"name":"wp","href":"https:\/\/api.w.org\/{rel}","templated":true}]}}