{"id":2851,"date":"2014-10-21T23:11:46","date_gmt":"2014-10-21T22:11:46","guid":{"rendered":"http:\/\/www.caths.cz\/wordpress\/?p=2851"},"modified":"2014-12-31T17:20:23","modified_gmt":"2014-12-31T16:20:23","slug":"24-dil-treninkove-poradny-viktora-zapletala-odpovedi-na-otazky-ctenaru-teorie-a-praxe","status":"publish","type":"post","link":"https:\/\/www.caths.cz\/wordpress\/24-dil-treninkove-poradny-viktora-zapletala-odpovedi-na-otazky-ctenaru-teorie-a-praxe\/","title":{"rendered":"24. d\u00edl tr\u00e9ninkov\u00e9 poradny Viktora Zapletala \u2013 Odpov\u011bdi na ot\u00e1zky \u010dten\u00e1\u0159\u016f: Teorie a praxe&#8230;"},"content":{"rendered":"<p>P\u0159in\u00e1\u0161\u00edme v\u00e1m dal\u0161\u00ed d\u00edl Tr\u00e9ninkov\u00e9 poradny Viktora Zapletala, tentokr\u00e1t na velmi zaj\u00edmav\u00e9 a diskutovan\u00e9 t\u00e9ma \u2013 teorie a praxe.Tr\u00e9ninkov\u00e1 poradna navazuje na ji\u017e zve\u0159ejn\u011bn\u00e9 d\u00edly s n\u00e1zvem \u201eOdpov\u011bdi na dotazy \u010dten\u00e1\u0159\u016f\u201c.<br \/> Tr\u00e9ninkovou poradnu naleznete na serveru <strong>SK cyklist\u016f Praha Nutrend Specialized &#8211;<\/strong> <a href=\"http:\/\/www.skcpraha.cz\/?p=2003\"><strong>ZDE<\/strong><\/a>. <\/p>\n<p> <img decoding=\"async\" src=\"\/wordpress\/image\/sekretarky\/treninkova poradna\/TP_24.JPG\"><\/p>\n","protected":false},"excerpt":{"rendered":"<a href=\"https:\/\/www.caths.cz\/wordpress\/24-dil-treninkove-poradny-viktora-zapletala-odpovedi-na-otazky-ctenaru-teorie-a-praxe\/\"><img width=\"100\" height=\"100\" src=\"https:\/\/www.caths.cz\/wordpress\/wp-content\/uploads\/2014\/10\/TP_241-100x100.jpg\" class=\"alignleft tfe wp-post-image\" alt=\"\" decoding=\"async\" loading=\"lazy\" srcset=\"https:\/\/www.caths.cz\/wordpress\/wp-content\/uploads\/2014\/10\/TP_241-100x100.jpg 100w, https:\/\/www.caths.cz\/wordpress\/wp-content\/uploads\/2014\/10\/TP_241-150x150.jpg 150w\" sizes=\"auto, (max-width: 100px) 100vw, 100px\" \/><\/a><p>P\u0159in\u00e1\u0161\u00edme v\u00e1m dal\u0161\u00ed d\u00edl Tr\u00e9ninkov\u00e9 poradny Viktora Zapletala, tentokr\u00e1t na velmi zaj\u00edmav\u00e9 a diskutovan\u00e9 t\u00e9ma \u2013 teorie a praxe.Tr\u00e9ninkov\u00e1 poradna navazuje na ji\u017e zve\u0159ejn\u011bn\u00e9 d\u00edly s n\u00e1zvem \u201eOdpov\u011bdi na dotazy [&hellip;]<\/p>\n","protected":false},"author":1,"featured_media":4830,"comment_status":"closed","ping_status":"closed","sticky":false,"template":"","format":"standard","meta":{"ngg_post_thumbnail":0,"footnotes":""},"categories":[26],"tags":[],"class_list":["post-2851","post","type-post","status-publish","format-standard","has-post-thumbnail","hentry","category-treninkova-poradna"],"_links":{"self":[{"href":"https:\/\/www.caths.cz\/wordpress\/wp-json\/wp\/v2\/posts\/2851","targetHints":{"allow":["GET"]}}],"collection":[{"href":"https:\/\/www.caths.cz\/wordpress\/wp-json\/wp\/v2\/posts"}],"about":[{"href":"https:\/\/www.caths.cz\/wordpress\/wp-json\/wp\/v2\/types\/post"}],"author":[{"embeddable":true,"href":"https:\/\/www.caths.cz\/wordpress\/wp-json\/wp\/v2\/users\/1"}],"replies":[{"embeddable":true,"href":"https:\/\/www.caths.cz\/wordpress\/wp-json\/wp\/v2\/comments?post=2851"}],"version-history":[{"count":1,"href":"https:\/\/www.caths.cz\/wordpress\/wp-json\/wp\/v2\/posts\/2851\/revisions"}],"predecessor-version":[{"id":4458,"href":"https:\/\/www.caths.cz\/wordpress\/wp-json\/wp\/v2\/posts\/2851\/revisions\/4458"}],"wp:featuredmedia":[{"embeddable":true,"href":"https:\/\/www.caths.cz\/wordpress\/wp-json\/wp\/v2\/media\/4830"}],"wp:attachment":[{"href":"https:\/\/www.caths.cz\/wordpress\/wp-json\/wp\/v2\/media?parent=2851"}],"wp:term":[{"taxonomy":"category","embeddable":true,"href":"https:\/\/www.caths.cz\/wordpress\/wp-json\/wp\/v2\/categories?post=2851"},{"taxonomy":"post_tag","embeddable":true,"href":"https:\/\/www.caths.cz\/wordpress\/wp-json\/wp\/v2\/tags?post=2851"}],"curies":[{"name":"wp","href":"https:\/\/api.w.org\/{rel}","templated":true}]}}