{"id":2850,"date":"2014-10-20T23:56:54","date_gmt":"2014-10-20T22:56:54","guid":{"rendered":"http:\/\/www.caths.cz\/wordpress\/?p=2850"},"modified":"2014-12-31T17:20:48","modified_gmt":"2014-12-31T16:20:48","slug":"osmy-rocnik-putovniho-poharu-v-pardubicich","status":"publish","type":"post","link":"https:\/\/www.caths.cz\/wordpress\/osmy-rocnik-putovniho-poharu-v-pardubicich\/","title":{"rendered":"Osm\u00fd ro\u010dn\u00edk Putovn\u00edho poh\u00e1ru v Pardubic\u00edch"},"content":{"rendered":"<p>V sobotu 18.10. prob\u011bhl dal\u0161\u00ed, letos ji\u017e osm\u00fd, ro\u010dn\u00edk tradi\u010dn\u00edho turnaje ve stoln\u00edm tenise voz\u00ed\u010dk\u00e1\u0159\u016f v Pardubic\u00edch. Kvalitn\u00ed \u00fa\u010dast a po\u010detn\u00e9 startovn\u00ed pole ka\u017edoro\u010dn\u011b charakterizuj\u00ed turnaj, kter\u00fd uspo\u0159\u00e1dali v leto\u0161n\u00edm roce ji\u017e po osm\u00e9 \u010dlenov\u00e9 klubu SKV Nezlomeni.Sportovn\u00ed centrum H uv\u00edtalo 44 hr\u00e1\u010d\u016f v\u0161ech kategori\u00ed, kte\u0159\u00ed p\u0159ijeli bojovat o body do \u010cesk\u00e9ho poh\u00e1ru ve stoln\u00edm tenise 2014. Na osmi stolech prob\u00edhaly od rann\u00edch hodin souboje hr\u00e1\u010d\u016f a hr\u00e1\u010dek, ze kter\u00fdch se n\u00e1sledn\u011b losovala hlavn\u00ed cena turnaje &#8211; invalidn\u00ed voz\u00edk od firmy KURY. Tu nakonec dne z\u00edskal Ivan Keb\u00edsek, jeho\u017e v\u00fdhra velmi dojala. <\/p>\n<p> V\u00fdsledkov\u00e1 listina <\/p>\n<p> skupina A<br \/> 1. Stefanu Michal<br \/> 2. Such\u00e1nek Ji\u0159\u00ed<br \/> 3.Svato\u0161 Petr<\/p>\n<p> Skupina B<br \/> 1.Tr\u00e1vn\u00ed\u010dek Boris<br \/> 2.Pleva Ji\u0159\u00ed<br \/> 3.Zvol\u00e1nek Martin<\/p>\n<p> Skupina C<br \/> 1. Proch\u00e1zka Vojt\u011bch<br \/> 2.Hol\u00edk Vratislav<br \/> 3.Valachov\u00e1 Monika<\/p>\n<p> <img decoding=\"async\" src=\"\/wordpress\/image\/sekretarky\/stolni tenis\/pardubice 2014\/IMG_3523.JPG\"><\/p>\n<p> <img decoding=\"async\" src=\"\/wordpress\/image\/sekretarky\/stolni tenis\/pardubice 2014\/IMG_3532.JPG\"><\/p>\n<p> <img decoding=\"async\" src=\"\/wordpress\/image\/sekretarky\/stolni tenis\/pardubice 2014\/IMG_3541.JPG\"><\/p>\n<p> <img decoding=\"async\" src=\"\/wordpress\/image\/sekretarky\/stolni tenis\/pardubice 2014\/IMG_3546.JPG\"><\/p>\n<p> <img decoding=\"async\" src=\"\/wordpress\/image\/sekretarky\/stolni tenis\/pardubice 2014\/10410404_10201771734054843_510108068120519246_n.jpg\"><\/p>\n","protected":false},"excerpt":{"rendered":"<a href=\"https:\/\/www.caths.cz\/wordpress\/osmy-rocnik-putovniho-poharu-v-pardubicich\/\"><img width=\"100\" height=\"100\" src=\"https:\/\/www.caths.cz\/wordpress\/wp-content\/uploads\/2014\/10\/IMG_35231-100x100.jpg\" class=\"alignleft tfe wp-post-image\" alt=\"\" decoding=\"async\" loading=\"lazy\" srcset=\"https:\/\/www.caths.cz\/wordpress\/wp-content\/uploads\/2014\/10\/IMG_35231-100x100.jpg 100w, https:\/\/www.caths.cz\/wordpress\/wp-content\/uploads\/2014\/10\/IMG_35231-150x150.jpg 150w\" sizes=\"auto, (max-width: 100px) 100vw, 100px\" \/><\/a><p>V sobotu 18.10. prob\u011bhl dal\u0161\u00ed, letos ji\u017e osm\u00fd, ro\u010dn\u00edk tradi\u010dn\u00edho turnaje ve stoln\u00edm tenise voz\u00ed\u010dk\u00e1\u0159\u016f v Pardubic\u00edch. Kvalitn\u00ed \u00fa\u010dast a po\u010detn\u00e9 startovn\u00ed pole ka\u017edoro\u010dn\u011b charakterizuj\u00ed turnaj, kter\u00fd uspo\u0159\u00e1dali v leto\u0161n\u00edm [&hellip;]<\/p>\n","protected":false},"author":1,"featured_media":4831,"comment_status":"closed","ping_status":"closed","sticky":false,"template":"","format":"standard","meta":{"ngg_post_thumbnail":0,"footnotes":""},"categories":[19],"tags":[],"class_list":["post-2850","post","type-post","status-publish","format-standard","has-post-thumbnail","hentry","category-stolni-tenis"],"_links":{"self":[{"href":"https:\/\/www.caths.cz\/wordpress\/wp-json\/wp\/v2\/posts\/2850","targetHints":{"allow":["GET"]}}],"collection":[{"href":"https:\/\/www.caths.cz\/wordpress\/wp-json\/wp\/v2\/posts"}],"about":[{"href":"https:\/\/www.caths.cz\/wordpress\/wp-json\/wp\/v2\/types\/post"}],"author":[{"embeddable":true,"href":"https:\/\/www.caths.cz\/wordpress\/wp-json\/wp\/v2\/users\/1"}],"replies":[{"embeddable":true,"href":"https:\/\/www.caths.cz\/wordpress\/wp-json\/wp\/v2\/comments?post=2850"}],"version-history":[{"count":1,"href":"https:\/\/www.caths.cz\/wordpress\/wp-json\/wp\/v2\/posts\/2850\/revisions"}],"predecessor-version":[{"id":4459,"href":"https:\/\/www.caths.cz\/wordpress\/wp-json\/wp\/v2\/posts\/2850\/revisions\/4459"}],"wp:featuredmedia":[{"embeddable":true,"href":"https:\/\/www.caths.cz\/wordpress\/wp-json\/wp\/v2\/media\/4831"}],"wp:attachment":[{"href":"https:\/\/www.caths.cz\/wordpress\/wp-json\/wp\/v2\/media?parent=2850"}],"wp:term":[{"taxonomy":"category","embeddable":true,"href":"https:\/\/www.caths.cz\/wordpress\/wp-json\/wp\/v2\/categories?post=2850"},{"taxonomy":"post_tag","embeddable":true,"href":"https:\/\/www.caths.cz\/wordpress\/wp-json\/wp\/v2\/tags?post=2850"}],"curies":[{"name":"wp","href":"https:\/\/api.w.org\/{rel}","templated":true}]}}