{"id":2849,"date":"2014-10-17T20:35:20","date_gmt":"2014-10-17T19:35:20","guid":{"rendered":"http:\/\/www.caths.cz\/wordpress\/?p=2849"},"modified":"2014-12-31T17:21:45","modified_gmt":"2014-12-31T16:21:45","slug":"jirka-jezek-oslavil-40-narozeniny","status":"publish","type":"post","link":"https:\/\/www.caths.cz\/wordpress\/jirka-jezek-oslavil-40-narozeniny\/","title":{"rendered":"Jirka Je\u017eek oslavil 40. narozeniny"},"content":{"rendered":"<p>V \u00fa\u017easn\u00e9 atmosf\u00e9\u0159e a ve spole\u010dnosti p\u0159\u00e1tel oslavil Jirka Je\u017eek sv\u00e9 40. narozeniny. \u010cATHS se p\u0159id\u00e1v\u00e1 k z\u00e1stupu gratulant\u016f:<em>&#8222;Tak v\u0161echno nejlep\u0161\u00ed, Ji\u0159\u00edku!&#8220;<\/em><img decoding=\"async\" src=\"\/wordpress\/image\/sekretarky\/cyklistika\/JJ 40\/001.jpg\"><\/p>\n<p> <img decoding=\"async\" src=\"\/wordpress\/image\/sekretarky\/cyklistika\/JJ 40\/002.jpg\"><\/p>\n<p> <img decoding=\"async\" src=\"\/wordpress\/image\/sekretarky\/cyklistika\/JJ 40\/003.jpg\"><\/p>\n<p> <img decoding=\"async\" src=\"\/wordpress\/image\/sekretarky\/cyklistika\/JJ 40\/004.jpg\"><\/p>\n<p> <img decoding=\"async\" src=\"\/wordpress\/image\/sekretarky\/cyklistika\/JJ 40\/005.jpg\"><\/p>\n","protected":false},"excerpt":{"rendered":"<a href=\"https:\/\/www.caths.cz\/wordpress\/jirka-jezek-oslavil-40-narozeniny\/\"><img width=\"100\" height=\"100\" src=\"https:\/\/www.caths.cz\/wordpress\/wp-content\/uploads\/2014\/10\/0041-100x100.jpg\" class=\"alignleft tfe wp-post-image\" alt=\"\" decoding=\"async\" loading=\"lazy\" srcset=\"https:\/\/www.caths.cz\/wordpress\/wp-content\/uploads\/2014\/10\/0041-100x100.jpg 100w, https:\/\/www.caths.cz\/wordpress\/wp-content\/uploads\/2014\/10\/0041-150x150.jpg 150w\" sizes=\"auto, (max-width: 100px) 100vw, 100px\" \/><\/a><p>V \u00fa\u017easn\u00e9 atmosf\u00e9\u0159e a ve spole\u010dnosti p\u0159\u00e1tel oslavil Jirka Je\u017eek sv\u00e9 40. narozeniny. \u010cATHS se p\u0159id\u00e1v\u00e1 k z\u00e1stupu gratulant\u016f:&#8222;Tak v\u0161echno nejlep\u0161\u00ed, Ji\u0159\u00edku!&#8220;<\/p>\n","protected":false},"author":1,"featured_media":4832,"comment_status":"closed","ping_status":"closed","sticky":false,"template":"","format":"standard","meta":{"ngg_post_thumbnail":0,"footnotes":""},"categories":[6],"tags":[],"class_list":["post-2849","post","type-post","status-publish","format-standard","has-post-thumbnail","hentry","category-caths-info"],"_links":{"self":[{"href":"https:\/\/www.caths.cz\/wordpress\/wp-json\/wp\/v2\/posts\/2849","targetHints":{"allow":["GET"]}}],"collection":[{"href":"https:\/\/www.caths.cz\/wordpress\/wp-json\/wp\/v2\/posts"}],"about":[{"href":"https:\/\/www.caths.cz\/wordpress\/wp-json\/wp\/v2\/types\/post"}],"author":[{"embeddable":true,"href":"https:\/\/www.caths.cz\/wordpress\/wp-json\/wp\/v2\/users\/1"}],"replies":[{"embeddable":true,"href":"https:\/\/www.caths.cz\/wordpress\/wp-json\/wp\/v2\/comments?post=2849"}],"version-history":[{"count":1,"href":"https:\/\/www.caths.cz\/wordpress\/wp-json\/wp\/v2\/posts\/2849\/revisions"}],"predecessor-version":[{"id":4460,"href":"https:\/\/www.caths.cz\/wordpress\/wp-json\/wp\/v2\/posts\/2849\/revisions\/4460"}],"wp:featuredmedia":[{"embeddable":true,"href":"https:\/\/www.caths.cz\/wordpress\/wp-json\/wp\/v2\/media\/4832"}],"wp:attachment":[{"href":"https:\/\/www.caths.cz\/wordpress\/wp-json\/wp\/v2\/media?parent=2849"}],"wp:term":[{"taxonomy":"category","embeddable":true,"href":"https:\/\/www.caths.cz\/wordpress\/wp-json\/wp\/v2\/categories?post=2849"},{"taxonomy":"post_tag","embeddable":true,"href":"https:\/\/www.caths.cz\/wordpress\/wp-json\/wp\/v2\/tags?post=2849"}],"curies":[{"name":"wp","href":"https:\/\/api.w.org\/{rel}","templated":true}]}}