{"id":2848,"date":"2014-10-15T09:48:55","date_gmt":"2014-10-15T08:48:55","guid":{"rendered":"http:\/\/www.caths.cz\/wordpress\/?p=2848"},"modified":"2014-12-29T15:12:10","modified_gmt":"2014-12-29T14:12:10","slug":"dalsi-dil-treninkove-poradny-viktora-zapletala-odpovedi-na-otazky-ctenaru","status":"publish","type":"post","link":"https:\/\/www.caths.cz\/wordpress\/dalsi-dil-treninkove-poradny-viktora-zapletala-odpovedi-na-otazky-ctenaru\/","title":{"rendered":"Dal\u0161\u00ed d\u00edl tr\u00e9ninkov\u00e9 poradny Viktora Zapletala \u2013 Odpov\u011bdi na ot\u00e1zky \u010dten\u00e1\u0159\u016f."},"content":{"rendered":"<p>Nejbli\u017e\u0161\u00ed d\u00edly popul\u00e1rn\u00ed Tr\u00e9ninkov\u00e9 poradny tren\u00e9ra Viktora Zapletala budou odpov\u00eddat na dotazy \u010dten\u00e1\u0159\u016f.<br \/>\n<br \/>\n<em>\u201eV pr\u016fb\u011bhu cel\u00e9ho roku dost\u00e1v\u00e1m mnoho dotaz\u016f na nejr\u016fzn\u011bj\u0161\u00ed tr\u00e9ninkov\u00e1 a sportovn\u00ed t\u00e9mata. Na v\u011bt\u0161inu z nich odpov\u00edd\u00e1m osobn\u00edm emailem. Ty, kter\u00e9 se nej\u010dast\u011bji opakuj\u00ed zve\u0159ejn\u00edme v na\u0161\u00ed Tr\u00e9ninkov\u00e9 poradn\u011b.\u201c<\/em> p\u0159ibli\u017euje Viktor Zapletal.Tr\u00e9ninkov\u00e1 poradna navazuje na ji\u017e zve\u0159ejn\u011bn\u00e9 d\u00edly s n\u00e1zvem \u201eOdpov\u011bdi na dotazy \u010dten\u00e1\u0159\u016f\u201c. <br \/> Tr\u00e9ninkovou poradnu naleznete na serveru <strong>SK cyklist\u016f Praha Nutrend Specialized &#8211;<\/strong> <a href=\"http:\/\/www.skcpraha.cz\/?p=1977\"><strong>ZDE<\/strong><\/a>. <\/p>\n<p> V\u0161echny d\u00edly Tr\u00e9ninkov\u00e9 poradny naleznete na webov\u00fdch str\u00e1nk\u00e1ch SK cyklist\u016f Praha Nutrend Specialized &#8211;<a href=\"http:\/\/www.skcpraha.cz\/?page_id=33\"><strong>ZDE<\/strong><\/a>. <\/p>\n<p> <img decoding=\"async\" src=\"\/wordpress\/image\/sekretarky\/treninkova poradna\/anatomie cyklistiky.jpg\"><\/p>\n","protected":false},"excerpt":{"rendered":"<a href=\"https:\/\/www.caths.cz\/wordpress\/dalsi-dil-treninkove-poradny-viktora-zapletala-odpovedi-na-otazky-ctenaru\/\"><img loading=\"lazy\" decoding=\"async\" width=\"100\" height=\"100\" src=\"https:\/\/www.caths.cz\/wordpress\/wp-content\/plugins\/thumbnail-for-excerpts\/tfe_no_thumb.png\" class=\"alignleft wp-post-image tfe\" alt=\"\" title=\"\" \/><\/a><p>Nejbli\u017e\u0161\u00ed d\u00edly popul\u00e1rn\u00ed Tr\u00e9ninkov\u00e9 poradny tren\u00e9ra Viktora Zapletala budou odpov\u00eddat na dotazy \u010dten\u00e1\u0159\u016f. \u201eV pr\u016fb\u011bhu cel\u00e9ho roku dost\u00e1v\u00e1m mnoho dotaz\u016f na nejr\u016fzn\u011bj\u0161\u00ed tr\u00e9ninkov\u00e1 a sportovn\u00ed t\u00e9mata. Na v\u011bt\u0161inu z nich [&hellip;]<\/p>\n","protected":false},"author":1,"featured_media":0,"comment_status":"closed","ping_status":"closed","sticky":false,"template":"","format":"standard","meta":{"ngg_post_thumbnail":0,"footnotes":""},"categories":[26],"tags":[],"class_list":["post-2848","post","type-post","status-publish","format-standard","hentry","category-treninkova-poradna"],"_links":{"self":[{"href":"https:\/\/www.caths.cz\/wordpress\/wp-json\/wp\/v2\/posts\/2848","targetHints":{"allow":["GET"]}}],"collection":[{"href":"https:\/\/www.caths.cz\/wordpress\/wp-json\/wp\/v2\/posts"}],"about":[{"href":"https:\/\/www.caths.cz\/wordpress\/wp-json\/wp\/v2\/types\/post"}],"author":[{"embeddable":true,"href":"https:\/\/www.caths.cz\/wordpress\/wp-json\/wp\/v2\/users\/1"}],"replies":[{"embeddable":true,"href":"https:\/\/www.caths.cz\/wordpress\/wp-json\/wp\/v2\/comments?post=2848"}],"version-history":[{"count":1,"href":"https:\/\/www.caths.cz\/wordpress\/wp-json\/wp\/v2\/posts\/2848\/revisions"}],"predecessor-version":[{"id":4461,"href":"https:\/\/www.caths.cz\/wordpress\/wp-json\/wp\/v2\/posts\/2848\/revisions\/4461"}],"wp:attachment":[{"href":"https:\/\/www.caths.cz\/wordpress\/wp-json\/wp\/v2\/media?parent=2848"}],"wp:term":[{"taxonomy":"category","embeddable":true,"href":"https:\/\/www.caths.cz\/wordpress\/wp-json\/wp\/v2\/categories?post=2848"},{"taxonomy":"post_tag","embeddable":true,"href":"https:\/\/www.caths.cz\/wordpress\/wp-json\/wp\/v2\/tags?post=2848"}],"curies":[{"name":"wp","href":"https:\/\/api.w.org\/{rel}","templated":true}]}}