{"id":2838,"date":"2014-09-29T17:27:45","date_gmt":"2014-09-29T16:27:45","guid":{"rendered":"http:\/\/www.caths.cz\/wordpress\/?p=2838"},"modified":"2014-09-29T17:27:45","modified_gmt":"2014-09-29T16:27:45","slug":"evropsky-pohar-v-cyklistice-handicapovanych-objektivem-michala-cerveneho","status":"publish","type":"post","link":"https:\/\/www.caths.cz\/wordpress\/evropsky-pohar-v-cyklistice-handicapovanych-objektivem-michala-cerveneho\/","title":{"rendered":"Evropsk\u00fd poh\u00e1r v cyklistice handicapovan\u00fdch objektivem Michala \u010cerven\u00e9ho"},"content":{"rendered":"<p>\u00dasp\u011b\u0161n\u00e9ho \u010desk\u00e9ho fotografa Michala \u010cerven\u00e9ho a jeho fotografie sportu handicapovan\u00fdch jsme m\u011bli mo\u017enost V\u00e1m ji\u017e n\u011bkolikr\u00e1t p\u0159edstavit.<br \/>\n<br \/>\nNyn\u00ed p\u0159in\u00e1\u0161\u00edme fotografie z pr\u00e1v\u011b prob\u011bhl\u00e9ho Evropsk\u00e9ho poh\u00e1ru v cyklistice handicapovan\u00fdch v Praze na Strahov\u011b.<img decoding=\"async\" src=\"\/wordpress\/image\/sekretarky\/cyklistika\/EP 2014\/michal\/paracycling-european-cup_praha2014_01.jpg\"><\/p>\n<p> <img decoding=\"async\" src=\"\/wordpress\/image\/sekretarky\/cyklistika\/EP 2014\/michal\/paracycling-european-cup_praha2014_02.jpg\"><\/p>\n<p> <img decoding=\"async\" src=\"\/wordpress\/image\/sekretarky\/cyklistika\/EP 2014\/michal\/paracycling-european-cup_praha2014_03.jpg\"><\/p>\n<p> <img decoding=\"async\" src=\"\/wordpress\/image\/sekretarky\/cyklistika\/EP 2014\/michal\/paracycling-european-cup_praha2014_04.jpg\"><\/p>\n<p> <img decoding=\"async\" src=\"\/wordpress\/image\/sekretarky\/cyklistika\/EP 2014\/michal\/paracycling-european-cup_praha2014_05.jpg\"><\/p>\n<p> <img decoding=\"async\" src=\"\/wordpress\/image\/sekretarky\/cyklistika\/EP 2014\/michal\/paracycling-european-cup_praha2014_06.jpg\"><\/p>\n<p> <img decoding=\"async\" src=\"\/wordpress\/image\/sekretarky\/cyklistika\/EP 2014\/michal\/paracycling-european-cup_praha2014_07.jpg\"><\/p>\n<p> <img decoding=\"async\" src=\"\/wordpress\/image\/sekretarky\/cyklistika\/EP 2014\/michal\/paracycling-european-cup_praha2014_08.jpg\"><\/p>\n<p> <img decoding=\"async\" src=\"\/wordpress\/image\/sekretarky\/cyklistika\/EP 2014\/michal\/paracycling-european-cup_praha2014_09.jpg\"><\/p>\n<p> <img decoding=\"async\" src=\"\/wordpress\/image\/sekretarky\/cyklistika\/EP 2014\/michal\/paracycling-european-cup_praha2014_10.jpg\"><\/p>\n<p> <img decoding=\"async\" src=\"\/wordpress\/image\/sekretarky\/cyklistika\/EP 2014\/michal\/paracycling-european-cup_praha2014_11.jpg\"><\/p>\n<p> <img decoding=\"async\" src=\"\/wordpress\/image\/sekretarky\/cyklistika\/EP 2014\/michal\/paracycling-european-cup_praha2014_12.jpg\"><\/p>\n<p> <img decoding=\"async\" src=\"\/wordpress\/image\/sekretarky\/cyklistika\/EP 2014\/michal\/paracycling-european-cup_praha2014_13.jpg\"><\/p>\n<p> <img decoding=\"async\" src=\"\/wordpress\/image\/sekretarky\/cyklistika\/EP 2014\/michal\/paracycling-european-cup_praha2014_14.jpg\"><\/p>\n<p> <img decoding=\"async\" src=\"\/wordpress\/image\/sekretarky\/cyklistika\/EP 2014\/michal\/paracycling-european-cup_praha2014_15.jpg\"><\/p>\n<p> <img decoding=\"async\" src=\"\/wordpress\/image\/sekretarky\/cyklistika\/EP 2014\/michal\/paracycling-european-cup_praha2014_16.jpg\"><\/p>\n<p> <img decoding=\"async\" src=\"\/wordpress\/image\/sekretarky\/cyklistika\/EP 2014\/michal\/paracycling-european-cup_praha2014_17.jpg\"><\/p>\n<p> <img decoding=\"async\" src=\"\/wordpress\/image\/sekretarky\/cyklistika\/EP 2014\/michal\/paracycling-european-cup_praha2014_18.jpg\"><\/p>\n<p> <img decoding=\"async\" src=\"\/wordpress\/image\/sekretarky\/cyklistika\/EP 2014\/michal\/paracycling-european-cup_praha2014_19.jpg\"><\/p>\n<p> <img decoding=\"async\" src=\"\/wordpress\/image\/sekretarky\/cyklistika\/EP 2014\/michal\/paracycling-european-cup_praha2014_20.jpg\"><\/p>\n<p> <img decoding=\"async\" src=\"\/wordpress\/image\/sekretarky\/cyklistika\/EP 2014\/michal\/paracycling-european-cup_praha2014_21.jpg\"><\/p>\n<p> <img decoding=\"async\" src=\"\/wordpress\/image\/sekretarky\/cyklistika\/EP 2014\/michal\/paracycling-european-cup_praha2014_22.jpg\"><\/p>\n<p> <img decoding=\"async\" src=\"\/wordpress\/image\/sekretarky\/cyklistika\/EP 2014\/michal\/paracycling-european-cup_praha2014_23.jpg\"><\/p>\n<p> <img decoding=\"async\" src=\"\/wordpress\/image\/sekretarky\/cyklistika\/EP 2014\/michal\/paracycling-european-cup_praha2014_25.jpg\"><\/p>\n<p> <img decoding=\"async\" src=\"\/wordpress\/image\/sekretarky\/cyklistika\/EP 2014\/michal\/paracycling-european-cup_praha2014_27.jpg\"><\/p>\n<p> <img decoding=\"async\" src=\"\/wordpress\/image\/sekretarky\/cyklistika\/EP 2014\/michal\/paracycling-european-cup_praha2014_28.jpg\"><\/p>\n<p> <img decoding=\"async\" src=\"\/wordpress\/image\/sekretarky\/cyklistika\/EP 2014\/michal\/paracycling-european-cup_praha2014_29.jpg\"><\/p>\n<p> <img decoding=\"async\" src=\"\/wordpress\/image\/sekretarky\/cyklistika\/EP 2014\/michal\/paracycling-european-cup_praha2014_30.jpg\"><\/p>\n","protected":false},"excerpt":{"rendered":"<a href=\"https:\/\/www.caths.cz\/wordpress\/evropsky-pohar-v-cyklistice-handicapovanych-objektivem-michala-cerveneho\/\"><img loading=\"lazy\" decoding=\"async\" width=\"100\" height=\"100\" src=\"https:\/\/www.caths.cz\/wordpress\/wp-content\/plugins\/thumbnail-for-excerpts\/tfe_no_thumb.png\" class=\"alignleft wp-post-image tfe\" alt=\"\" title=\"\" \/><\/a><p>\u00dasp\u011b\u0161n\u00e9ho \u010desk\u00e9ho fotografa Michala \u010cerven\u00e9ho a jeho fotografie sportu handicapovan\u00fdch jsme m\u011bli mo\u017enost V\u00e1m ji\u017e n\u011bkolikr\u00e1t p\u0159edstavit. Nyn\u00ed p\u0159in\u00e1\u0161\u00edme fotografie z pr\u00e1v\u011b prob\u011bhl\u00e9ho Evropsk\u00e9ho poh\u00e1ru v cyklistice handicapovan\u00fdch v Praze [&hellip;]<\/p>\n","protected":false},"author":1,"featured_media":0,"comment_status":"closed","ping_status":"closed","sticky":false,"template":"","format":"standard","meta":{"ngg_post_thumbnail":0,"footnotes":""},"categories":[1],"tags":[],"class_list":["post-2838","post","type-post","status-publish","format-standard","hentry","category-nezarazene"],"_links":{"self":[{"href":"https:\/\/www.caths.cz\/wordpress\/wp-json\/wp\/v2\/posts\/2838","targetHints":{"allow":["GET"]}}],"collection":[{"href":"https:\/\/www.caths.cz\/wordpress\/wp-json\/wp\/v2\/posts"}],"about":[{"href":"https:\/\/www.caths.cz\/wordpress\/wp-json\/wp\/v2\/types\/post"}],"author":[{"embeddable":true,"href":"https:\/\/www.caths.cz\/wordpress\/wp-json\/wp\/v2\/users\/1"}],"replies":[{"embeddable":true,"href":"https:\/\/www.caths.cz\/wordpress\/wp-json\/wp\/v2\/comments?post=2838"}],"version-history":[{"count":0,"href":"https:\/\/www.caths.cz\/wordpress\/wp-json\/wp\/v2\/posts\/2838\/revisions"}],"wp:attachment":[{"href":"https:\/\/www.caths.cz\/wordpress\/wp-json\/wp\/v2\/media?parent=2838"}],"wp:term":[{"taxonomy":"category","embeddable":true,"href":"https:\/\/www.caths.cz\/wordpress\/wp-json\/wp\/v2\/categories?post=2838"},{"taxonomy":"post_tag","embeddable":true,"href":"https:\/\/www.caths.cz\/wordpress\/wp-json\/wp\/v2\/tags?post=2838"}],"curies":[{"name":"wp","href":"https:\/\/api.w.org\/{rel}","templated":true}]}}