{"id":2837,"date":"2014-09-29T13:41:44","date_gmt":"2014-09-29T12:41:44","guid":{"rendered":"http:\/\/www.caths.cz\/wordpress\/?p=2837"},"modified":"2014-09-29T13:41:44","modified_gmt":"2014-09-29T12:41:44","slug":"v-praze-na-strahove-se-uskutecnil-velky-cyklisticky-podnik-na-zaver-silnicni-sezony","status":"publish","type":"post","link":"https:\/\/www.caths.cz\/wordpress\/v-praze-na-strahove-se-uskutecnil-velky-cyklisticky-podnik-na-zaver-silnicni-sezony\/","title":{"rendered":"V Praze na Strahov\u011b se uskute\u010dnil velk\u00fd cyklistick\u00fd podnik na z\u00e1v\u011br silni\u010dn\u00ed sez\u00f3ny"},"content":{"rendered":"<p>Pra\u017esk\u00fd Strahov byl u\u017e po p\u00e1t\u00e9 v \u0159ad\u011b d\u011bji\u0161t\u011bm fin\u00e1lov\u00e9ho z\u00e1vodu Evropsk\u00e9ho poh\u00e1ru handicapovan\u00fdch cyklist\u016f, fin\u00e1lov\u00e9ho z\u00e1vodu ml\u00e1de\u017ee a \u017een \u010cesk\u00e9ho poh\u00e1ru na silnici a tak\u00e9 d\u011bji\u0161t\u011bm v\u00fdznamn\u00e9ho tuzemsk\u00e9ho z\u00e1vodu \u2013 Memori\u00e1lu Ev\u017eena a Jaroslava Cihl\u00e1\u0159e pro kategorii mu\u017e\u016f Elite.V\u00edt\u011bzem Memori\u00e1lu Ev\u017eena a Jaroslava Cihl\u00e1\u0159e se stal jezdec pra\u017esk\u00e9 Dukly Alois Ka\u0148kovsk\u00fd p\u0159ed Milanem Kadlecem (ASC Dukla Praha) a Tom\u00e1\u0161em Buch\u00e1\u010dkem (Bauknecht Athor Cycling Team). Velmi siln\u011b obsazen\u00e9mu z\u00e1vodu \u017een dominovala z\u00e1vodnice Anna Svobodov\u00e1 (KCR Roudnice N.L.) spole\u010dn\u011b s\u00a0talentovanou juniorkou a bikerkou Barborou Pr\u016fdkovou z po\u0159\u00e1daj\u00edc\u00edho t\u00fdmu NUTREND Specialized Racing, kter\u00e9 s\u00a0v\u00fdrazn\u00fdm n\u00e1skokem odjely sv\u00fdm soupe\u0159k\u00e1m. Na druh\u00e9m m\u00edst\u011b v\u00a0kategorii \u017een se um\u00edstila Jarmila Macha\u010dov\u00e1 p\u0159ed Luci\u00ed Z\u00e1leskou (ob\u011b ACS Dukla Praha) Zlatou te\u010dkou celodenn\u00edho pestr\u00e9ho z\u00e1vodn\u00edho programu byl z\u00e1vod junior\u016f, kter\u00fd v\u00a0dramatick\u00e9m spurtu pro sebe rozhodnul jezdec t\u00fdmu SKC Tufo Prost\u011bjov Lud\u011bk Helis, t\u011bsn\u011b p\u0159ed Janem Rajchartem NUTREND Specialized Racing a Ji\u0159\u00edm Petru\u0161em (Mapei Cyklo Ka\u0148kovsk\u00fd). <\/p>\n<p> <img decoding=\"async\" src=\"\/wordpress\/image\/sekretarky\/cyklistika\/EP 2014\/EP handicap_Tereza Diepoldova.jpg\"> <\/p>\n<p> Z\u00e1vod Evropsk\u00e9ho poh\u00e1ru handicapovan\u00fdch cyklist\u016f p\u0159inesl \u00fasp\u011bchy i \u010desk\u00fdm barv\u00e1m. V\u00fdborn\u00fd v\u00fdkon po ro\u010dn\u00ed z\u00e1vodn\u00ed pauze p\u0159edvedla st\u0159\u00edbrn\u00e1 paralympijsk\u00e1 medailistky z\u00a0Lond\u00fdna a mistrovstv\u00ed sv\u011bta Tereza Diepoldov\u00e1, NUTREND Specialized Racing a potvrdila informaci, \u017ee se v\u00a0p\u0159\u00ed\u0161t\u00edm roce v\u00a0pln\u00e9 s\u00edle hodl\u00e1 vr\u00e1tit zp\u011bt do z\u00e1vodn\u00edho koloto\u010de vrcholn\u00e9 paracyklistiky. Velmi dobr\u00e9 je i t\u0159et\u00ed m\u00edsto t\u00fdmov\u00e9ho kolegy Terezy, Tom\u00e1\u0161e Kajnara v\u00a0kategorii C5. Celkov\u00fdm v\u00edt\u011bzem kategorie C2 se stal Ivo Koblasa z\u00a0t\u00fdmu TJ Favorit Brno. V\u00a0kategorii handbike se na stupn\u00edch v\u00edt\u011bz\u016f um\u00edstili Tom\u00e1\u0161 Mo\u0161ni\u010dka (Dukla Praha) a Michal \u0160i\u0161ka (Nutrend Specialized Racing), kte\u0159\u00ed obsadili druh\u00e9 a t\u0159et\u00ed m\u00edsto v\u00a0kategorii MH3 a Ji\u0159\u00ed Kuchta na druh\u00e9m m\u00edst\u011b v\u00a0kategorii MH1. V\u00a0kategorii \u017een se um\u00edstila na prvn\u00edm m\u00edst\u011b Kate\u0159ina Anto\u0161ov\u00e1 (\u010cern\u00ed kon\u011b).<br \/> Bohu\u017eel i na Strahov\u011b pokra\u010dovala sm\u016fla v\u00a0podob\u011b zran\u011bn\u00ed na\u0161ich nej\u00fasp\u011b\u0161n\u011bj\u0161\u00edch jezdc\u016f. P\u0159i rozj\u00ed\u017ed\u011bn\u00ed se po chvilkov\u00e9 nepozornosti ocitl na zemi i n\u00e1\u0161 nejzku\u0161en\u011bj\u0161\u00ed handicapovan\u00fd cyklista, mistr sv\u011bta a mnohon\u00e1sobn\u00fd medailista MS, ME i paralympijsk\u00fdch her, Michal Stark. N\u00e1sledky p\u00e1du jsou velmi z\u00e1va\u017en\u00e9, zlomen\u00e1 p\u00e1nevn\u00ed kost s\u00a0neodkladn\u00fdm operativn\u00edm z\u00e1krokem. <\/p>\n<p> V\u00fdsledky z\u00a0obou z\u00e1vodn\u00edch dn\u016f naleznete na <a href=\"http:\/\/www.championchip.cz\/new\/vysledky.php\">http:\/\/www.championchip.cz\/new\/vysledky.php<\/a> <\/p>\n<p> Foto: <a href=\"http:\/\/www.skcpraha.cz\">www.skcpraha.cz<\/a><\/p>\n<p> <img decoding=\"async\" src=\"\/wordpress\/image\/sekretarky\/cyklistika\/EP 2014\/paracycling-european-cup_praha2014_05.jpg\"><\/p>\n","protected":false},"excerpt":{"rendered":"<a href=\"https:\/\/www.caths.cz\/wordpress\/v-praze-na-strahove-se-uskutecnil-velky-cyklisticky-podnik-na-zaver-silnicni-sezony\/\"><img loading=\"lazy\" decoding=\"async\" width=\"100\" height=\"100\" src=\"https:\/\/www.caths.cz\/wordpress\/wp-content\/plugins\/thumbnail-for-excerpts\/tfe_no_thumb.png\" class=\"alignleft wp-post-image tfe\" alt=\"\" title=\"\" \/><\/a><p>Pra\u017esk\u00fd Strahov byl u\u017e po p\u00e1t\u00e9 v \u0159ad\u011b d\u011bji\u0161t\u011bm fin\u00e1lov\u00e9ho z\u00e1vodu Evropsk\u00e9ho poh\u00e1ru handicapovan\u00fdch cyklist\u016f, fin\u00e1lov\u00e9ho z\u00e1vodu ml\u00e1de\u017ee a \u017een \u010cesk\u00e9ho poh\u00e1ru na silnici a tak\u00e9 d\u011bji\u0161t\u011bm v\u00fdznamn\u00e9ho tuzemsk\u00e9ho z\u00e1vodu [&hellip;]<\/p>\n","protected":false},"author":1,"featured_media":0,"comment_status":"closed","ping_status":"closed","sticky":false,"template":"","format":"standard","meta":{"ngg_post_thumbnail":0,"footnotes":""},"categories":[1],"tags":[],"class_list":["post-2837","post","type-post","status-publish","format-standard","hentry","category-nezarazene"],"_links":{"self":[{"href":"https:\/\/www.caths.cz\/wordpress\/wp-json\/wp\/v2\/posts\/2837","targetHints":{"allow":["GET"]}}],"collection":[{"href":"https:\/\/www.caths.cz\/wordpress\/wp-json\/wp\/v2\/posts"}],"about":[{"href":"https:\/\/www.caths.cz\/wordpress\/wp-json\/wp\/v2\/types\/post"}],"author":[{"embeddable":true,"href":"https:\/\/www.caths.cz\/wordpress\/wp-json\/wp\/v2\/users\/1"}],"replies":[{"embeddable":true,"href":"https:\/\/www.caths.cz\/wordpress\/wp-json\/wp\/v2\/comments?post=2837"}],"version-history":[{"count":0,"href":"https:\/\/www.caths.cz\/wordpress\/wp-json\/wp\/v2\/posts\/2837\/revisions"}],"wp:attachment":[{"href":"https:\/\/www.caths.cz\/wordpress\/wp-json\/wp\/v2\/media?parent=2837"}],"wp:term":[{"taxonomy":"category","embeddable":true,"href":"https:\/\/www.caths.cz\/wordpress\/wp-json\/wp\/v2\/categories?post=2837"},{"taxonomy":"post_tag","embeddable":true,"href":"https:\/\/www.caths.cz\/wordpress\/wp-json\/wp\/v2\/tags?post=2837"}],"curies":[{"name":"wp","href":"https:\/\/api.w.org\/{rel}","templated":true}]}}