{"id":2836,"date":"2014-09-27T20:52:57","date_gmt":"2014-09-27T19:52:57","guid":{"rendered":"http:\/\/www.caths.cz\/wordpress\/?p=2836"},"modified":"2014-09-27T20:52:57","modified_gmt":"2014-09-27T19:52:57","slug":"uvodni-den-evropskeho-poharu-handicapovanych-cyklistu-v-praze-na-strahove-prinesl-radu-atraktivnich-zavodu","status":"publish","type":"post","link":"https:\/\/www.caths.cz\/wordpress\/uvodni-den-evropskeho-poharu-handicapovanych-cyklistu-v-praze-na-strahove-prinesl-radu-atraktivnich-zavodu\/","title":{"rendered":"\u00davodn\u00ed den Evropsk\u00e9ho poh\u00e1ru handicapovan\u00fdch cyklist\u016f v Praze na Strahov\u011b p\u0159inesl \u0159adu atraktivn\u00edch z\u00e1vod\u016f"},"content":{"rendered":"<p>\u00davodn\u00ed den velk\u00e9ho integra\u010dn\u00edho cyklistick\u00e9ho podniku v Praze na Strahov\u011b, jeho\u017e sou\u010d\u00e1st\u00ed je neodmysliteln\u011b fin\u00e1le Evropsk\u00e9ho poh\u00e1ru handicapovan\u00fdch cyklist\u016f p\u0159inesl celou \u0159adu n\u00e1dhern\u00fdch souboj\u016f ve v\u0161ech kategori\u00edch. Pra\u017esk\u00e9ho z\u00e1vodu se \u00fa\u010dastn\u00ed cel\u00e1 \u0159ada cyklistick\u00fdch osobnost\u00ed. Poprv\u00e9 od v\u00e1\u017en\u00e9ho \u00farazu se na ve\u0159ejnosti uk\u00e1zal i nej\u00fasp\u011b\u0161n\u011bj\u0161\u00ed handicapovan\u00fd cyklista sv\u011bta Ji\u0159\u00ed Je\u017eek, kter\u00fd p\u0159i\u0161el pozdravit a povzbudit sv\u00e9 reprezenta\u010dn\u00ed kolegy i p\u0159\u00e1tele sv\u011btov\u00e9ho pelotonu, kte\u0159\u00ed na Strahov\u011b z\u00e1vod\u00ed. S obrovsk\u00fdm z\u00e1jmem div\u00e1k\u016f i z\u00e1vodn\u00edk\u016f v ot\u00e1zk\u00e1ch na sv\u016fj zdravotn\u00ed stav se setk\u00e1val doslova na ka\u017ed\u00e9m kroku. <br \/> Po ro\u010dn\u00ed pauze v Praze z\u00e1vodila i Tereza Diepoldov\u00e1 a vedla si v\u00fdborn\u011b, v\u00fdsledn\u00fd \u010das je velk\u00fdm p\u0159\u00edslibem pro jej\u00ed dal\u0161\u00ed p\u0159\u00edpravu. <\/p>\n<p> V\u00fdsledky prvn\u00edho dne naleznete <a href=\"http:\/\/www.championchip.cz\/new\/akce.php?idakce=2014092710\" target=\"_blank\"> zde<\/a> <\/p>\n<p> <img decoding=\"async\" src=\"\/wordpress\/image\/sekretarky\/cyklistika\/EP 2014\/10006989_10153551604077316_6751690593640678693_n.jpg\"><\/p>\n","protected":false},"excerpt":{"rendered":"<a href=\"https:\/\/www.caths.cz\/wordpress\/uvodni-den-evropskeho-poharu-handicapovanych-cyklistu-v-praze-na-strahove-prinesl-radu-atraktivnich-zavodu\/\"><img loading=\"lazy\" decoding=\"async\" width=\"100\" height=\"100\" src=\"https:\/\/www.caths.cz\/wordpress\/wp-content\/plugins\/thumbnail-for-excerpts\/tfe_no_thumb.png\" class=\"alignleft wp-post-image tfe\" alt=\"\" title=\"\" \/><\/a><p>\u00davodn\u00ed den velk\u00e9ho integra\u010dn\u00edho cyklistick\u00e9ho podniku v Praze na Strahov\u011b, jeho\u017e sou\u010d\u00e1st\u00ed je neodmysliteln\u011b fin\u00e1le Evropsk\u00e9ho poh\u00e1ru handicapovan\u00fdch cyklist\u016f p\u0159inesl celou \u0159adu n\u00e1dhern\u00fdch souboj\u016f ve v\u0161ech kategori\u00edch. Pra\u017esk\u00e9ho z\u00e1vodu se [&hellip;]<\/p>\n","protected":false},"author":1,"featured_media":0,"comment_status":"closed","ping_status":"closed","sticky":false,"template":"","format":"standard","meta":{"ngg_post_thumbnail":0,"footnotes":""},"categories":[1],"tags":[],"class_list":["post-2836","post","type-post","status-publish","format-standard","hentry","category-nezarazene"],"_links":{"self":[{"href":"https:\/\/www.caths.cz\/wordpress\/wp-json\/wp\/v2\/posts\/2836","targetHints":{"allow":["GET"]}}],"collection":[{"href":"https:\/\/www.caths.cz\/wordpress\/wp-json\/wp\/v2\/posts"}],"about":[{"href":"https:\/\/www.caths.cz\/wordpress\/wp-json\/wp\/v2\/types\/post"}],"author":[{"embeddable":true,"href":"https:\/\/www.caths.cz\/wordpress\/wp-json\/wp\/v2\/users\/1"}],"replies":[{"embeddable":true,"href":"https:\/\/www.caths.cz\/wordpress\/wp-json\/wp\/v2\/comments?post=2836"}],"version-history":[{"count":0,"href":"https:\/\/www.caths.cz\/wordpress\/wp-json\/wp\/v2\/posts\/2836\/revisions"}],"wp:attachment":[{"href":"https:\/\/www.caths.cz\/wordpress\/wp-json\/wp\/v2\/media?parent=2836"}],"wp:term":[{"taxonomy":"category","embeddable":true,"href":"https:\/\/www.caths.cz\/wordpress\/wp-json\/wp\/v2\/categories?post=2836"},{"taxonomy":"post_tag","embeddable":true,"href":"https:\/\/www.caths.cz\/wordpress\/wp-json\/wp\/v2\/tags?post=2836"}],"curies":[{"name":"wp","href":"https:\/\/api.w.org\/{rel}","templated":true}]}}