{"id":2835,"date":"2014-09-24T18:40:47","date_gmt":"2014-09-24T17:40:47","guid":{"rendered":"http:\/\/www.caths.cz\/wordpress\/?p=2835"},"modified":"2014-09-24T18:40:47","modified_gmt":"2014-09-24T17:40:47","slug":"ipc-vyhlasilo-25-top-momentu-od-sveho-vzniku","status":"publish","type":"post","link":"https:\/\/www.caths.cz\/wordpress\/ipc-vyhlasilo-25-top-momentu-od-sveho-vzniku\/","title":{"rendered":"IPC vyhl\u00e1silo 25 TOP moment\u016f od sv\u00e9ho vzniku"},"content":{"rendered":"<p>Zaj\u00edmav\u00fd po\u010din u\u010dinilo veden\u00ed Mezin\u00e1rodn\u00edho paralympijsk\u00e9ho v\u00fdboru. Ze stovek z\u00e1znam\u016f hlasovali pro 25 nejv\u00fdrazn\u011bj\u0161\u00edch moment\u016f v paralympijsk\u00e9 historii od zalo\u017een\u00ed IPC, ke kter\u00e9mu do\u0161lo 22. z\u00e1\u0159\u00ed 1989 v n\u011bmeck\u00e9m D\u00fcsseldorfu.V\u00edt\u011bzem t\u00e9to ankety, se staly jednozna\u010dn\u011b paralympijsk\u00e9 hry v Lond\u00fdn\u011b 2012, kter\u00fdch se z\u00fa\u010dastnilo 4236 sportovc\u016f ze 164 zem\u00ed. Sout\u011b\u017eilo se ve 20 sportech a prodalo se rekordn\u00edch 2,7 milionu vstupenek. <\/p>\n<p> Televizn\u00ed vys\u00edl\u00e1n\u00ed z\u00a0Lond\u00fdna bylo p\u0159en\u00e1\u0161eno do 100 zem\u00ed sv\u011bta a sledoval ho neuv\u011b\u0159iteln\u00fd po\u010det div\u00e1k\u016f \u2013 3,8 miliardy\u2026 <br \/> &nbsp; <img decoding=\"async\" src=\"\/wordpress\/image\/sekretarky\/CER_2389.jpg\"> <\/p>\n<p> <strong>TOP 25 paralympijsk\u00fdch moment\u016f: <\/strong> <br \/> <strong>\u00a0<\/strong> <br \/> <strong>1. Paralympijsk\u00e9 hry London 2012<\/strong> <br \/> <strong>2. Motto Lond\u00fdna pro olympijsk\u00e9 a paralympijsk\u00e9 hry:\u201c Jedna nab\u00eddka, jedna dohoda, jedno m\u011bsto\u201c <\/strong> <br \/> <strong>3. Paralympijsk\u00e9 hry Barcelona 1992 \u00a0<\/strong> <br \/> <strong>4. Britsk\u00fd sprinter Jonnie Peacock ve fin\u00e1lov\u00e9m z\u00e1vod\u011b v\u00a0Lond\u00fdn\u011b 2012, uml\u010del 80 000 lid\u00ed na stadionu p\u0159ed sv\u00fdm startem a postaral se tak o neopakovatelnou atmosf\u00e9ru a nap\u011bt\u00ed p\u0159ed z\u00e1vodem \u00a0<\/strong> <br \/> <strong>5. Paralympijsk\u00e9 hry Sydney 2000 \u00a0<\/strong> <br \/> <strong>6. Velk\u00e1 \u010d\u00ednsk\u00e1 ze\u010f a \u00a0Zak\u00e1zan\u00e9 m\u011bsto byly zp\u0159\u00edstupn\u011bny <\/strong> <br \/> <strong>7. Prvn\u00ed dohoda mezi Mezin\u00e1rodn\u00edm olympijsk\u00fdm a paralympijsk\u00fdm v\u00fdborem <\/strong> <br \/> <strong>8. Paralympijsk\u00e9 hry So\u010di 2014 <\/strong> <br \/> <strong>9. CPI je vytvo\u0159ena v D\u00fcsseldorfu <\/strong> <br \/> <strong>10. \u00a0Paralympijsk\u00e9 hry Peking 2008 &#8211; slavnostn\u00ed zah\u00e1jen\u00ed <\/strong> <br \/> <strong>11.\u00a0 zah\u00e1jena \u010dinnost \u00a0ParalympicSport.TV \u00a0<\/strong> <br \/> <strong>12. \u00a0Dohoda s Mezin\u00e1rodn\u00edm olympijsk\u00fdm v\u00fdborem, podepsan\u00e1 v Lond\u00fdn\u011b 2012 <\/strong> <br \/> <strong>13.\u00a0 Zah\u00e1jen projekt \u201eNov\u00e1 vize\u201c <\/strong> <br \/> <strong>14. \u00a0s\u00eddlo IPC otev\u0159eno v n\u011bmeck\u00e9m Bonnu <\/strong> <br \/> <strong>15. \u00a0\u00edr\u00e1nsk\u00fd lukost\u0159elec vyhr\u00e1v\u00e1 v Lond\u00fdn\u011b 2012 zlato <\/strong> <br \/> <strong>16. \u00a0z\u00e1pas USA v\u00a0Rusko v\u00a0p\u0159\u00edm\u00e9m p\u0159enosu na NBC <\/strong> <br \/> <strong>17. \u00a0zalo\u017eena Nadace Agitos \u00a0<\/strong> <br \/> <strong>18. \u00a0Odhalen\u00ed nov\u00e9ho loga IPC v\u00a0At\u00e9n\u00e1ch 2004<\/strong> <br \/> <strong>19. \u00a0Emotivn\u00ed v\u00edt\u011bzstv\u00ed handbikera Alexe Zanardiho na LPH v\u00a0Lond\u00fdn\u011b<\/strong> <br \/> <strong>20. \u00a0Rwanda sestavila volejbalov\u00fd t\u00fdm pro Lond\u00fdn 2012 <\/strong> <br \/> <strong>21.\u00a0 Plavkyn\u011b Trischa Zorn z\u00edskala 55. paralympijsk\u00fdch medail\u00ed z\u00a0toho 41 zlat\u00fdch <\/strong> <br \/> <strong>22. \u00a0Zve\u0159ejn\u011bn\u00ed Klasifika\u010dn\u00edho k\u00f3du \u00a0<\/strong> <br \/> <strong>23. \u00a0Prvn\u00ed Mezin\u00e1rodn\u00ed paralympijsk\u00fd den <\/strong> <br \/> <strong>24.\u00a0 Prezidentem IPC zvolen sir Philip Craven <\/strong> <br \/> <strong>25. \u00a02007 Panamerick\u00e9 paralympijsk\u00e9 hry <\/strong> <\/p>\n<p> &nbsp; <br \/> <a href=\"http:\/\/www.ipc25.com\">www.ipc25.com<\/a> <\/p>\n<p> &nbsp; <img decoding=\"async\" src=\"\/wordpress\/image\/sekretarky\/Alessandro-Zanardi-celebr-009.jpg\"><\/p>\n","protected":false},"excerpt":{"rendered":"<a href=\"https:\/\/www.caths.cz\/wordpress\/ipc-vyhlasilo-25-top-momentu-od-sveho-vzniku\/\"><img loading=\"lazy\" decoding=\"async\" width=\"100\" height=\"100\" src=\"https:\/\/www.caths.cz\/wordpress\/wp-content\/plugins\/thumbnail-for-excerpts\/tfe_no_thumb.png\" class=\"alignleft wp-post-image tfe\" alt=\"\" title=\"\" \/><\/a><p>Zaj\u00edmav\u00fd po\u010din u\u010dinilo veden\u00ed Mezin\u00e1rodn\u00edho paralympijsk\u00e9ho v\u00fdboru. Ze stovek z\u00e1znam\u016f hlasovali pro 25 nejv\u00fdrazn\u011bj\u0161\u00edch moment\u016f v paralympijsk\u00e9 historii od zalo\u017een\u00ed IPC, ke kter\u00e9mu do\u0161lo 22. z\u00e1\u0159\u00ed 1989 v n\u011bmeck\u00e9m D\u00fcsseldorfu.V\u00edt\u011bzem [&hellip;]<\/p>\n","protected":false},"author":1,"featured_media":0,"comment_status":"closed","ping_status":"closed","sticky":false,"template":"","format":"standard","meta":{"ngg_post_thumbnail":0,"footnotes":""},"categories":[6],"tags":[],"class_list":["post-2835","post","type-post","status-publish","format-standard","hentry","category-caths-info"],"_links":{"self":[{"href":"https:\/\/www.caths.cz\/wordpress\/wp-json\/wp\/v2\/posts\/2835","targetHints":{"allow":["GET"]}}],"collection":[{"href":"https:\/\/www.caths.cz\/wordpress\/wp-json\/wp\/v2\/posts"}],"about":[{"href":"https:\/\/www.caths.cz\/wordpress\/wp-json\/wp\/v2\/types\/post"}],"author":[{"embeddable":true,"href":"https:\/\/www.caths.cz\/wordpress\/wp-json\/wp\/v2\/users\/1"}],"replies":[{"embeddable":true,"href":"https:\/\/www.caths.cz\/wordpress\/wp-json\/wp\/v2\/comments?post=2835"}],"version-history":[{"count":0,"href":"https:\/\/www.caths.cz\/wordpress\/wp-json\/wp\/v2\/posts\/2835\/revisions"}],"wp:attachment":[{"href":"https:\/\/www.caths.cz\/wordpress\/wp-json\/wp\/v2\/media?parent=2835"}],"wp:term":[{"taxonomy":"category","embeddable":true,"href":"https:\/\/www.caths.cz\/wordpress\/wp-json\/wp\/v2\/categories?post=2835"},{"taxonomy":"post_tag","embeddable":true,"href":"https:\/\/www.caths.cz\/wordpress\/wp-json\/wp\/v2\/tags?post=2835"}],"curies":[{"name":"wp","href":"https:\/\/api.w.org\/{rel}","templated":true}]}}