{"id":2834,"date":"2014-09-24T00:43:04","date_gmt":"2014-09-23T23:43:04","guid":{"rendered":"http:\/\/www.caths.cz\/wordpress\/?p=2834"},"modified":"2014-09-24T00:43:04","modified_gmt":"2014-09-23T23:43:04","slug":"v-prazskych-repich-se-uskutecnil-finalovy-zavod-prazskeho-mtb-poharu-2014","status":"publish","type":"post","link":"https:\/\/www.caths.cz\/wordpress\/v-prazskych-repich-se-uskutecnil-finalovy-zavod-prazskeho-mtb-poharu-2014\/","title":{"rendered":"V pra\u017esk\u00fdch \u0158ep\u00edch se uskute\u010dnil fin\u00e1lov\u00fd z\u00e1vod Pra\u017esk\u00e9ho MTB poh\u00e1ru 2014"},"content":{"rendered":"<p>Uplynulou ned\u011bli v pra\u017esk\u00fdch \u0158ep\u00edch prob\u011bhl fin\u00e1lov\u00fd z\u00e1vod Pra\u017esk\u00e9ho MTB poh\u00e1ru 2014. V\u0161ch p\u011bt kol prob\u011bhlo rovn\u011b\u017e za \u00fa\u010dasti handicapovan\u00fdch cyklist\u016f. Celkov\u00fdm v\u00edt\u011bzem se v kategorii T\u011blesn\u011b handicapovan\u00ed stal Tom\u00e1\u0161 Mast\u00edk p\u0159ed Petrem Kocmanem a Franti\u0161kem Hrstkou.<br \/>\n<br \/>\nV kategorii Sluchov\u011b posti\u017een\u00ed vybojoval prvenstv\u00ed Roman Dohnal, druh\u00fd skon\u010dil Jan \u010capek a t\u0159et\u00ed Franti\u0161ek Kocurek.<br \/>\n<img decoding=\"async\" src=\"\/wordpress\/image\/sekretarky\/cyklistika\/PMTBP\/193_male.jpg\"><\/p>\n<p> Celkem 24 unik\u00e1tn\u00edch poh\u00e1rov\u00fdch sad s\u00a0typickou pra\u017eskou kostkou u\u017e m\u00e1 sv\u00e9 majitele. Rozhodnul o tom fin\u00e1lov\u00fd z\u00e1vod v\u00a0\u0158ep\u00edch. <br \/> Celkov\u00fdmi v\u00edt\u011bzi jednotliv\u00fdch kategori\u00ed\u00a0 Pra\u017esk\u00e9ho MTB poh\u00e1ru pro rok 2014 se stali: <br \/> <strong>Mu\u017ei Elite:\u00a0 Daniel Luke\u0161 (Author Team Stupno)<\/strong><br \/> <strong>\u017deny Elite: Karla \u0160t\u011bp\u00e1nov\u00e1 (Kona Cycling Point)<\/strong><br \/> <strong>Mu\u017ei Open: Pavel \u0160ediv\u00fd (BTK EuroBike Praha)<\/strong><br \/> <strong>Junio\u0159i: Michal Z\u00e1potock\u00fd (KH Tour Czech cycling team)<\/strong><br \/> <strong>Juniorky: Barbora Pr\u016fdkov\u00e1 (Nutrend Specialized Racing)<\/strong><br \/> <strong>Kadeti: Milan Vopat (Author Team Stupno)<\/strong><br \/> <strong>Kadetky: Denisa Luke\u0161ov\u00e1 (Author Team Stupno)<\/strong><br \/> <strong>\u017d\u00e1ci II.: Luk\u00e1\u0161 Klap (Bikeclinic \u2013 junior \u2013 team)<\/strong><br \/> <strong>\u017d\u00e1kyn\u011b II.: Magdalena Mi\u0161o\u0148ov\u00e1 (Sokol Velt\u011b\u017e)<\/strong><br \/> <strong>\u017d\u00e1ci I.: Jakub Dan\u011bk (TJ Cykloprag)<\/strong><br \/> <strong>\u017d\u00e1kyn\u011b I.: Dagmar Hejhalov\u00e1 (TJ Cykloprag)<\/strong><br \/> <strong>Masters I.: Petr Dobr\u00fd (Bicycle Cafe)<\/strong><br \/> <strong>Masters II.: Miroslav Mestek (Specialized.cz)<\/strong><br \/> <strong>Masters III.: V\u00e1clav Nov\u00e1k (Atombike)<\/strong><br \/> <strong>Masters IV.: Miroslav Svoboda (Kbely Cycling Team)<\/strong><br \/> <strong>T\u011blesn\u011b handicapovan\u00ed: Tom\u00e1\u0161 Mast\u00edk (\u010cern\u00ed kon\u011b)<\/strong><br \/> <strong>Sluchov\u011b posti\u017een\u00ed &#8211; mu\u017ei: Roman Dohnal (SK SKIVELO nesly\u0161\u00edc\u00edch Olomouc)<\/strong><br \/> <strong>Sluchov\u011b posti\u017een\u00ed &#8211; \u017eeny: Renata \u0160ul\u00e1kov\u00e1 (SK SKIVELO nesly\u0161\u00edc\u00edch Olomouc)<\/strong><br \/> <strong>ho\u0161i do 10 let: Filip Samec (Bikeclinic \u2013 junior \u2013 team)<\/strong><br \/> <strong>Richard Kobr (Bike Team Sokol Kr\u00e1l\u016fv Dv\u016fr)<\/strong><br \/> <strong>d\u00edvky do 10 let: Hana \u0160indel\u00e1\u0159ov\u00e1 (MP Sport)<\/strong><br \/> <strong>ho\u0161i do 7 let: Daniel Maximus Hendrich (Mr. Bike Hendrich MTB Junior Team)<\/strong><br \/> <strong>d\u00edvky do 7 let: Daniela Nov\u00e1kov\u00e1 (BMX \u0158epy)<\/strong><br \/> <strong>odr\u00e1\u017eedla: Mart\u00ednek Jarou\u0161 (CK Calabrone) \u00a0\u00a0<\/strong><\/p>\n<p> V\u00a0sout\u011b\u017ei t\u00fdm\u016f zv\u00edt\u011bzili jezdci po\u0159adatelsk\u00e9ho t\u00fdmu <strong>Nutrend Specialized Racing<\/strong> p\u0159ed z\u00e1vodn\u00edky TJ Cykloprag a Author Team Stupno. Klubov\u00e9 sout\u011b\u017ee se z\u00fa\u010dastnilo velk\u00e9 mno\u017estv\u00ed t\u00fdm\u016f \u2013 celkem 42 a rozd\u00edly v\u00a0celkov\u00e9m po\u0159ad\u00ed byly jen minim\u00e1ln\u00ed, co\u017e dod\u00e1valo sout\u011b\u017ei na zaj\u00edmavosti po cel\u00fd rok.<br \/> Pra\u017esk\u00fd MTB poh\u00e1r tak m\u00e1 za sebou druh\u00fd ro\u010dn\u00edk sv\u00e9 existence. Pro svou popularitu mezi \u0161irokou cyklistickou ve\u0159ejnost\u00ed a n\u00e1v\u0161t\u011bvnost byl tento seri\u00e1l XCO z\u00e1vod\u016f za\u0159azen\u00fd do projektu \u010cesk\u00e9 unie sportu \u2013 \u201eSportuj s\u00a0n\u00e1mi\u201c.<br \/> V\u00a0tuto chv\u00edli u\u017e vznik\u00e1 koncepce Pra\u017esk\u00e9ho MTB poh\u00e1ru pro rok 2015. Jej\u00ed podoba bude zve\u0159ejn\u011bna v\u00a0pr\u016fb\u011bhu podzimu. <\/p>\n<p> V\u00edce informac\u00ed, fotografie, v\u00fdsledky: <a href=\"http:\/\/www.skcpraha.cz\">www.skcpraha.cz<\/a> \u00a0<a href=\"http:\/\/www.prahamtb.cz\">www.prahamtb.cz<\/a> <\/p>\n<p> <img decoding=\"async\" src=\"\/wordpress\/image\/sekretarky\/cyklistika\/PMTBP\/10648300_10204817817554734_110766170739373290_o (1).jpg\"><\/p>\n","protected":false},"excerpt":{"rendered":"<a href=\"https:\/\/www.caths.cz\/wordpress\/v-prazskych-repich-se-uskutecnil-finalovy-zavod-prazskeho-mtb-poharu-2014\/\"><img loading=\"lazy\" decoding=\"async\" width=\"100\" height=\"100\" src=\"https:\/\/www.caths.cz\/wordpress\/wp-content\/plugins\/thumbnail-for-excerpts\/tfe_no_thumb.png\" class=\"alignleft wp-post-image tfe\" alt=\"\" title=\"\" \/><\/a><p>Uplynulou ned\u011bli v pra\u017esk\u00fdch \u0158ep\u00edch prob\u011bhl fin\u00e1lov\u00fd z\u00e1vod Pra\u017esk\u00e9ho MTB poh\u00e1ru 2014. V\u0161ch p\u011bt kol prob\u011bhlo rovn\u011b\u017e za \u00fa\u010dasti handicapovan\u00fdch cyklist\u016f. Celkov\u00fdm v\u00edt\u011bzem se v kategorii T\u011blesn\u011b handicapovan\u00ed stal Tom\u00e1\u0161 [&hellip;]<\/p>\n","protected":false},"author":1,"featured_media":0,"comment_status":"closed","ping_status":"closed","sticky":false,"template":"","format":"standard","meta":{"ngg_post_thumbnail":0,"footnotes":""},"categories":[40],"tags":[],"class_list":["post-2834","post","type-post","status-publish","format-standard","hentry","category-pojed-s-nami"],"_links":{"self":[{"href":"https:\/\/www.caths.cz\/wordpress\/wp-json\/wp\/v2\/posts\/2834","targetHints":{"allow":["GET"]}}],"collection":[{"href":"https:\/\/www.caths.cz\/wordpress\/wp-json\/wp\/v2\/posts"}],"about":[{"href":"https:\/\/www.caths.cz\/wordpress\/wp-json\/wp\/v2\/types\/post"}],"author":[{"embeddable":true,"href":"https:\/\/www.caths.cz\/wordpress\/wp-json\/wp\/v2\/users\/1"}],"replies":[{"embeddable":true,"href":"https:\/\/www.caths.cz\/wordpress\/wp-json\/wp\/v2\/comments?post=2834"}],"version-history":[{"count":0,"href":"https:\/\/www.caths.cz\/wordpress\/wp-json\/wp\/v2\/posts\/2834\/revisions"}],"wp:attachment":[{"href":"https:\/\/www.caths.cz\/wordpress\/wp-json\/wp\/v2\/media?parent=2834"}],"wp:term":[{"taxonomy":"category","embeddable":true,"href":"https:\/\/www.caths.cz\/wordpress\/wp-json\/wp\/v2\/categories?post=2834"},{"taxonomy":"post_tag","embeddable":true,"href":"https:\/\/www.caths.cz\/wordpress\/wp-json\/wp\/v2\/tags?post=2834"}],"curies":[{"name":"wp","href":"https:\/\/api.w.org\/{rel}","templated":true}]}}