{"id":2832,"date":"2014-09-22T17:04:27","date_gmt":"2014-09-22T16:04:27","guid":{"rendered":"http:\/\/www.caths.cz\/wordpress\/?p=2832"},"modified":"2014-09-22T17:04:27","modified_gmt":"2014-09-22T16:04:27","slug":"prazsky-strahov-se-chysta-na-cyklisticky-svatek-finalovy-zavod-evropskeho-poharu-finale-cp-mladeze-a-memorial-evzena-a-jaroslava-cihlare","status":"publish","type":"post","link":"https:\/\/www.caths.cz\/wordpress\/prazsky-strahov-se-chysta-na-cyklisticky-svatek-finalovy-zavod-evropskeho-poharu-finale-cp-mladeze-a-memorial-evzena-a-jaroslava-cihlare\/","title":{"rendered":"Pra\u017esk\u00fd Strahov se chyst\u00e1 na cyklistick\u00fd sv\u00e1tek &#8211; fin\u00e1lov\u00fd z\u00e1vod Evropsk\u00e9ho poh\u00e1ru, fin\u00e1le \u010cP ml\u00e1de\u017ee a Memori\u00e1l Ev\u017eena a Jaroslava Cihl\u00e1\u0159e"},"content":{"rendered":"<p>V\u00edce ne\u017e sto z\u00e1vodn\u00edk\u016f ze 17 st\u00e1t\u016f, v\u010detn\u011b z\u00e1mo\u0159sk\u00fdch zem\u00ed \u2013 USA, Venezuely a Spojen\u00fdch Arabsk\u00fdch Emir\u00e1t\u016f je v tuto chv\u00edli p\u0159ihl\u00e1\u0161eno k fin\u00e1lov\u00e9mu z\u00e1vodu Evropsk\u00e9ho poh\u00e1ru handicapovan\u00fdch cyklist\u016f, kter\u00fd se uskute\u010dn\u00ed v posledn\u00edm z\u00e1\u0159ijov\u00e9m v\u00edkendu (27. \u2013 28.9.) v Praze na Strahov\u011b.Na div\u00e1cky zaj\u00edmav\u00e9 a pro z\u00e1vodn\u00edky n\u00e1ro\u010dn\u00e9 strahovsk\u00e9 trati se uskute\u010dn\u00ed u\u017e p\u00e1t\u00fd ro\u010dn\u00edk Evropsk\u00e9ho poh\u00e1ru handicapovan\u00fdch cyklist\u016f a po\u0159adatelsk\u00fd t\u00fdm z SK Cyklist\u016f Praha Nutrend Specialized potvrdil i kandidaturu na po\u0159\u00e1d\u00e1n\u00ed Sv\u011btov\u00e9ho poh\u00e1ru v roce 2015. <\/p>\n<p> Ji\u017e tradi\u010dn\u00ed sou\u010d\u00e1st\u00ed pra\u017esk\u00e9ho z\u00e1vodu je tak\u00e9 fin\u00e1lov\u00fd z\u00e1vod \u010cesk\u00e9ho poh\u00e1ru ml\u00e1de\u017ee a \u017een v\u00a0silni\u010dn\u00edch discipl\u00edn\u00e1ch a Memori\u00e1l Ev\u017eena a Jaroslava Cihl\u00e1\u0159e, vypsan\u00fd pro kategorie jezdc\u016f Elite. <strong>Propojen\u00edm v\u00fdznamn\u00fdch cyklistick\u00fdch podnik\u016f s\u00a0handicapem a bez handicapu je tak realizov\u00e1n unik\u00e1tn\u00ed integra\u010dn\u00ed projekt, kter\u00fd pra\u017esk\u00fd z\u00e1vod \u0159ad\u00ed k\u00a0nejv\u011bt\u0161\u00edm integra\u010dn\u00edm cyklistick\u00fdm projekt\u016fm na sv\u011bt\u011b.<\/strong> <\/p>\n<p> <strong>\u00a0<\/strong> Z\u00e1vodu se z\u00fa\u010dastn\u00ed mnoho slavn\u00fdch cyklist\u016f, medailist\u016f z\u00a0paralympijsk\u00fdch her, Sv\u011btov\u00fdch poh\u00e1r\u016f a mistrovstv\u00ed sv\u011bta. Po t\u00e9m\u011b\u0159 ro\u010dn\u00ed z\u00e1vodn\u00ed pauze se na z\u00e1vodn\u00ed tra\u0165 vrac\u00ed tak\u00e9 st\u0159\u00edbrn\u00e1 medailistka paralympijsk\u00fdch her v\u00a0Lond\u00fdn\u011b, sympatick\u00e1 studentka FTVS UK, Tereza Diepoldov\u00e1. Div\u00e1ci tak\u00e9 budou moci pozdravit nej\u00fasp\u011b\u0161n\u011bj\u0161\u00edho handicapovan\u00e9ho cyklistu sv\u011bta Ji\u0159\u00edho Je\u017eka, kter\u00fd se zotavuje z\u00a0v\u00e1\u017en\u00e9ho zran\u011bn\u00ed, na Strahov se p\u0159ijede pod\u00edvat a bude n\u011bkter\u00e9 fin\u00e1lov\u00e9 z\u00e1vody spolukomentovat. <\/p>\n<p> V\u00edce informac\u00ed: <a href=\"http:\/\/www.skcpraha.cz\">www.skcpraha.cz<\/a> \u00a0a <a href=\"http:\/\/www.caths.cz\/ecp\/\">http:\/\/www.caths.cz\/ecp\/<\/a> <\/p>\n<p> <img decoding=\"async\" src=\"\/wordpress\/image\/sekretarky\/cyklistika\/EP 2014\/ecp2012sobota 013_13.jpg\"><\/p>\n<p> <img decoding=\"async\" src=\"\/wordpress\/image\/sekretarky\/cyklistika\/EP 2014\/ecp2012nedele 075_13.jpg\"><\/p>\n<p> <img decoding=\"async\" src=\"\/wordpress\/image\/sekretarky\/cyklistika\/EP 2014\/Strahov_mladez_start_13.jpg\"><\/p>\n<p> <img decoding=\"async\" src=\"\/wordpress\/image\/sekretarky\/cyklistika\/EP 2014\/Strahov_Mem.E.Cihlare_13.jpg\"><\/p>\n","protected":false},"excerpt":{"rendered":"<a href=\"https:\/\/www.caths.cz\/wordpress\/prazsky-strahov-se-chysta-na-cyklisticky-svatek-finalovy-zavod-evropskeho-poharu-finale-cp-mladeze-a-memorial-evzena-a-jaroslava-cihlare\/\"><img loading=\"lazy\" decoding=\"async\" width=\"100\" height=\"100\" src=\"https:\/\/www.caths.cz\/wordpress\/wp-content\/plugins\/thumbnail-for-excerpts\/tfe_no_thumb.png\" class=\"alignleft wp-post-image tfe\" alt=\"\" title=\"\" \/><\/a><p>V\u00edce ne\u017e sto z\u00e1vodn\u00edk\u016f ze 17 st\u00e1t\u016f, v\u010detn\u011b z\u00e1mo\u0159sk\u00fdch zem\u00ed \u2013 USA, Venezuely a Spojen\u00fdch Arabsk\u00fdch Emir\u00e1t\u016f je v tuto chv\u00edli p\u0159ihl\u00e1\u0161eno k fin\u00e1lov\u00e9mu z\u00e1vodu Evropsk\u00e9ho poh\u00e1ru handicapovan\u00fdch cyklist\u016f, kter\u00fd [&hellip;]<\/p>\n","protected":false},"author":1,"featured_media":0,"comment_status":"closed","ping_status":"closed","sticky":false,"template":"","format":"standard","meta":{"ngg_post_thumbnail":0,"footnotes":""},"categories":[1],"tags":[],"class_list":["post-2832","post","type-post","status-publish","format-standard","hentry","category-nezarazene"],"_links":{"self":[{"href":"https:\/\/www.caths.cz\/wordpress\/wp-json\/wp\/v2\/posts\/2832","targetHints":{"allow":["GET"]}}],"collection":[{"href":"https:\/\/www.caths.cz\/wordpress\/wp-json\/wp\/v2\/posts"}],"about":[{"href":"https:\/\/www.caths.cz\/wordpress\/wp-json\/wp\/v2\/types\/post"}],"author":[{"embeddable":true,"href":"https:\/\/www.caths.cz\/wordpress\/wp-json\/wp\/v2\/users\/1"}],"replies":[{"embeddable":true,"href":"https:\/\/www.caths.cz\/wordpress\/wp-json\/wp\/v2\/comments?post=2832"}],"version-history":[{"count":0,"href":"https:\/\/www.caths.cz\/wordpress\/wp-json\/wp\/v2\/posts\/2832\/revisions"}],"wp:attachment":[{"href":"https:\/\/www.caths.cz\/wordpress\/wp-json\/wp\/v2\/media?parent=2832"}],"wp:term":[{"taxonomy":"category","embeddable":true,"href":"https:\/\/www.caths.cz\/wordpress\/wp-json\/wp\/v2\/categories?post=2832"},{"taxonomy":"post_tag","embeddable":true,"href":"https:\/\/www.caths.cz\/wordpress\/wp-json\/wp\/v2\/tags?post=2832"}],"curies":[{"name":"wp","href":"https:\/\/api.w.org\/{rel}","templated":true}]}}