{"id":2831,"date":"2014-09-15T12:52:15","date_gmt":"2014-09-15T11:52:15","guid":{"rendered":"http:\/\/www.caths.cz\/wordpress\/?p=2831"},"modified":"2014-09-15T12:52:15","modified_gmt":"2014-09-15T11:52:15","slug":"cesky-pohar-hanbike-pokracoval-v-usti-nad-labem","status":"publish","type":"post","link":"https:\/\/www.caths.cz\/wordpress\/cesky-pohar-hanbike-pokracoval-v-usti-nad-labem\/","title":{"rendered":"\u010cesk\u00fd poh\u00e1r hanbike pokra\u010doval v \u00dast\u00ed nad Labem"},"content":{"rendered":"<p>Druh\u00e1 z\u00e1\u0159ijov\u00e1 ned\u011ble pat\u0159ila v \u00dast\u00ed nad Labem p\u016flmaratonu, kde se tak\u00e9 konal p\u0159edposledn\u00ed z\u00e1vod \u010desk\u00e9ho poh\u00e1ru silni\u010dn\u00edch handbik\u016f.Letos se jel z\u00e1vod v podob\u011b silni\u010dn\u00edho krit\u00e9ria na 2 km okruhu v centru m\u011bsta. <br \/> V\u0161ichni handbike\u0159i absolvovali tra\u0165 dlouhou 60 min + 1 kolo. Od za\u010d\u00e1tku z\u00e1vodu ud\u00e1vala tempo 4-\u010dlenn\u00e1 skupinka ve slo\u017een\u00ed Tom\u00e1\u0161 Mo\u0161ni\u010dka, V\u00e1clav Antal, Zbyn\u011bk \u0160vehla a Michal \u0160i\u0161ka. <br \/> Nejrychlej\u0161\u00edm se nakonec stal V\u00e1clav Antal (MH3). V\u00edt\u011bzem v kategorii MH4 byl Zbyn\u011bk \u0160vehla, kategorii MH1 vyhr\u00e1l Patrik Jahoda, MH2 Martin Kov\u00e1\u0159 a kategorii WH Kate\u0159ina Anto\u0161ov\u00e1. <\/p>\n<p> Video ze z\u00e1vodu naleznete <a href=\"http:\/\/katkakrebsova.rajce.idnes.cz\/Cesky_pohar_handbike%2C_Usti_nad_Labem%2C_14.9.2014\/#SAM_0020.jpg\" target=\"_blank\"> zde<\/a> a <a href=\"http:\/\/katkakrebsova.rajce.idnes.cz\/Cesky_pohar_handbike%2C_Usti_nad_Labem%2C_14.9.2014\/#SAM_0055.jpg\" target=\"_blank\"> zde<\/a> <\/p>\n<p> <img decoding=\"async\" src=\"\/wordpress\/image\/sekretarky\/handbike\/cp usti\/SAM_0017.jpg\"><\/p>\n","protected":false},"excerpt":{"rendered":"<a href=\"https:\/\/www.caths.cz\/wordpress\/cesky-pohar-hanbike-pokracoval-v-usti-nad-labem\/\"><img loading=\"lazy\" decoding=\"async\" width=\"100\" height=\"100\" src=\"https:\/\/www.caths.cz\/wordpress\/wp-content\/plugins\/thumbnail-for-excerpts\/tfe_no_thumb.png\" class=\"alignleft wp-post-image tfe\" alt=\"\" title=\"\" \/><\/a><p>Druh\u00e1 z\u00e1\u0159ijov\u00e1 ned\u011ble pat\u0159ila v \u00dast\u00ed nad Labem p\u016flmaratonu, kde se tak\u00e9 konal p\u0159edposledn\u00ed z\u00e1vod \u010desk\u00e9ho poh\u00e1ru silni\u010dn\u00edch handbik\u016f.Letos se jel z\u00e1vod v podob\u011b silni\u010dn\u00edho krit\u00e9ria na 2 km okruhu [&hellip;]<\/p>\n","protected":false},"author":1,"featured_media":0,"comment_status":"closed","ping_status":"closed","sticky":false,"template":"","format":"standard","meta":{"ngg_post_thumbnail":0,"footnotes":""},"categories":[9],"tags":[],"class_list":["post-2831","post","type-post","status-publish","format-standard","hentry","category-handbike"],"_links":{"self":[{"href":"https:\/\/www.caths.cz\/wordpress\/wp-json\/wp\/v2\/posts\/2831","targetHints":{"allow":["GET"]}}],"collection":[{"href":"https:\/\/www.caths.cz\/wordpress\/wp-json\/wp\/v2\/posts"}],"about":[{"href":"https:\/\/www.caths.cz\/wordpress\/wp-json\/wp\/v2\/types\/post"}],"author":[{"embeddable":true,"href":"https:\/\/www.caths.cz\/wordpress\/wp-json\/wp\/v2\/users\/1"}],"replies":[{"embeddable":true,"href":"https:\/\/www.caths.cz\/wordpress\/wp-json\/wp\/v2\/comments?post=2831"}],"version-history":[{"count":0,"href":"https:\/\/www.caths.cz\/wordpress\/wp-json\/wp\/v2\/posts\/2831\/revisions"}],"wp:attachment":[{"href":"https:\/\/www.caths.cz\/wordpress\/wp-json\/wp\/v2\/media?parent=2831"}],"wp:term":[{"taxonomy":"category","embeddable":true,"href":"https:\/\/www.caths.cz\/wordpress\/wp-json\/wp\/v2\/categories?post=2831"},{"taxonomy":"post_tag","embeddable":true,"href":"https:\/\/www.caths.cz\/wordpress\/wp-json\/wp\/v2\/tags?post=2831"}],"curies":[{"name":"wp","href":"https:\/\/api.w.org\/{rel}","templated":true}]}}