{"id":2830,"date":"2014-09-13T23:13:46","date_gmt":"2014-09-13T22:13:46","guid":{"rendered":"http:\/\/www.caths.cz\/wordpress\/?p=2830"},"modified":"2014-09-13T23:13:46","modified_gmt":"2014-09-13T22:13:46","slug":"mistrovstvi-ceske-republiky-v-benchpressu-2014","status":"publish","type":"post","link":"https:\/\/www.caths.cz\/wordpress\/mistrovstvi-ceske-republiky-v-benchpressu-2014\/","title":{"rendered":"Mistrovstv\u00ed \u010cesk\u00e9 republiky v benchpressu 2014"},"content":{"rendered":"<p>P\u0159\u00ed\u0161t\u00ed v\u00edkend prob\u011bhne v \u010cesk\u00fdch Bud\u011bjovic\u00edch Otev\u0159en\u00e9 mistrovstv\u00ed \u010cesk\u00e9 republiky v benchpressu t\u011blesn\u011b posti\u017een\u00fdch sportovc\u016f. Dvoudenn\u00ed \u0161ampion\u00e1t je op\u011bt po\u0159\u00e1d\u00e1n sportovn\u00edm klubem 1.Centrum t\u011blesn\u011b posti\u017een\u00fdch Ji\u017en\u00edch \u010cech.V leto\u0161n\u00edm roce se krom\u011b t\u011blesn\u011b posti\u017een\u00fdch p\u0159edstav\u00ed i sportovci se zrakov\u00fdm handicapem a ment\u00e1ln\u00edm. <\/p>\n<p> Propozice k M\u010cR naleznete <a href=\"http:\/\/www.caths.cz\/storage\/sekretarky\/vzpirani\/Propozice Otevrene MCR TP 2014.pdf\" target=\"_blank\"> zde<\/a> <\/p>\n<p> <img decoding=\"async\" src=\"\/wordpress\/image\/sekretarky\/vzpirani\/bench.jpg\"><\/p>\n","protected":false},"excerpt":{"rendered":"<a href=\"https:\/\/www.caths.cz\/wordpress\/mistrovstvi-ceske-republiky-v-benchpressu-2014\/\"><img loading=\"lazy\" decoding=\"async\" width=\"100\" height=\"100\" src=\"https:\/\/www.caths.cz\/wordpress\/wp-content\/plugins\/thumbnail-for-excerpts\/tfe_no_thumb.png\" class=\"alignleft wp-post-image tfe\" alt=\"\" title=\"\" \/><\/a><p>P\u0159\u00ed\u0161t\u00ed v\u00edkend prob\u011bhne v \u010cesk\u00fdch Bud\u011bjovic\u00edch Otev\u0159en\u00e9 mistrovstv\u00ed \u010cesk\u00e9 republiky v benchpressu t\u011blesn\u011b posti\u017een\u00fdch sportovc\u016f. Dvoudenn\u00ed \u0161ampion\u00e1t je op\u011bt po\u0159\u00e1d\u00e1n sportovn\u00edm klubem 1.Centrum t\u011blesn\u011b posti\u017een\u00fdch Ji\u017en\u00edch \u010cech.V leto\u0161n\u00edm roce se [&hellip;]<\/p>\n","protected":false},"author":1,"featured_media":0,"comment_status":"closed","ping_status":"closed","sticky":false,"template":"","format":"standard","meta":{"ngg_post_thumbnail":0,"footnotes":""},"categories":[20],"tags":[],"class_list":["post-2830","post","type-post","status-publish","format-standard","hentry","category-vzpirani"],"_links":{"self":[{"href":"https:\/\/www.caths.cz\/wordpress\/wp-json\/wp\/v2\/posts\/2830","targetHints":{"allow":["GET"]}}],"collection":[{"href":"https:\/\/www.caths.cz\/wordpress\/wp-json\/wp\/v2\/posts"}],"about":[{"href":"https:\/\/www.caths.cz\/wordpress\/wp-json\/wp\/v2\/types\/post"}],"author":[{"embeddable":true,"href":"https:\/\/www.caths.cz\/wordpress\/wp-json\/wp\/v2\/users\/1"}],"replies":[{"embeddable":true,"href":"https:\/\/www.caths.cz\/wordpress\/wp-json\/wp\/v2\/comments?post=2830"}],"version-history":[{"count":0,"href":"https:\/\/www.caths.cz\/wordpress\/wp-json\/wp\/v2\/posts\/2830\/revisions"}],"wp:attachment":[{"href":"https:\/\/www.caths.cz\/wordpress\/wp-json\/wp\/v2\/media?parent=2830"}],"wp:term":[{"taxonomy":"category","embeddable":true,"href":"https:\/\/www.caths.cz\/wordpress\/wp-json\/wp\/v2\/categories?post=2830"},{"taxonomy":"post_tag","embeddable":true,"href":"https:\/\/www.caths.cz\/wordpress\/wp-json\/wp\/v2\/tags?post=2830"}],"curies":[{"name":"wp","href":"https:\/\/api.w.org\/{rel}","templated":true}]}}