{"id":2800,"date":"2014-04-30T17:55:20","date_gmt":"2014-04-30T16:55:20","guid":{"rendered":"http:\/\/www.caths.cz\/wordpress\/?p=2800"},"modified":"2014-04-30T17:55:20","modified_gmt":"2014-04-30T16:55:20","slug":"druhe-kolo-handicupu-hostil-ujezd-nad-lesy","status":"publish","type":"post","link":"https:\/\/www.caths.cz\/wordpress\/druhe-kolo-handicupu-hostil-ujezd-nad-lesy\/","title":{"rendered":"Druh\u00e9 kolo handiCupu hostil \u00dajezd nad lesy"},"content":{"rendered":"<p>V ned\u011bli 27.4. se odehr\u00e1l za podpory Nadace \u010cEZ dal\u0161\u00ed d\u00edl ze seri\u00e1lu \u010cesk\u00e9ho poh\u00e1ru handicapovan\u00fdch v horsk\u00e9 cyklistice, handiCUP 2014. Tentokr\u00e1t se sout\u011b\u017eilo, vzhledem k povaze trasy z\u00e1vodu, pouze ve vybran\u00fdch kategori\u00edch.<br \/>\nHostitelem tohoto kola byl tentokr\u00e1t z\u00e1vod \u00dajezdsk\u00fd duatlon, kter\u00fd spad\u00e1 do s\u00e9rie T\u0159i pro zdrav\u00ed. Tyto z\u00e1vody jsou zn\u00e1my svou \u201erodinnou\u201c atmosf\u00e9rou s absenc\u00ed stresov\u00fdch situac\u00ed. Ond\u0159ej Brou\u010dek, hlavn\u00ed organiz\u00e1tor, je mnoh\u00fdm zn\u00e1m z Pra\u017esk\u00e9ho mezin\u00e1rodn\u00edho maratonu, kde je takt\u00e9\u017e sou\u010d\u00e1st\u00ed organiza\u010dn\u00edho teamu. <\/p>\n<p> Za handicap se sout\u011b\u017eilo v kategori\u00edch handbike (ru\u010dn\u00ed kolo), tricykl a junior. Cyklistick\u00fd okruh m\u011b\u0159il necel\u00fdch 14km, tricykl a handbike mu\u017ei jeli okruhy dva, ostatn\u00ed m\u011bli z\u00e1vod na jedno kolo. Jednalo se o pom\u011brn\u011b rychl\u00fd z\u00e1vod s minim\u00e1ln\u00edm p\u0159ev\u00fd\u0161en\u00edm, a tak byl vhodn\u00fd i pro za\u010d\u00e1te\u010dn\u00edky. Poprv\u00e9 za kliky handbike usedla Andrea Brzobohat\u00e1 a Linda Faiklov\u00e1, kter\u00e9 ve sv\u00e9 kategorii m\u011bli za soupe\u0159ku Petru Hurtovou. <\/p>\n<p> Linda Faiklov\u00e1 je od ran\u00e9ho d\u011btstv\u00ed posti\u017eena Encefalitidou, co\u017e je z\u00e1n\u011btliv\u00e9 onemocn\u011bn\u00ed mozku. Jedn\u00e1 se tak\u00e9 o \u017eivot ohro\u017euj\u00edc\u00ed onemocn\u011bn\u00ed, kter\u00e9 m\u00e1 rychl\u00fd n\u00e1stup. Projevuje se zprudka hore\u010dkami a silnou bolest\u00ed hlavy, kter\u00e9 p\u0159ech\u00e1zej\u00ed v poruchy v\u011bdom\u00ed. Linda m\u00e1 po nemoci trval\u00e9 n\u00e1sledky, kter\u00e9 se projevuj\u00ed \u0161patnou pohybovou koordinac\u00ed a zhor\u0161enou rovnov\u00e1hou, co\u017e pro Lindu znamen\u00e1, \u017ee na b\u011b\u017en\u00e9m kole nedok\u00e1\u017ee jezdit. S Lindou jsme se domluvili telefonicky, p\u0159ijela u\u017e v p\u00e1tek. Nejprve jsme zkou\u0161eli j\u00edzdu na tricyklu. Zde se projevovala sn\u00ed\u017een\u00e1 pohybov\u00e1 koordinace t\u011bla a pro Lindu byla j\u00edzda na tricyklu hodn\u011b n\u00e1ro\u010dn\u00e1, hlavn\u011b pro nutnost pln\u00e9ho soust\u0159ed\u011bn\u00ed se na ka\u017ed\u00fd sv\u016fj pohyb a chov\u00e1n\u00ed kola. V sobotu tedy zkusila handbike (ru\u010dn\u00ed kolo), kter\u00fd ji umo\u017enil j\u00edzdu, p\u0159i kter\u00e9 se nemusela maxim\u00e1ln\u011b soust\u0159edit, a mohla si u\u017e\u00edt radost z pohybu. <\/p>\n<p> Linda i Andrea maj\u00ed n\u00e1\u0161 pln\u00fd obdiv, \u017ee se z\u00fa\u010dastnili sv\u00e9ho prvn\u00edho z\u00e1vodu \u00fapln\u011b bez p\u0159\u00edprav, a \u017ee z\u00e1vod dokon\u010dili. Toto jist\u011b potvrd\u00ed ka\u017ed\u00fd, kdo si b\u011bhem z\u00e1vodu vyzkou\u0161el j\u00edzdu na handbike na virtu\u00e1ln\u00edm trena\u017eeru u n\u00e1s ve st\u00e1nku. Nikdo nevydr\u017eel to\u010dit rukama d\u00e9le ne\u017e 5 minut. <\/p>\n<p> V\u00fdsledky z\u00e1vodu: <br \/> Handicap Junior<br \/> 1. Jakub Trefn\u00fd <\/p>\n<p> Tricykl<br \/> 1. Zden\u011bk Zvolsk\u00fd <br \/> Handbike mu\u017ei<br \/> 1. Tom\u00e1\u0161 Mo\u0161ni\u010dka<br \/> 2. Radoslav Fabi\u00e1n<br \/> 3. Milan Bart\u016fn\u011bk<br \/> 4. Petr Nerad<br \/> 5. Martin B\u0159ou\u0161ek<br \/> 6. Radovan Civi\u0161<\/p>\n<p> Handbike \u017eeny<br \/> 1. Petra Hurtov\u00e1<br \/> 2. Andrea Brzobohat\u00e1<br \/> 3. Linda Faiklov\u00e1<\/p>\n<p><\/p>\n","protected":false},"excerpt":{"rendered":"<a href=\"https:\/\/www.caths.cz\/wordpress\/druhe-kolo-handicupu-hostil-ujezd-nad-lesy\/\"><img loading=\"lazy\" decoding=\"async\" width=\"100\" height=\"100\" src=\"https:\/\/www.caths.cz\/wordpress\/wp-content\/plugins\/thumbnail-for-excerpts\/tfe_no_thumb.png\" class=\"alignleft wp-post-image tfe\" alt=\"\" title=\"\" \/><\/a><p>V ned\u011bli 27.4. se odehr\u00e1l za podpory Nadace \u010cEZ dal\u0161\u00ed d\u00edl ze seri\u00e1lu \u010cesk\u00e9ho poh\u00e1ru handicapovan\u00fdch v horsk\u00e9 cyklistice, handiCUP 2014. Tentokr\u00e1t se sout\u011b\u017eilo, vzhledem k povaze trasy z\u00e1vodu, pouze [&hellip;]<\/p>\n","protected":false},"author":1,"featured_media":0,"comment_status":"closed","ping_status":"closed","sticky":false,"template":"","format":"standard","meta":{"ngg_post_thumbnail":0,"footnotes":""},"categories":[6],"tags":[],"class_list":["post-2800","post","type-post","status-publish","format-standard","hentry","category-caths-info"],"_links":{"self":[{"href":"https:\/\/www.caths.cz\/wordpress\/wp-json\/wp\/v2\/posts\/2800","targetHints":{"allow":["GET"]}}],"collection":[{"href":"https:\/\/www.caths.cz\/wordpress\/wp-json\/wp\/v2\/posts"}],"about":[{"href":"https:\/\/www.caths.cz\/wordpress\/wp-json\/wp\/v2\/types\/post"}],"author":[{"embeddable":true,"href":"https:\/\/www.caths.cz\/wordpress\/wp-json\/wp\/v2\/users\/1"}],"replies":[{"embeddable":true,"href":"https:\/\/www.caths.cz\/wordpress\/wp-json\/wp\/v2\/comments?post=2800"}],"version-history":[{"count":0,"href":"https:\/\/www.caths.cz\/wordpress\/wp-json\/wp\/v2\/posts\/2800\/revisions"}],"wp:attachment":[{"href":"https:\/\/www.caths.cz\/wordpress\/wp-json\/wp\/v2\/media?parent=2800"}],"wp:term":[{"taxonomy":"category","embeddable":true,"href":"https:\/\/www.caths.cz\/wordpress\/wp-json\/wp\/v2\/categories?post=2800"},{"taxonomy":"post_tag","embeddable":true,"href":"https:\/\/www.caths.cz\/wordpress\/wp-json\/wp\/v2\/tags?post=2800"}],"curies":[{"name":"wp","href":"https:\/\/api.w.org\/{rel}","templated":true}]}}