{"id":27884,"date":"2020-01-10T12:21:50","date_gmt":"2020-01-10T11:21:50","guid":{"rendered":"http:\/\/www.caths.cz\/wordpress\/?p=27884"},"modified":"2020-01-10T12:21:50","modified_gmt":"2020-01-10T11:21:50","slug":"soutez-organizace-czech-pole-sport-organization-ve-sportovnim-odvetvi-pole-sport-para-pole","status":"publish","type":"post","link":"https:\/\/www.caths.cz\/wordpress\/soutez-organizace-czech-pole-sport-organization-ve-sportovnim-odvetvi-pole-sport-para-pole\/","title":{"rendered":"Sout\u011b\u017e organizace Czech Pole Sport Organization ve sportovn\u00edm odv\u011btv\u00ed Pole Sport (Para pole)!"},"content":{"rendered":"<p>R\u00e1di bychom V\u00e1m p\u0159edstavili sout\u011b\u017e, kterou po\u0159\u00e1d\u00e1 organizace\u00a0<strong>Czech Pole Sport Organization<\/strong>\u00a0ve sportovn\u00edm odv\u011btv\u00ed Pole Sport (Para Pole). Jedn\u00e1 se o akrobacii na vertik\u00e1ln\u00ed ty\u010di, kter\u00e1 snoub\u00ed atletiku, gymnastiku, s\u00edlu, flexibilitu a tanec.<\/p>\n<p>&nbsp;<\/p>\n<p><strong>O koho jde?<\/strong>\u00a0Czech Pole Sport Organization je neziskov\u00e1 organizace zalo\u017eena za \u00fa\u010delem spln\u011bn\u00ed podm\u00ednek a p\u0159ijet\u00ed k\u00a0nadn\u00e1rodn\u00ed federaci IPSF (International Pole Sport Federation). D\u00edky tomu m\u016f\u017ee po\u0159\u00e1dat n\u00e1rodn\u00ed sout\u011b\u017e, ze kter\u00e9 se \u010de\u0161t\u00ed sportovci budou kvalifikovat na sv\u011btov\u00fd \u0161ampion\u00e1t WPSC (World Pole Sport Championship) konan\u00fd v\u00a0\u0159\u00edjnu 2020 ve \u0160v\u00fdcarsku.<\/p>\n<p>&nbsp;<\/p>\n<p><strong>Sout\u011b\u017en\u00ed historie:<\/strong>\u00a0V roce 2006 provedla spole\u010dnost Katie Coates pr\u016fzkum, aby zjistila n\u00e1zor pole dancov\u00e9 komunity na za\u0159azen\u00ed Pole Sports mezi olympijsk\u00e9 sporty; v\u00edce ne\u017e 10 000 hlasovalo pro. V roce 2008 za\u010dal Tim Trautman z USA spolupracovat s Katie na Mezin\u00e1rodn\u00ed Pole Sport federaci a term\u00edn Pole Sports nav\u017edy zm\u011bnil vn\u00edm\u00e1n\u00ed pole dance z volno\u010dasov\u00e9 aktivity na sportovn\u00ed discipl\u00ednu na mezin\u00e1rodn\u00ed \u00farovni. N\u00e1sledn\u011b se za\u010daly formovat n\u00e1rodn\u00ed federace a organizovaly se sout\u011b\u017en\u00ed t\u00fdmy. V roce 2012 se konalo 1. mistrovstv\u00ed sv\u011bta v Pole Sport s pouze 43 sportovci ze 14 zem\u00ed; pouze 5 mu\u017e\u016f. V roce 2013 byla spu\u0161t\u011bna kategorie junior\u016f se 7 sportovci. Jen o 5 let pozd\u011bji, v roce 2017, do\u0161lo k n\u00e1r\u016fstu o v\u00edce ne\u017e 80% v kategorii ml\u00e1de\u017ee; na p\u00f3diu World Pole Sports sout\u011b\u017eilo celkem 229 sportovc\u016f z 36 zem\u00ed!<\/p>\n<p>&nbsp;<\/p>\n<p><strong>O co p\u0159esn\u011b jde?<\/strong>\u00a0Vedle ostatn\u00edch kategori\u00ed rozd\u011blen\u00fdch dle v\u011bku nebo pohlav\u00ed\u00a0existuje\u00a0vypsan\u00e1 kategorie\u00a0<strong>Para Pole<\/strong>\u00a0&#8211; pro v\u0161echny nad\u0161en\u00e9 p\u0159\u00edznivce sportu s\u00a0jak\u00fdmkoliv handicapem. V\u00a0t\u00e9to kategorii m\u00e1me dv\u011b \u00fasp\u011b\u0161n\u00e9 sout\u011b\u017e\u00edc\u00ed z\u00a0\u010cesk\u00e9 republiky, Danielu Pecinovou a So\u0148u Bunovou a v\u0161ichni by r\u00e1di\u00a0na p\u00f3diu uv\u00edtali i dal\u0161\u00ed sout\u011b\u017e\u00edc\u00ed a samoz\u0159ejm\u011b i d\u011bv\u010data by byla r\u00e1da za v\u011bt\u0161\u00ed konkurenci.<\/p>\n<p><strong>Sout\u011b\u017e se bude konat v\u00a0Praze, ve sportovn\u00ed hale O\u00e1za,\u00a0<a href=\"x-apple-data-detectors:\/\/0\">ul. Jeremenkova<\/a>, dne\u00a0<a href=\"x-apple-data-detectors:\/\/1\">3.5.2020<\/a>.<\/strong><\/p>\n<p>&nbsp;<\/p>\n<p>Zde:\u00a0<a href=\"http:\/\/www.caths.cz\/wordpress\/wp-content\/uploads\/2020\/01\/IPSF-Code-of-Points-2018_20_vFF.pdf\">IPSF Code of Points<\/a> najdete\u00a0pravidla, ve kter\u00fdch je na posledn\u00edch dvou stran\u00e1ch pops\u00e1no hodnocen\u00ed a informace pro sout\u011b\u017e\u00edc\u00ed v\u00a0kategorii Para Pole.<\/p>\n<p>&nbsp;<\/p>\n<p><strong><a href=\"http:\/\/czechpolesport.cz\/?page_id=186\">P\u0159ihl\u00e1\u0161ku<\/a>\u00a0je nutn\u00e9 odeslat do\u00a0<a href=\"x-apple-data-detectors:\/\/2\">31.1.2020<\/a>.<\/strong>\u00a0Z\u00e1rove\u0148\u00a0je se studii\u00a0<a href=\"http:\/\/poleheaven.cz\/rs\/\">Pole Heaven<\/a>\u00a0a\u00a0<a href=\"https:\/\/www.b-pole-studio.cz\/\">B-Pole studio<\/a>\u00a0dohodnut\u00e1 p\u0159\u00edprava sout\u011b\u017e\u00edc\u00edch za zv\u00fdhodn\u011bn\u00fdch podm\u00ednek.<\/p>\n<p>&nbsp;<\/p>\n<p>Zde se m\u016f\u017eete pod\u00edvat na sportovn\u00ed v\u00fdkony n\u011bkter\u00fdch sout\u011b\u017e\u00edc\u00edch z\u00a0Parapole kategorie:<\/p>\n<p>Daniela Pecinov\u00e1\u00a0<a href=\"https:\/\/www.youtube.com\/watch?v=6BveUMCEEE0\">https:\/\/www.youtube.com\/watch?v=6BveUMCEEE0<\/a><\/p>\n<p>Erin Clark (\u0160pan\u011blsko)\u00a0<a href=\"https:\/\/www.youtube.com\/watch?v=0eV3_HM48Hk\">https:\/\/www.youtube.com\/watch?v=0eV3_HM48Hk<\/a><\/p>\n<p>Laura Reyes (\u0160pan\u011blsko)\u00a0<a href=\"https:\/\/www.youtube.com\/watch?v=8wob_293QT0\">https:\/\/www.youtube.com\/watch?v=8wob_293QT0<\/a><\/p>\n<p>Andrew Gregory (Anglie)\u00a0<a href=\"https:\/\/www.youtube.com\/watch?v=kkStDHH1jOU\">https:\/\/www.youtube.com\/watch?v=kkStDHH1jOU<\/a><\/p>\n<p>&nbsp;<\/p>\n<p>V\u00edce informac\u00ed naleznete na\u00a0<a href=\"http:\/\/czechpolesport.cz\/\">http:\/\/czechpolesport.cz\/<\/a>\u00a0nebo kontaktujte p\u0159\u00edmo Czech Pole Sport Organization na:\u00a0<a href=\"mailto:info@czechpolesport.org\">info@czechpolesport.org<\/a><\/p>\n<p>&nbsp;<\/p>\n<p>Za organiza\u010dn\u00ed t\u00fdm:<\/p>\n<p><strong>Anna Galkina, Kara Katz a Michaela Hrb\u00e1\u010dov\u00e1<\/strong><\/p>\n<p>&nbsp;<\/p>\n<p><em>Foto (ilustra\u010dn\u00ed, zdroj: www.youtube.com):<\/em><\/p>\n<p><img decoding=\"async\" src=\"https:\/\/i.ytimg.com\/vi\/0eV3_HM48Hk\/maxresdefault.jpg\" alt=\"V\u00fdsledek obr\u00e1zku pro parapole\" \/><\/p>\n","protected":false},"excerpt":{"rendered":"<a href=\"https:\/\/www.caths.cz\/wordpress\/soutez-organizace-czech-pole-sport-organization-ve-sportovnim-odvetvi-pole-sport-para-pole\/\"><img width=\"100\" height=\"100\" src=\"https:\/\/www.caths.cz\/wordpress\/wp-content\/uploads\/2020\/01\/sds-100x100.jpg\" class=\"alignleft tfe wp-post-image\" alt=\"\" decoding=\"async\" loading=\"lazy\" srcset=\"https:\/\/www.caths.cz\/wordpress\/wp-content\/uploads\/2020\/01\/sds-100x100.jpg 100w, https:\/\/www.caths.cz\/wordpress\/wp-content\/uploads\/2020\/01\/sds-150x150.jpg 150w\" sizes=\"auto, (max-width: 100px) 100vw, 100px\" \/><\/a><p>R\u00e1di bychom V\u00e1m p\u0159edstavili sout\u011b\u017e, kterou po\u0159\u00e1d\u00e1 organizace\u00a0Czech Pole Sport Organization\u00a0ve sportovn\u00edm odv\u011btv\u00ed Pole Sport (Para Pole). Jedn\u00e1 se o akrobacii na vertik\u00e1ln\u00ed ty\u010di, kter\u00e1 snoub\u00ed atletiku, gymnastiku, s\u00edlu, flexibilitu [&hellip;]<\/p>\n","protected":false},"author":1,"featured_media":27886,"comment_status":"closed","ping_status":"closed","sticky":false,"template":"","format":"standard","meta":{"ngg_post_thumbnail":0,"footnotes":""},"categories":[1],"tags":[],"class_list":["post-27884","post","type-post","status-publish","format-standard","has-post-thumbnail","hentry","category-nezarazene"],"_links":{"self":[{"href":"https:\/\/www.caths.cz\/wordpress\/wp-json\/wp\/v2\/posts\/27884","targetHints":{"allow":["GET"]}}],"collection":[{"href":"https:\/\/www.caths.cz\/wordpress\/wp-json\/wp\/v2\/posts"}],"about":[{"href":"https:\/\/www.caths.cz\/wordpress\/wp-json\/wp\/v2\/types\/post"}],"author":[{"embeddable":true,"href":"https:\/\/www.caths.cz\/wordpress\/wp-json\/wp\/v2\/users\/1"}],"replies":[{"embeddable":true,"href":"https:\/\/www.caths.cz\/wordpress\/wp-json\/wp\/v2\/comments?post=27884"}],"version-history":[{"count":1,"href":"https:\/\/www.caths.cz\/wordpress\/wp-json\/wp\/v2\/posts\/27884\/revisions"}],"predecessor-version":[{"id":27887,"href":"https:\/\/www.caths.cz\/wordpress\/wp-json\/wp\/v2\/posts\/27884\/revisions\/27887"}],"wp:featuredmedia":[{"embeddable":true,"href":"https:\/\/www.caths.cz\/wordpress\/wp-json\/wp\/v2\/media\/27886"}],"wp:attachment":[{"href":"https:\/\/www.caths.cz\/wordpress\/wp-json\/wp\/v2\/media?parent=27884"}],"wp:term":[{"taxonomy":"category","embeddable":true,"href":"https:\/\/www.caths.cz\/wordpress\/wp-json\/wp\/v2\/categories?post=27884"},{"taxonomy":"post_tag","embeddable":true,"href":"https:\/\/www.caths.cz\/wordpress\/wp-json\/wp\/v2\/tags?post=27884"}],"curies":[{"name":"wp","href":"https:\/\/api.w.org\/{rel}","templated":true}]}}