{"id":27731,"date":"2019-10-22T16:30:24","date_gmt":"2019-10-22T15:30:24","guid":{"rendered":"http:\/\/www.caths.cz\/wordpress\/?p=27731"},"modified":"2019-10-22T16:30:24","modified_gmt":"2019-10-22T15:30:24","slug":"zhodnoceni-veleuspesneho-ms-ve-strelbe-v-sydney","status":"publish","type":"post","link":"https:\/\/www.caths.cz\/wordpress\/zhodnoceni-veleuspesneho-ms-ve-strelbe-v-sydney\/","title":{"rendered":"Zhodnocen\u00ed vele\u00fasp\u011b\u0161n\u00e9ho MS ve st\u0159elb\u011b v Sydney"},"content":{"rendered":"<p style=\"margin-bottom: .0001pt; line-height: 150%;\">Cesta za \u00fasp\u011bchem zapo\u010dala 8.10.2019, kdy se t\u00fdm st\u0159elc\u016f Jakub Kosek a Tom\u00e1\u0161 Pe\u0161ek se\u0161li na Ruzy\u0148sk\u00e9m leti\u0161ti v Praze. Celkem t\u0159\u00ed\u010dlenn\u00e1 v\u00fdprava pod veden\u00edm Old\u0159icha Jan\u010di se vydala bojovat o dobr\u00e9 um\u00edst\u011bn\u00ed na druh\u00fd konec planety &#8211; na mistrovstv\u00ed sv\u011bta ve st\u0159elb\u011b v Austr\u00e1lii, kter\u00e9 se konalo v Sydney.<\/p>\n<p style=\"margin-bottom: .0001pt; line-height: 150%;\">\n<p style=\"margin-bottom: .0001pt; line-height: 150%;\">\n<p style=\"margin-bottom: .0001pt; line-height: 150%;\">\n<p style=\"margin-bottom: .0001pt; line-height: 150%;\">\n<p style=\"margin-bottom: .0001pt; line-height: 150%;\">Po dlouh\u00e9 a n\u00e1ro\u010dn\u00e9 cest\u011b se \u010desk\u00fd t\u00fdm musel poprat s\u00a0\u010dasov\u00fdm posunem. Prvn\u00ed tr\u00e9nink je \u010dekal hned n\u00e1sleduj\u00edc\u00ed den po p\u0159\u00edletu a za dal\u0161\u00ed 2 dny je \u010dekal prvn\u00ed z\u00e1vod, kde je\u0161t\u011b byla c\u00edtit \u00fanava.<\/p>\n<p style=\"margin-bottom: .0001pt; line-height: 150%;\">\n<p style=\"margin-bottom: .0001pt; line-height: 150%;\">\n<p style=\"margin-bottom: .0001pt; line-height: 150%;\">\n<p style=\"margin-bottom: .0001pt; line-height: 150%;\">\n<p style=\"margin-bottom: .0001pt; line-height: 150%;\">Na\u0161i borci\u00a0se nejprve p\u0159edstavili v discipl\u00edn\u011b P3 (mix 25m, pistole), kde byla je\u0161t\u011b c\u00edtit \u00fanava po dlouh\u00e9 cest\u011b a bohu\u017eel tomu odpov\u00eddaly i celkov\u00e9 v\u00fdsledky. L\u00e9pe se da\u0159ilo Koskovi, kter\u00fd skon\u010dil na 21. m\u00edst\u011b. Pe\u0161ek 32.<\/p>\n<p style=\"margin-bottom: .0001pt; line-height: 150%;\">\n<p style=\"margin-bottom: .0001pt; line-height: 150%;\">\n<p style=\"margin-bottom: .0001pt; line-height: 150%;\">\n<p style=\"margin-bottom: .0001pt; line-height: 150%;\">\n<p style=\"margin-bottom: .0001pt; line-height: 150%;\">Po dni pauzy \u010dekal n\u00e1\u0161 t\u00fdm boj v discipl\u00edn\u011b P5 (mix 10m, vzduchov\u00e1 pistole). V &#8222;p\u011btce&#8220; byly v\u00fdkony daleko lep\u0161\u00ed, nicm\u00e9n\u011b na postup mezi nejlep\u0161\u00edch 8 to bohu\u017eel nesta\u010dilo. Koskovo 15. a Pe\u0161kovo 17. m\u00edsto ov\u0161em dalo najevo, \u017ee se na\u0161i v Austr\u00e1lii za\u010d\u00ednaj\u00ed aklimatizovat.<\/p>\n<p style=\"margin-bottom: .0001pt; line-height: 150%;\">\n<p style=\"margin-bottom: .0001pt; line-height: 150%;\">\n<p style=\"margin-bottom: .0001pt; line-height: 150%;\">\n<p style=\"margin-bottom: .0001pt; line-height: 150%;\">\n<p style=\"margin-bottom: .0001pt; line-height: 150%;\">N\u00e1sleduj\u00edc\u00ed den jsme mohli sledovat souboje v discipl\u00edn\u011b P4 (mix 50m, pistole). I zde byly v\u00fdkony velmi dobr\u00e9, zejm\u00e9na Tom\u00e1\u0161 Pe\u0161ek se bl\u00fdskl a skon\u010dil 14. Jakub Kosek obsadil 43. m\u00edsto ve velmi siln\u00e9 konkurenci.<\/p>\n<p style=\"margin-bottom: .0001pt; line-height: 150%;\">\n<p style=\"margin-bottom: .0001pt; line-height: 150%;\">\n<p style=\"margin-bottom: .0001pt; line-height: 150%;\">\n<p style=\"margin-bottom: .0001pt; line-height: 150%;\">\n<p style=\"margin-bottom: .0001pt; line-height: 150%;\">Na posledn\u00ed discipl\u00edn\u011b (P1 -&gt; 10m, vzduchov\u00e1 pistole) si ale \u010de\u0161t\u00ed borci spravili chu\u0165.<\/p>\n<p style=\"margin-bottom: .0001pt; line-height: 150%;\">\n<p style=\"margin-bottom: .0001pt; line-height: 150%;\">\n<p style=\"margin-bottom: .0001pt; line-height: 150%;\">\n<p style=\"margin-bottom: .0001pt; line-height: 150%;\">\n<p style=\"margin-bottom: .0001pt; line-height: 150%;\">Pe\u0161ek do osmi\u010dlenn\u00e9ho fin\u00e1le postoupil z\u00a05. m\u00edsta n\u00e1st\u0159elem 566\u00a0bod\u016f (z\u00a060 ran)\u00a0z kvalifikace se dv\u011bma \u010c\u00ed\u0148any a Korejci, po jednom z\u00e1stupci pak ve fin\u00e1le m\u011bla Indie, Rusko a Ukrajina.<span id=\"copylink\"><br \/>\n<\/span><\/p>\n<p style=\"margin-bottom: .0001pt; line-height: 150%;\">\n<p style=\"margin-bottom: .0001pt; line-height: 150%;\">\n<p style=\"margin-bottom: .0001pt; line-height: 150%;\">\n<p style=\"margin-bottom: .0001pt; line-height: 150%;\">\n<p style=\"margin-bottom: .0001pt; line-height: 150%;\">Fin\u00e1le prob\u00edhalo velmi suver\u00e9nn\u011b. Tom\u00e1\u0161 byl prakticky celou dobu ve veden\u00ed a solidn\u00ed n\u00e1skok si udr\u017eel a\u017e do konce. Ve fin\u00e1le zv\u00edt\u011bzil a veze si z Austr\u00e1lie titul mistra sv\u011bta a zlatou medaili na krku! Postaral se tak o nejv\u011bt\u0161\u00ed \u00fasp\u011bch ve sv\u00e9 kari\u00e9\u0159e a nyn\u00ed se za\u010d\u00edn\u00e1 p\u0159ipravovat na letn\u00ed paralympijsk\u00e9 hry v Tokiu 2020.<\/p>\n<p style=\"margin-bottom: .0001pt; line-height: 150%;\">\n<p style=\"margin-bottom: .0001pt; line-height: 150%;\">\n<p style=\"margin-bottom: .0001pt; line-height: 150%;\">\n<p style=\"margin-bottom: .0001pt; line-height: 150%;\">\n<p style=\"margin-bottom: .0001pt; line-height: 150%;\">Pozadu nez\u016fstal ani druh\u00fd n\u00e1\u0161 reprezentant Jakub Kosek. St\u0159\u00edlel velice dob\u0159e a kone\u010dn\u00e9 14. m\u00edsto zajistilo \u010cesk\u00e9 republice &#8222;slot&#8220; pro st\u0159elce na LPH 2020!!<\/p>\n<p style=\"margin-bottom: .0001pt; line-height: 150%;\">\n<p style=\"margin-bottom: .0001pt; line-height: 150%;\">\n<p style=\"margin-bottom: .0001pt; line-height: 150%;\">\n<p style=\"margin-bottom: .0001pt; line-height: 150%;\">\n<p style=\"margin-bottom: .0001pt; line-height: 150%;\">MS v Sydney bylo tedy mo\u017en\u00e1 a\u017e nad o\u010dek\u00e1v\u00e1n\u00ed velmi \u00fasp\u011b\u0161n\u00e9!<\/p>\n<p style=\"margin-bottom: .0001pt; line-height: 150%;\">\n<p style=\"margin-bottom: .0001pt; line-height: 150%;\">\n<p style=\"margin-bottom: .0001pt; line-height: 150%;\">\n<p style=\"margin-bottom: .0001pt; line-height: 150%;\">\n<p style=\"margin-bottom: .0001pt; line-height: 150%;\">Tom\u00e1\u0161ovi a Kubovi blahop\u0159ejeme a douf\u00e1me v udr\u017een\u00ed stabiln\u00ed formy pr\u010do n\u00e1sleduj\u00ed, paralympijsk\u00fd rok!<\/p>\n<p style=\"margin-bottom: .0001pt; line-height: 150%;\">\n<p style=\"margin-bottom: .0001pt; line-height: 150%;\">\n<p style=\"margin-bottom: .0001pt; line-height: 150%;\">\n<p style=\"margin-bottom: .0001pt; line-height: 150%;\">\n<p style=\"margin-bottom: .0001pt; line-height: 150%;\"><em>Fotogalerie:<\/em><\/p>\n<p style=\"margin-bottom: .0001pt; line-height: 150%;\"><a href=\"http:\/\/www.caths.cz\/wordpress\/wp-content\/uploads\/2019\/10\/p\u0159\u00edlet.jpg\"><img loading=\"lazy\" decoding=\"async\" class=\"alignleft size-large wp-image-27732\" src=\"http:\/\/www.caths.cz\/wordpress\/wp-content\/uploads\/2019\/10\/p\u0159\u00edlet-888x1024.jpg\" alt=\"p\u0159\u00edlet\" width=\"600\" height=\"692\" srcset=\"https:\/\/www.caths.cz\/wordpress\/wp-content\/uploads\/2019\/10\/p\u0159\u00edlet-888x1024.jpg 888w, https:\/\/www.caths.cz\/wordpress\/wp-content\/uploads\/2019\/10\/p\u0159\u00edlet-260x300.jpg 260w, https:\/\/www.caths.cz\/wordpress\/wp-content\/uploads\/2019\/10\/p\u0159\u00edlet-104x120.jpg 104w, https:\/\/www.caths.cz\/wordpress\/wp-content\/uploads\/2019\/10\/p\u0159\u00edlet.jpg 1388w\" sizes=\"auto, (max-width: 600px) 100vw, 600px\" \/><\/a> <a href=\"http:\/\/www.caths.cz\/wordpress\/wp-content\/uploads\/2019\/10\/IMG_7304.1.jpg\"><img loading=\"lazy\" decoding=\"async\" class=\"alignleft size-large wp-image-27733\" src=\"http:\/\/www.caths.cz\/wordpress\/wp-content\/uploads\/2019\/10\/IMG_7304.1-1024x744.jpg\" alt=\"IMG_7304.1\" width=\"600\" height=\"436\" srcset=\"https:\/\/www.caths.cz\/wordpress\/wp-content\/uploads\/2019\/10\/IMG_7304.1-1024x744.jpg 1024w, https:\/\/www.caths.cz\/wordpress\/wp-content\/uploads\/2019\/10\/IMG_7304.1-300x218.jpg 300w, https:\/\/www.caths.cz\/wordpress\/wp-content\/uploads\/2019\/10\/IMG_7304.1-120x87.jpg 120w, https:\/\/www.caths.cz\/wordpress\/wp-content\/uploads\/2019\/10\/IMG_7304.1.jpg 1485w\" sizes=\"auto, (max-width: 600px) 100vw, 600px\" \/><\/a> <a href=\"http:\/\/www.caths.cz\/wordpress\/wp-content\/uploads\/2019\/10\/IMG_7311.jpg\"><img loading=\"lazy\" decoding=\"async\" class=\"alignleft size-large wp-image-27734\" src=\"http:\/\/www.caths.cz\/wordpress\/wp-content\/uploads\/2019\/10\/IMG_7311-1024x616.jpg\" alt=\"IMG_7311\" width=\"600\" height=\"361\" srcset=\"https:\/\/www.caths.cz\/wordpress\/wp-content\/uploads\/2019\/10\/IMG_7311-1024x616.jpg 1024w, https:\/\/www.caths.cz\/wordpress\/wp-content\/uploads\/2019\/10\/IMG_7311-300x181.jpg 300w, https:\/\/www.caths.cz\/wordpress\/wp-content\/uploads\/2019\/10\/IMG_7311-120x72.jpg 120w, https:\/\/www.caths.cz\/wordpress\/wp-content\/uploads\/2019\/10\/IMG_7311.jpg 1794w\" sizes=\"auto, (max-width: 600px) 100vw, 600px\" \/><\/a> <a href=\"http:\/\/www.caths.cz\/wordpress\/wp-content\/uploads\/2019\/10\/IMG_7794.jpg\"><img loading=\"lazy\" decoding=\"async\" class=\"alignleft size-large wp-image-27735\" src=\"http:\/\/www.caths.cz\/wordpress\/wp-content\/uploads\/2019\/10\/IMG_7794-1024x679.jpg\" alt=\"IMG_7794\" width=\"600\" height=\"398\" srcset=\"https:\/\/www.caths.cz\/wordpress\/wp-content\/uploads\/2019\/10\/IMG_7794-1024x679.jpg 1024w, https:\/\/www.caths.cz\/wordpress\/wp-content\/uploads\/2019\/10\/IMG_7794-300x199.jpg 300w, https:\/\/www.caths.cz\/wordpress\/wp-content\/uploads\/2019\/10\/IMG_7794-120x80.jpg 120w\" sizes=\"auto, (max-width: 600px) 100vw, 600px\" \/><\/a><\/p>\n<p style=\"margin-bottom: .0001pt; line-height: 150%;\">\n","protected":false},"excerpt":{"rendered":"<a href=\"https:\/\/www.caths.cz\/wordpress\/zhodnoceni-veleuspesneho-ms-ve-strelbe-v-sydney\/\"><img width=\"100\" height=\"100\" src=\"https:\/\/www.caths.cz\/wordpress\/wp-content\/uploads\/2019\/10\/IMG_7794-100x100.jpg\" class=\"alignleft tfe wp-post-image\" alt=\"\" decoding=\"async\" loading=\"lazy\" srcset=\"https:\/\/www.caths.cz\/wordpress\/wp-content\/uploads\/2019\/10\/IMG_7794-100x100.jpg 100w, https:\/\/www.caths.cz\/wordpress\/wp-content\/uploads\/2019\/10\/IMG_7794-150x150.jpg 150w\" sizes=\"auto, (max-width: 100px) 100vw, 100px\" \/><\/a><p>Cesta za \u00fasp\u011bchem zapo\u010dala 8.10.2019, kdy se t\u00fdm st\u0159elc\u016f Jakub Kosek a Tom\u00e1\u0161 Pe\u0161ek se\u0161li na Ruzy\u0148sk\u00e9m leti\u0161ti v Praze. Celkem t\u0159\u00ed\u010dlenn\u00e1 v\u00fdprava pod veden\u00edm Old\u0159icha Jan\u010di se vydala bojovat [&hellip;]<\/p>\n","protected":false},"author":1,"featured_media":27735,"comment_status":"closed","ping_status":"closed","sticky":false,"template":"","format":"standard","meta":{"ngg_post_thumbnail":0,"footnotes":""},"categories":[18],"tags":[],"class_list":["post-27731","post","type-post","status-publish","format-standard","has-post-thumbnail","hentry","category-strelba"],"_links":{"self":[{"href":"https:\/\/www.caths.cz\/wordpress\/wp-json\/wp\/v2\/posts\/27731","targetHints":{"allow":["GET"]}}],"collection":[{"href":"https:\/\/www.caths.cz\/wordpress\/wp-json\/wp\/v2\/posts"}],"about":[{"href":"https:\/\/www.caths.cz\/wordpress\/wp-json\/wp\/v2\/types\/post"}],"author":[{"embeddable":true,"href":"https:\/\/www.caths.cz\/wordpress\/wp-json\/wp\/v2\/users\/1"}],"replies":[{"embeddable":true,"href":"https:\/\/www.caths.cz\/wordpress\/wp-json\/wp\/v2\/comments?post=27731"}],"version-history":[{"count":2,"href":"https:\/\/www.caths.cz\/wordpress\/wp-json\/wp\/v2\/posts\/27731\/revisions"}],"predecessor-version":[{"id":27737,"href":"https:\/\/www.caths.cz\/wordpress\/wp-json\/wp\/v2\/posts\/27731\/revisions\/27737"}],"wp:featuredmedia":[{"embeddable":true,"href":"https:\/\/www.caths.cz\/wordpress\/wp-json\/wp\/v2\/media\/27735"}],"wp:attachment":[{"href":"https:\/\/www.caths.cz\/wordpress\/wp-json\/wp\/v2\/media?parent=27731"}],"wp:term":[{"taxonomy":"category","embeddable":true,"href":"https:\/\/www.caths.cz\/wordpress\/wp-json\/wp\/v2\/categories?post=27731"},{"taxonomy":"post_tag","embeddable":true,"href":"https:\/\/www.caths.cz\/wordpress\/wp-json\/wp\/v2\/tags?post=27731"}],"curies":[{"name":"wp","href":"https:\/\/api.w.org\/{rel}","templated":true}]}}