{"id":27726,"date":"2019-10-18T09:19:31","date_gmt":"2019-10-18T08:19:31","guid":{"rendered":"http:\/\/www.caths.cz\/wordpress\/?p=27726"},"modified":"2019-10-18T09:19:31","modified_gmt":"2019-10-18T08:19:31","slug":"tomas-pesek-mistrem-sveta-ve-strelbe-kosek-vystrilel-dalsi-kvotu-pro-cr-na-lph-2020","status":"publish","type":"post","link":"https:\/\/www.caths.cz\/wordpress\/tomas-pesek-mistrem-sveta-ve-strelbe-kosek-vystrilel-dalsi-kvotu-pro-cr-na-lph-2020\/","title":{"rendered":"Tom\u00e1\u0161 Pe\u0161ek mistrem sv\u011bta ve st\u0159elb\u011b!!! Kosek vyst\u0159\u00edlel dal\u0161\u00ed kv\u00f3tu pro \u010cR na LPH 2020!!"},"content":{"rendered":"<p>Neuv\u011b\u0159iteln\u00e9!! Na MS v Sydney v Austr\u00e1lii se Tom\u00e1\u0161 Pe\u0161ek probojoval z p\u00e1t\u00e9ho m\u00edsta do fin\u00e1le, kde nechal naprosto fam\u00f3zn\u00edm v\u00fdkonem v discipl\u00edn\u011b P1 (10m, vzduchov\u00e1 pistole) v\u0161echny soupe\u0159e za sebou!!<\/p>\n<p>&nbsp;<\/p>\n<p>Dal\u0161\u00ed &#8222;r\u00e1nu&#8220; zasadil st\u0159eleck\u00e9mu sv\u011btu Jakub Kosek &#8211; 14. m\u00edsto ve stejn\u00e9 discipl\u00edn\u011b zajistilo \u010cesk\u00e9 republice dal\u0161\u00ed (ji\u017e druh\u00fd) &#8222;kv\u00f3ta plac&#8220; na LPH 2020 v Tokyu!!<\/p>\n<p>&nbsp;<\/p>\n<p>Dal\u0161\u00ed informace z MS v Austr\u00e1lii p\u0159ineseme ji brzy..<\/p>\n<p>&nbsp;<\/p>\n<p>Posledn\u00ed dva roky za\u017e\u00edv\u00e1 na\u0161e st\u0159elba naprosto jedine\u010dn\u00fd vzestup, kter\u00fd odstartovali pr\u00e1v\u011b tito dva borci. Jejich vynikaj\u00edc\u00ed v\u00fdsledky z lo\u0148sk\u00e9ho SP gradovaly v\u00fdkonem Tom\u00e1\u0161e v Chateauroux (FRA), kdy na \u010cR p\u0159ipadla prvn\u00ed kv\u00f3ta na LPH 2020. Tom\u00e1\u0161 se bl\u00fdskl na vrcholu sez\u00f3ny &#8211; ME v B\u011blehrad\u011b, kde se stal \u0161ampionem a p\u0159ivezl tak\u00e9 jedno st\u0159\u00edbro nav\u00edc. D\u00edky t\u011bmto mimo\u0159\u00e1dn\u00fdm v\u00fdkon\u016fm se tak\u00e9 stal zcela po z\u00e1sluze nejlep\u0161\u00edm handicapovan\u00fdm sportovcem roku 2018 a sou\u010dasn\u011b objevem roku 2018. Rok 2019 je nem\u00e9n\u011b \u00fasp\u011b\u0161n\u00fd &#8211; Tom\u00e1\u0161 je mistrem sv\u011bta z MS v Sydney a Jakub Kosek d\u00edky velmi solidn\u00edmu v\u00fdkonu zaji\u0161\u0165uje dal\u0161\u00ed m\u00edsto pro st\u0159elce na LPH 2020 v Tokyu!!<\/p>\n<p>&nbsp;<\/p>\n<p><a href=\"http:\/\/www.caths.cz\/wordpress\/wp-content\/uploads\/2019\/10\/IMG-20191018-WA0001.jpg\"><img loading=\"lazy\" decoding=\"async\" class=\"alignleft size-large wp-image-27727\" src=\"http:\/\/www.caths.cz\/wordpress\/wp-content\/uploads\/2019\/10\/IMG-20191018-WA0001-1024x545.jpg\" alt=\"IMG-20191018-WA0001\" width=\"600\" height=\"319\" srcset=\"https:\/\/www.caths.cz\/wordpress\/wp-content\/uploads\/2019\/10\/IMG-20191018-WA0001-1024x545.jpg 1024w, https:\/\/www.caths.cz\/wordpress\/wp-content\/uploads\/2019\/10\/IMG-20191018-WA0001-300x160.jpg 300w, https:\/\/www.caths.cz\/wordpress\/wp-content\/uploads\/2019\/10\/IMG-20191018-WA0001-120x64.jpg 120w, https:\/\/www.caths.cz\/wordpress\/wp-content\/uploads\/2019\/10\/IMG-20191018-WA0001.jpg 1279w\" sizes=\"auto, (max-width: 600px) 100vw, 600px\" \/><\/a> <a href=\"http:\/\/www.caths.cz\/wordpress\/wp-content\/uploads\/2019\/10\/IMG-20191018-WA0002.jpg\"><img loading=\"lazy\" decoding=\"async\" class=\"alignleft size-large wp-image-27728\" src=\"http:\/\/www.caths.cz\/wordpress\/wp-content\/uploads\/2019\/10\/IMG-20191018-WA0002.jpg\" alt=\"IMG-20191018-WA0002\" width=\"600\" height=\"323\" srcset=\"https:\/\/www.caths.cz\/wordpress\/wp-content\/uploads\/2019\/10\/IMG-20191018-WA0002.jpg 800w, https:\/\/www.caths.cz\/wordpress\/wp-content\/uploads\/2019\/10\/IMG-20191018-WA0002-300x162.jpg 300w, https:\/\/www.caths.cz\/wordpress\/wp-content\/uploads\/2019\/10\/IMG-20191018-WA0002-120x65.jpg 120w\" sizes=\"auto, (max-width: 600px) 100vw, 600px\" \/><\/a> <a href=\"http:\/\/www.caths.cz\/wordpress\/wp-content\/uploads\/2019\/10\/IMG-20191018-WA0004.jpg\"><img loading=\"lazy\" decoding=\"async\" class=\"alignleft size-large wp-image-27729\" src=\"http:\/\/www.caths.cz\/wordpress\/wp-content\/uploads\/2019\/10\/IMG-20191018-WA0004-1024x545.jpg\" alt=\"IMG-20191018-WA0004\" width=\"600\" height=\"319\" srcset=\"https:\/\/www.caths.cz\/wordpress\/wp-content\/uploads\/2019\/10\/IMG-20191018-WA0004-1024x545.jpg 1024w, https:\/\/www.caths.cz\/wordpress\/wp-content\/uploads\/2019\/10\/IMG-20191018-WA0004-300x160.jpg 300w, https:\/\/www.caths.cz\/wordpress\/wp-content\/uploads\/2019\/10\/IMG-20191018-WA0004-120x64.jpg 120w, https:\/\/www.caths.cz\/wordpress\/wp-content\/uploads\/2019\/10\/IMG-20191018-WA0004.jpg 1275w\" sizes=\"auto, (max-width: 600px) 100vw, 600px\" \/><\/a><\/p>\n<p>&nbsp;<\/p>\n","protected":false},"excerpt":{"rendered":"<a href=\"https:\/\/www.caths.cz\/wordpress\/tomas-pesek-mistrem-sveta-ve-strelbe-kosek-vystrilel-dalsi-kvotu-pro-cr-na-lph-2020\/\"><img width=\"100\" height=\"100\" src=\"https:\/\/www.caths.cz\/wordpress\/wp-content\/uploads\/2019\/10\/IMG-20191018-WA0004-100x100.jpg\" class=\"alignleft tfe wp-post-image\" alt=\"\" decoding=\"async\" loading=\"lazy\" srcset=\"https:\/\/www.caths.cz\/wordpress\/wp-content\/uploads\/2019\/10\/IMG-20191018-WA0004-100x100.jpg 100w, https:\/\/www.caths.cz\/wordpress\/wp-content\/uploads\/2019\/10\/IMG-20191018-WA0004-150x150.jpg 150w\" sizes=\"auto, (max-width: 100px) 100vw, 100px\" \/><\/a><p>Neuv\u011b\u0159iteln\u00e9!! Na MS v Sydney v Austr\u00e1lii se Tom\u00e1\u0161 Pe\u0161ek probojoval z p\u00e1t\u00e9ho m\u00edsta do fin\u00e1le, kde nechal naprosto fam\u00f3zn\u00edm v\u00fdkonem v discipl\u00edn\u011b P1 (10m, vzduchov\u00e1 pistole) v\u0161echny soupe\u0159e za [&hellip;]<\/p>\n","protected":false},"author":1,"featured_media":27729,"comment_status":"closed","ping_status":"closed","sticky":false,"template":"","format":"standard","meta":{"ngg_post_thumbnail":0,"footnotes":""},"categories":[18],"tags":[],"class_list":["post-27726","post","type-post","status-publish","format-standard","has-post-thumbnail","hentry","category-strelba"],"_links":{"self":[{"href":"https:\/\/www.caths.cz\/wordpress\/wp-json\/wp\/v2\/posts\/27726","targetHints":{"allow":["GET"]}}],"collection":[{"href":"https:\/\/www.caths.cz\/wordpress\/wp-json\/wp\/v2\/posts"}],"about":[{"href":"https:\/\/www.caths.cz\/wordpress\/wp-json\/wp\/v2\/types\/post"}],"author":[{"embeddable":true,"href":"https:\/\/www.caths.cz\/wordpress\/wp-json\/wp\/v2\/users\/1"}],"replies":[{"embeddable":true,"href":"https:\/\/www.caths.cz\/wordpress\/wp-json\/wp\/v2\/comments?post=27726"}],"version-history":[{"count":1,"href":"https:\/\/www.caths.cz\/wordpress\/wp-json\/wp\/v2\/posts\/27726\/revisions"}],"predecessor-version":[{"id":27730,"href":"https:\/\/www.caths.cz\/wordpress\/wp-json\/wp\/v2\/posts\/27726\/revisions\/27730"}],"wp:featuredmedia":[{"embeddable":true,"href":"https:\/\/www.caths.cz\/wordpress\/wp-json\/wp\/v2\/media\/27729"}],"wp:attachment":[{"href":"https:\/\/www.caths.cz\/wordpress\/wp-json\/wp\/v2\/media?parent=27726"}],"wp:term":[{"taxonomy":"category","embeddable":true,"href":"https:\/\/www.caths.cz\/wordpress\/wp-json\/wp\/v2\/categories?post=27726"},{"taxonomy":"post_tag","embeddable":true,"href":"https:\/\/www.caths.cz\/wordpress\/wp-json\/wp\/v2\/tags?post=27726"}],"curies":[{"name":"wp","href":"https:\/\/api.w.org\/{rel}","templated":true}]}}