{"id":2771,"date":"2014-05-28T11:34:10","date_gmt":"2014-05-28T10:34:10","guid":{"rendered":"http:\/\/www.caths.cz\/wordpress\/?p=2771"},"modified":"2014-05-28T11:34:10","modified_gmt":"2014-05-28T10:34:10","slug":"o-vikendu-pokracoval-v-olomouci-cp-handicup","status":"publish","type":"post","link":"https:\/\/www.caths.cz\/wordpress\/o-vikendu-pokracoval-v-olomouci-cp-handicup\/","title":{"rendered":"O v\u00edkendu pokra\u010doval v Olomouci \u010cP handiCUP"},"content":{"rendered":"<p>Ji\u017e \u010dtvrt\u00e9 kolo \u010cP handCUPu absolvovali handicapovan\u00ed cyklist\u00e9 na horsk\u00fdch kolech. Tentokr\u00e1t je p\u0159iv\u00edtala Olomouc.Leto\u0161n\u00ed z\u00e1vody Cyklomaraton Tour, v r\u00e1mci kter\u00fdch se kon\u00e1 i HandiCUP 2014 nemaj\u00ed zrovna \u0161t\u011bst\u00ed na po\u010das\u00ed.<br \/> Po bl\u00e1tiv\u00e9m z\u00e1vod\u011b v Liberci, kde zv\u00edt\u011bzil Petr Kocman, se i v Olomouci z\u00e1vodn\u00edci trochu \u201epoklouzali\u201c. <\/p>\n<p> Bahenn\u00ed l\u00e1zn\u011b ve m\u011bst\u011b proslaven\u00e9m v\u00fdrobou zraj\u00edc\u00edch tvar\u016f\u017ek\u016f se staly popul\u00e1rn\u00edmi. V sobotu se zde se\u0161lo v\u00edce ne\u017e 600 p\u0159\u00edznivc\u016f horsk\u00fdch kol, kte\u0159\u00ed neopomn\u011bli vz\u00edt sv\u00e9 dvoukolov\u00e9 mil\u00e1\u010dky. <\/p>\n<p> Tak jako minule, byl i tento z\u00e1vod vyps\u00e1n pro kategorii leh\u010d\u00edho handicapu a op\u011bt usilovn\u011b obhajoval sv\u00e9 veden\u00ed nad Tom\u00e1\u0161em Mast\u00edkem Petr Kocman. Trasa m\u011bla 50 km s p\u0159ev\u00fd\u0161en\u00edm necel\u00fdch 1200 metr\u016f a Petr s \u010dasem 2hod a 48 min p\u0159ijel op\u011bt do c\u00edle p\u0159ed Tom\u00e1\u0161em. V\u00edt\u011bzn\u00fd Petr Kocman si p\u0159ipisuje 25 bod\u016f a druh\u00fd Mast\u00edk 23 do poh\u00e1rov\u00e9 sout\u011b\u017ee. <\/p>\n<p> P\u0159\u00ed\u0161t\u00ed v\u00edkend (1.6) n\u00e1s \u010dek\u00e1 Mistrovstv\u00ed republiky v Hradci Kr\u00e1lov\u00e9, kde pro kategorii leh\u010d\u00ed handicap je trasa dlouh\u00e1 60 km a pro handbike 30 km. .) Pevn\u011b v\u011b\u0159\u00edme, \u017ee se sejdeme za lep\u0161\u00edho po\u010das\u00ed. <\/p>\n<p> <img decoding=\"async\" src=\"\/wordpress\/image\/sekretarky\/handbike\/handicup 2014\/handicup_olomouc_001.jpg\"><\/p>\n<p> <img decoding=\"async\" src=\"\/wordpress\/image\/sekretarky\/handbike\/handicup 2014\/handicup_olomouc_002.jpg\"><\/p>\n<p> <img decoding=\"async\" src=\"\/wordpress\/image\/sekretarky\/handbike\/handicup 2014\/handicup_olomouc_003.jpg\"><\/p>\n","protected":false},"excerpt":{"rendered":"<a href=\"https:\/\/www.caths.cz\/wordpress\/o-vikendu-pokracoval-v-olomouci-cp-handicup\/\"><img loading=\"lazy\" decoding=\"async\" width=\"100\" height=\"100\" src=\"https:\/\/www.caths.cz\/wordpress\/wp-content\/plugins\/thumbnail-for-excerpts\/tfe_no_thumb.png\" class=\"alignleft wp-post-image tfe\" alt=\"\" title=\"\" \/><\/a><p>Ji\u017e \u010dtvrt\u00e9 kolo \u010cP handCUPu absolvovali handicapovan\u00ed cyklist\u00e9 na horsk\u00fdch kolech. Tentokr\u00e1t je p\u0159iv\u00edtala Olomouc.Leto\u0161n\u00ed z\u00e1vody Cyklomaraton Tour, v r\u00e1mci kter\u00fdch se kon\u00e1 i HandiCUP 2014 nemaj\u00ed zrovna \u0161t\u011bst\u00ed na [&hellip;]<\/p>\n","protected":false},"author":1,"featured_media":0,"comment_status":"closed","ping_status":"closed","sticky":false,"template":"","format":"standard","meta":{"ngg_post_thumbnail":0,"footnotes":""},"categories":[40],"tags":[],"class_list":["post-2771","post","type-post","status-publish","format-standard","hentry","category-pojed-s-nami"],"_links":{"self":[{"href":"https:\/\/www.caths.cz\/wordpress\/wp-json\/wp\/v2\/posts\/2771","targetHints":{"allow":["GET"]}}],"collection":[{"href":"https:\/\/www.caths.cz\/wordpress\/wp-json\/wp\/v2\/posts"}],"about":[{"href":"https:\/\/www.caths.cz\/wordpress\/wp-json\/wp\/v2\/types\/post"}],"author":[{"embeddable":true,"href":"https:\/\/www.caths.cz\/wordpress\/wp-json\/wp\/v2\/users\/1"}],"replies":[{"embeddable":true,"href":"https:\/\/www.caths.cz\/wordpress\/wp-json\/wp\/v2\/comments?post=2771"}],"version-history":[{"count":0,"href":"https:\/\/www.caths.cz\/wordpress\/wp-json\/wp\/v2\/posts\/2771\/revisions"}],"wp:attachment":[{"href":"https:\/\/www.caths.cz\/wordpress\/wp-json\/wp\/v2\/media?parent=2771"}],"wp:term":[{"taxonomy":"category","embeddable":true,"href":"https:\/\/www.caths.cz\/wordpress\/wp-json\/wp\/v2\/categories?post=2771"},{"taxonomy":"post_tag","embeddable":true,"href":"https:\/\/www.caths.cz\/wordpress\/wp-json\/wp\/v2\/tags?post=2771"}],"curies":[{"name":"wp","href":"https:\/\/api.w.org\/{rel}","templated":true}]}}