{"id":27708,"date":"2019-10-02T08:39:18","date_gmt":"2019-10-02T07:39:18","guid":{"rendered":"http:\/\/www.caths.cz\/wordpress\/?p=27708"},"modified":"2019-10-02T08:39:18","modified_gmt":"2019-10-02T07:39:18","slug":"daniel-bina-ovladl-prestizni-grand-prix-bohemia-sadilek-ctvrty","status":"publish","type":"post","link":"https:\/\/www.caths.cz\/wordpress\/daniel-bina-ovladl-prestizni-grand-prix-bohemia-sadilek-ctvrty\/","title":{"rendered":"Daniel B\u00edna ovl\u00e1dl presti\u017en\u00ed Grand Prix Bohemia! Sad\u00edlek \u010dtvrt\u00fd"},"content":{"rendered":"<p>T\u00fdden po Prien City Cupu se na M\u00e1chovo jeze\u0159e konala Velk\u00e1 cena \u010cesk\u00e9 republiky. I zde se setkala flotila t\u0159\u00ed n\u00e1rod\u016f.<\/p>\n<p>&nbsp;<\/p>\n<p>\u00davodn\u00ed den i zde pat\u0159il reprezentant\u016fm z Chiemsee. Po \u00favodn\u00edch dvou rozj\u00ed\u017e\u010fk\u00e1ch vedl Meino Nanninga (GER) (3, 1), druh\u00fd byl Christian Bodler (GER) (2, 3), t\u0159et\u00ed Daniel B\u00edna (CZE) (4, 2). T\u0159et\u00ed rozj\u00ed\u017e\u010fka byla zru\u0161ena pro nedostatek v\u011btru.<\/p>\n<p>&nbsp;<\/p>\n<p>V sobotu se po kr\u00e1tk\u00e9m \u010dek\u00e1n\u00ed vyrazilo do \u010derstv\u00e9 br\u00edzy ji\u017en\u00edho sm\u011bru o s\u00edle 10 uzl\u016f, kter\u00e1 v pr\u016fb\u011bhu dne kulminovala na 18 uzlech. Daniel si zjevn\u011b \u0159ekl: &#8222;Toto je m\u016fj rybn\u00edk!&#8220; a bez zav\u00e1h\u00e1n\u00ed vyhr\u00e1l den (1, 1, 1, 1), \u010d\u00edm\u017e uzmul pr\u016fb\u011b\u017en\u00e9 veden\u00ed. Christian (2, 2, 3, 2) se posunul na celkov\u00e9 druh\u00e9 m\u00edsto. Meino (5, 3, 4, 3) si uh\u00e1jil t\u0159et\u00ed m\u00edsto p\u0159ed dal\u0161\u00ed \u010cechem Sa\u0161ou Sad\u00edlkem (6, 4, 2, 4).<\/p>\n<p>&nbsp;<\/p>\n<p>Ned\u011ble n\u00e1s p\u0159iv\u00edtala 10ti uzlov\u00fdm jihoz\u00e1padn\u00edm v\u011btrem, kter\u00fd p\u0159etrval cel\u00fd den. Daniela p\u0159ibrzdil pouze technick\u00fd probl\u00e9m, jinak pokra\u010doval ve spanil\u00e9 j\u00edzd\u011b p\u0159edch\u00e1zej\u00edc\u00edho dne (1, DNF, 1) a bral celkov\u00e9 prvenstv\u00ed! Christian si udr\u017eel st\u0159\u00edbro (2, 2, 6) a Maino bronz (4, 1, 3). Sa\u0161ovi Sad\u00edlkovi bohu\u017eel nevy\u0161el \u00fatok (3, 3, 10) a zbyla na n\u011bj &#8222;bramborov\u00e1&#8220; medaile.<\/p>\n<p>&nbsp;<\/p>\n<p><em>Fotogalerie (zdroj: Daniel B\u00edna):<\/em><\/p>\n<p><a href=\"http:\/\/www.caths.cz\/wordpress\/wp-content\/uploads\/2019\/10\/sta\u017een\u00fd-soubor.jpg\"><img loading=\"lazy\" decoding=\"async\" class=\"alignleft size-full wp-image-27709\" src=\"http:\/\/www.caths.cz\/wordpress\/wp-content\/uploads\/2019\/10\/sta\u017een\u00fd-soubor.jpg\" alt=\"sta\u017een\u00fd soubor\" width=\"300\" height=\"168\" srcset=\"https:\/\/www.caths.cz\/wordpress\/wp-content\/uploads\/2019\/10\/sta\u017een\u00fd-soubor.jpg 300w, https:\/\/www.caths.cz\/wordpress\/wp-content\/uploads\/2019\/10\/sta\u017een\u00fd-soubor-120x67.jpg 120w\" sizes=\"auto, (max-width: 300px) 100vw, 300px\" \/><\/a> <a href=\"http:\/\/www.caths.cz\/wordpress\/wp-content\/uploads\/2019\/10\/f223c263-544d-453b-af9b-c81735e0cb89.jpg\"><img loading=\"lazy\" decoding=\"async\" class=\"alignleft size-large wp-image-27710\" src=\"http:\/\/www.caths.cz\/wordpress\/wp-content\/uploads\/2019\/10\/f223c263-544d-453b-af9b-c81735e0cb89-1024x768.jpg\" alt=\"f223c263-544d-453b-af9b-c81735e0cb89\" width=\"600\" height=\"450\" srcset=\"https:\/\/www.caths.cz\/wordpress\/wp-content\/uploads\/2019\/10\/f223c263-544d-453b-af9b-c81735e0cb89-1024x768.jpg 1024w, https:\/\/www.caths.cz\/wordpress\/wp-content\/uploads\/2019\/10\/f223c263-544d-453b-af9b-c81735e0cb89-300x225.jpg 300w, https:\/\/www.caths.cz\/wordpress\/wp-content\/uploads\/2019\/10\/f223c263-544d-453b-af9b-c81735e0cb89-120x90.jpg 120w, https:\/\/www.caths.cz\/wordpress\/wp-content\/uploads\/2019\/10\/f223c263-544d-453b-af9b-c81735e0cb89.jpg 1600w\" sizes=\"auto, (max-width: 600px) 100vw, 600px\" \/><\/a> <a href=\"http:\/\/www.caths.cz\/wordpress\/wp-content\/uploads\/2019\/10\/0951c499-62e8-4cb6-a2ec-2e55d669c1d7.jpg\"><img loading=\"lazy\" decoding=\"async\" class=\"alignleft size-large wp-image-27711\" src=\"http:\/\/www.caths.cz\/wordpress\/wp-content\/uploads\/2019\/10\/0951c499-62e8-4cb6-a2ec-2e55d669c1d7-1024x637.jpg\" alt=\"0951c499-62e8-4cb6-a2ec-2e55d669c1d7\" width=\"600\" height=\"373\" srcset=\"https:\/\/www.caths.cz\/wordpress\/wp-content\/uploads\/2019\/10\/0951c499-62e8-4cb6-a2ec-2e55d669c1d7-1024x637.jpg 1024w, https:\/\/www.caths.cz\/wordpress\/wp-content\/uploads\/2019\/10\/0951c499-62e8-4cb6-a2ec-2e55d669c1d7-300x187.jpg 300w, https:\/\/www.caths.cz\/wordpress\/wp-content\/uploads\/2019\/10\/0951c499-62e8-4cb6-a2ec-2e55d669c1d7-120x75.jpg 120w, https:\/\/www.caths.cz\/wordpress\/wp-content\/uploads\/2019\/10\/0951c499-62e8-4cb6-a2ec-2e55d669c1d7.jpg 1600w\" sizes=\"auto, (max-width: 600px) 100vw, 600px\" \/><\/a> <a href=\"http:\/\/www.caths.cz\/wordpress\/wp-content\/uploads\/2019\/10\/zum-elften-mal-sind-die-offenen-bayerisc-500x269.jpg\"><img loading=\"lazy\" decoding=\"async\" class=\"alignleft size-large wp-image-27712\" src=\"http:\/\/www.caths.cz\/wordpress\/wp-content\/uploads\/2019\/10\/zum-elften-mal-sind-die-offenen-bayerisc-500x269.jpg\" alt=\"zum-elften-mal-sind-die-offenen-bayerisc-500x269\" width=\"500\" height=\"269\" srcset=\"https:\/\/www.caths.cz\/wordpress\/wp-content\/uploads\/2019\/10\/zum-elften-mal-sind-die-offenen-bayerisc-500x269.jpg 500w, https:\/\/www.caths.cz\/wordpress\/wp-content\/uploads\/2019\/10\/zum-elften-mal-sind-die-offenen-bayerisc-500x269-300x161.jpg 300w, https:\/\/www.caths.cz\/wordpress\/wp-content\/uploads\/2019\/10\/zum-elften-mal-sind-die-offenen-bayerisc-500x269-120x65.jpg 120w\" sizes=\"auto, (max-width: 500px) 100vw, 500px\" \/><\/a> <a href=\"http:\/\/www.caths.cz\/wordpress\/wp-content\/uploads\/2019\/10\/f8a3e7e7-ad05-481b-904c-9fcacb5b0895.jpg\"><img loading=\"lazy\" decoding=\"async\" class=\"alignleft size-large wp-image-27713\" src=\"http:\/\/www.caths.cz\/wordpress\/wp-content\/uploads\/2019\/10\/f8a3e7e7-ad05-481b-904c-9fcacb5b0895-1024x768.jpg\" alt=\"f8a3e7e7-ad05-481b-904c-9fcacb5b0895\" width=\"600\" height=\"450\" srcset=\"https:\/\/www.caths.cz\/wordpress\/wp-content\/uploads\/2019\/10\/f8a3e7e7-ad05-481b-904c-9fcacb5b0895-1024x768.jpg 1024w, https:\/\/www.caths.cz\/wordpress\/wp-content\/uploads\/2019\/10\/f8a3e7e7-ad05-481b-904c-9fcacb5b0895-300x225.jpg 300w, https:\/\/www.caths.cz\/wordpress\/wp-content\/uploads\/2019\/10\/f8a3e7e7-ad05-481b-904c-9fcacb5b0895-120x90.jpg 120w, https:\/\/www.caths.cz\/wordpress\/wp-content\/uploads\/2019\/10\/f8a3e7e7-ad05-481b-904c-9fcacb5b0895.jpg 1600w\" sizes=\"auto, (max-width: 600px) 100vw, 600px\" \/><\/a><\/p>\n","protected":false},"excerpt":{"rendered":"<a href=\"https:\/\/www.caths.cz\/wordpress\/daniel-bina-ovladl-prestizni-grand-prix-bohemia-sadilek-ctvrty\/\"><img width=\"100\" height=\"100\" src=\"https:\/\/www.caths.cz\/wordpress\/wp-content\/uploads\/2019\/10\/f223c263-544d-453b-af9b-c81735e0cb89-100x100.jpg\" class=\"alignleft tfe wp-post-image\" alt=\"\" decoding=\"async\" loading=\"lazy\" srcset=\"https:\/\/www.caths.cz\/wordpress\/wp-content\/uploads\/2019\/10\/f223c263-544d-453b-af9b-c81735e0cb89-100x100.jpg 100w, https:\/\/www.caths.cz\/wordpress\/wp-content\/uploads\/2019\/10\/f223c263-544d-453b-af9b-c81735e0cb89-150x150.jpg 150w\" sizes=\"auto, (max-width: 100px) 100vw, 100px\" \/><\/a><p>T\u00fdden po Prien City Cupu se na M\u00e1chovo jeze\u0159e konala Velk\u00e1 cena \u010cesk\u00e9 republiky. I zde se setkala flotila t\u0159\u00ed n\u00e1rod\u016f. &nbsp; \u00davodn\u00ed den i zde pat\u0159il reprezentant\u016fm z Chiemsee. [&hellip;]<\/p>\n","protected":false},"author":1,"featured_media":27710,"comment_status":"closed","ping_status":"closed","sticky":false,"template":"","format":"standard","meta":{"ngg_post_thumbnail":0,"footnotes":""},"categories":[11],"tags":[],"class_list":["post-27708","post","type-post","status-publish","format-standard","has-post-thumbnail","hentry","category-jachting"],"_links":{"self":[{"href":"https:\/\/www.caths.cz\/wordpress\/wp-json\/wp\/v2\/posts\/27708","targetHints":{"allow":["GET"]}}],"collection":[{"href":"https:\/\/www.caths.cz\/wordpress\/wp-json\/wp\/v2\/posts"}],"about":[{"href":"https:\/\/www.caths.cz\/wordpress\/wp-json\/wp\/v2\/types\/post"}],"author":[{"embeddable":true,"href":"https:\/\/www.caths.cz\/wordpress\/wp-json\/wp\/v2\/users\/1"}],"replies":[{"embeddable":true,"href":"https:\/\/www.caths.cz\/wordpress\/wp-json\/wp\/v2\/comments?post=27708"}],"version-history":[{"count":1,"href":"https:\/\/www.caths.cz\/wordpress\/wp-json\/wp\/v2\/posts\/27708\/revisions"}],"predecessor-version":[{"id":27714,"href":"https:\/\/www.caths.cz\/wordpress\/wp-json\/wp\/v2\/posts\/27708\/revisions\/27714"}],"wp:featuredmedia":[{"embeddable":true,"href":"https:\/\/www.caths.cz\/wordpress\/wp-json\/wp\/v2\/media\/27710"}],"wp:attachment":[{"href":"https:\/\/www.caths.cz\/wordpress\/wp-json\/wp\/v2\/media?parent=27708"}],"wp:term":[{"taxonomy":"category","embeddable":true,"href":"https:\/\/www.caths.cz\/wordpress\/wp-json\/wp\/v2\/categories?post=27708"},{"taxonomy":"post_tag","embeddable":true,"href":"https:\/\/www.caths.cz\/wordpress\/wp-json\/wp\/v2\/tags?post=27708"}],"curies":[{"name":"wp","href":"https:\/\/api.w.org\/{rel}","templated":true}]}}