{"id":2770,"date":"2014-05-21T08:49:46","date_gmt":"2014-05-21T07:49:46","guid":{"rendered":"http:\/\/www.caths.cz\/wordpress\/?p=2770"},"modified":"2014-05-21T08:49:46","modified_gmt":"2014-05-21T07:49:46","slug":"uspech-ceskeho-jachtingu-na-berlin-cupu","status":"publish","type":"post","link":"https:\/\/www.caths.cz\/wordpress\/uspech-ceskeho-jachtingu-na-berlin-cupu\/","title":{"rendered":"\u00dasp\u011bch \u010desk\u00e9ho jachtingu na Berlin Cupu"},"content":{"rendered":"<p>\u010ce\u0161t\u00ed jachta\u0159i se z\u00fa\u010dastnili tradi\u010dn\u00edho z\u00e1vodu t\u0159\u00eddy ALT2,4m Berlin Cup 2014. V po\u010detn\u00e9 konkurenci se \u010cech\u016fm poda\u0159ilo prosadit.<br \/>\n<br \/>\nZpr\u00e1vu Daniela B\u00edny naleznete n\u00ed\u017ee.Ve dnech 1.- 4.5.2014 n\u00e1s ji\u017e tradi\u010dn\u011b \u010dekal Berlin Cup, jako v\u017edy kvalitn\u011b obsazen\u00fd z\u00e1vod s \u00fa\u010dast\u00ed 18 lod\u00ed ze 3. n\u00e1rod\u016f. O kvalit\u011b flotily vypov\u00edd\u00e1 i souboj generac\u00ed. Zde nastupuj\u00edc\u00ed generaci zosob\u0148oval Lasse Klotzing &#8211; 7. m\u00edsto z Mistrovstv\u00ed sv\u011bta 2012, 10. m\u00edsto z Mistrovstv\u00ed sv\u011bta 2013. Generaci zcela vyzr\u00e1lou reprezentoval Eberhard Bieberitz, Mistr sv\u011bta v kategorii Finn Masters z roku 2003. <\/p>\n<p> Flotila \u010desk\u00e1 zde byla hojn\u011b zastoupena 4 lod\u011bmi pod veden\u00edm Daniela B\u00edny (tedy mnou), Petra \u010cerm\u00e1ka, Alexe a Viktora Sad\u00edlkov\u00fdch. Technickou podporu m\u011bl na starosti Ladislav B\u00edna. <\/p>\n<p> Po kr\u00e1tk\u00e9m tr\u00e9ninku, kter\u00fd p\u0159edch\u00e1zel regat\u011b a prob\u011bhl v slune\u010dn\u00e9m po\u010das\u00ed, jsme s optimismem hled\u011bli k bl\u00ed\u017e\u00edc\u00edm se z\u00e1vod\u016fm. <\/p>\n<p> A jak u\u017e to b\u00fdv\u00e1, Berl\u00edn se rozhodl uk\u00e1zat odvr\u00e1cenou tv\u00e1\u0159. Teplota 5\u00b0C, severo-z\u00e1padn\u00ed v\u00edtr dosahuj\u00edc\u00ed v n\u00e1razech 15 uzl\u016f a siln\u00fd d\u00e9\u0161\u0165 kombinovan\u00fd s mlhou, vytvo\u0159ily na Mugellsee podm\u00ednky, podobaj\u00edc\u00ed se ledov\u00e9mu peklu.<br \/> Veden\u00ed suver\u00e9nn\u011b uchopil Lasse Klotzing se t\u0159emi v\u00edt\u011bzstv\u00edmi a jedn\u00edm druh\u00fdm m\u00edstem. J\u00e1 si s rytmick\u00fdm v\u00fdsledkem (3,2,3,2) vytvo\u0159il 3 bodov\u00fd n\u00e1skok na Eberharda (2,5,1,5). Petr si vyrovnanou j\u00edzdou (5,6,6,4) d\u016frazn\u011b \u0159ekl o pr\u016fb\u011b\u017en\u00e9 4. m\u00edsto. Alex se st\u0159\u00eddavou \u00fasp\u011b\u0161nost\u00ed (6,11,10,6) dr\u017eel 7. m\u00edsto. Smola\u0159em \u010desk\u00e9 v\u00fdpravy byl Viktor, kter\u00e9mu v pr\u016fb\u011bhu prvn\u00ed rozj\u00ed\u017e\u010fky protekl oblek, tak\u017ee zcela prok\u0159ehl\u00fd z\u00e1vod vzdal. <\/p>\n<p> <img decoding=\"async\" src=\"\/wordpress\/image\/sekretarky\/jachting\/berlin cup 2014.jpg\"> <\/p>\n<p> Druh\u00fd den n\u00e1s p\u0159iv\u00edtalo zcela zapomenut\u00e9 slunce, kter\u00e9 v pr\u016fb\u011bhu dne dotla\u010dilo teplom\u011br k hranici 15 \u00b0C. Severov\u00fdchodn\u00ed v\u00edtr p\u0159edvedl hodn\u011b ze sv\u00e9 Berl\u00ednsk\u00e9 nest\u00e1losti a v pr\u016fb\u011bhu dne pomalu sl\u00e1bl. Na 40\u00b0 zm\u011bny postupn\u011b dopl\u00e1celi snad v\u0161ichni z\u00e1vodn\u00edci. Lasse s dojezdy 2,10,2 st\u00e1le dr\u017eel veden\u00ed. J\u00e1 si s v\u00fdsledkem 3, 1, 10 st\u00e1le udr\u017eoval 3 bodov\u00e9 veden\u00ed nad Eberhardem(1, 14,3). Peter se s dojezdy 9,5,11 propadl na 5. m\u00edsto a i Alex s dojezdy 6,15,9 klesl o jednu p\u0159\u00ed\u010dku. Tak\u017ee nahoru \u0161el z \u010cech\u016f pouze Viktor(7,11,7), kter\u00fd postoupil na 16. pozici. <\/p>\n<p> T\u0159et\u00ed den n\u00e1s op\u011bt \u010dekalo podmra\u010den\u00e9 po\u010das\u00ed a teploty nep\u0159estoupily \u010d\u00edslici 9\u00b0C. Z\u00e1padn\u00ed v\u00edtr o s\u00edle 6-12 uzl\u016f se tentokr\u00e1t smiloval a d\u00e9\u0161\u0165 nep\u0159inesl. Mne \u010dekal jasn\u00fd duel s Eberhardem o 2 m\u00edsto. Lasse po kr\u00e1tk\u00e9m, drobn\u00e9m zav\u00e1h\u00e1n\u00ed 3,2 op\u011bt p\u0159evzal iniciativu a z\u00e1vod zakon\u010dil 2 v\u00edt\u011bzstv\u00edmi. Eberhard uzmul veden\u00ed v prvn\u00ed rozj\u00ed\u017e\u010fce, kde\u017eto j\u00e1 4. m\u00edstem srovnal bodov\u00fd rozd\u00edl. Pot\u00e9 se karta obr\u00e1tila a j\u00e1 po boji s Lassem zv\u00edt\u011bzil. Eberhard dojel 6. a jasn\u011b mi nab\u00eddl druhou pozici. N\u00e1sledoval osobn\u00ed souboj, po kter\u00e9m jsem dojel 3, Eberhard 2. V z\u00e1v\u011bre\u010dn\u00e9 rozj\u00ed\u017e\u010fce mne Nico Foekama vyvezl na nev\u00fdhodn\u00e9 k\u0159\u00eddlo. I p\u0159es to se mi poda\u0159ilo se dot\u00e1hnout na Eberhardova z\u00e1da. Bohu\u017eel projet\u00e1 ot\u011b\u017e p\u0159i dojezdu do c\u00edle znamenala ztr\u00e1tu jedn\u00e9 d\u00e9lky lod\u011b, co\u017e v hromadn\u00e9m dojezdu flotily znamenalo 8. m\u00edsto. Eberhard dojel o p\u016fldruh\u00e9 d\u00e9lky p\u0159ede mnou na 4. m\u00edst\u011b. P\u0159i rovnosti bod\u016f Eberhardovi 3 v\u00edt\u011bzn\u00e9 rozj\u00ed\u017e\u010fky znamenaly druh\u00e9 m\u00edsto &#8211; GRATULUJI!!. <\/p>\n<p> Peter (5,7,10,9) postoupil op\u011bt na \u010dtvrt\u00e9 m\u00edsto &#8211; takt\u00e9\u017e gratuluji k skv\u011bl\u00e9mu v\u00fdsledku. Alex po dojezdech 9,13,16 dal v\u00fdte\u010dn\u00e9 3. m\u00edsto, ale ani to mu nepomohlo postoupit v po\u0159ad\u00ed, tak\u017ee za 8. Viktor st\u00e1le bojoval s hendikepem ztracen\u00e9ho dne(DNC, 15,7, 2) tud\u00ed\u017e i p\u0159es strhuj\u00edc\u00ed z\u00e1v\u011br skon\u010dil na 16. m\u00edst\u011b. <\/p>\n<p> Celkov\u00e9 v\u00fdsledky:<br \/> 1. Lasse Klotzing (GER)<br \/> 2. Eberhard Bieberitz (GER)<br \/> 3. Daniel B\u00edna (CZE)<br \/> 4.Petr \u010cerm\u00e1k (CZE)<br \/> ..<\/p>\n<p> 8. Alex Sad\u00edlek (CZE)<br \/> ..<br \/> 16. Viktor Sad\u00edlek (CZE)<\/p>\n<p> Po\u0159ad\u00ed hendikepovan\u00fdch:<br \/> 1. Lasse Klotzing (GER)<br \/> 2. Daniel B\u00edna (CZE)<br \/> 3. Mathias Kortke (GER)<br \/> 4. Alex Sad\u00edlek (CZE)<\/p>\n","protected":false},"excerpt":{"rendered":"<a href=\"https:\/\/www.caths.cz\/wordpress\/uspech-ceskeho-jachtingu-na-berlin-cupu\/\"><img loading=\"lazy\" decoding=\"async\" width=\"100\" height=\"100\" src=\"https:\/\/www.caths.cz\/wordpress\/wp-content\/plugins\/thumbnail-for-excerpts\/tfe_no_thumb.png\" class=\"alignleft wp-post-image tfe\" alt=\"\" title=\"\" \/><\/a><p>\u010ce\u0161t\u00ed jachta\u0159i se z\u00fa\u010dastnili tradi\u010dn\u00edho z\u00e1vodu t\u0159\u00eddy ALT2,4m Berlin Cup 2014. V po\u010detn\u00e9 konkurenci se \u010cech\u016fm poda\u0159ilo prosadit. Zpr\u00e1vu Daniela B\u00edny naleznete n\u00ed\u017ee.Ve dnech 1.- 4.5.2014 n\u00e1s ji\u017e tradi\u010dn\u011b \u010dekal [&hellip;]<\/p>\n","protected":false},"author":1,"featured_media":0,"comment_status":"closed","ping_status":"closed","sticky":false,"template":"","format":"standard","meta":{"ngg_post_thumbnail":0,"footnotes":""},"categories":[11],"tags":[],"class_list":["post-2770","post","type-post","status-publish","format-standard","hentry","category-jachting"],"_links":{"self":[{"href":"https:\/\/www.caths.cz\/wordpress\/wp-json\/wp\/v2\/posts\/2770","targetHints":{"allow":["GET"]}}],"collection":[{"href":"https:\/\/www.caths.cz\/wordpress\/wp-json\/wp\/v2\/posts"}],"about":[{"href":"https:\/\/www.caths.cz\/wordpress\/wp-json\/wp\/v2\/types\/post"}],"author":[{"embeddable":true,"href":"https:\/\/www.caths.cz\/wordpress\/wp-json\/wp\/v2\/users\/1"}],"replies":[{"embeddable":true,"href":"https:\/\/www.caths.cz\/wordpress\/wp-json\/wp\/v2\/comments?post=2770"}],"version-history":[{"count":0,"href":"https:\/\/www.caths.cz\/wordpress\/wp-json\/wp\/v2\/posts\/2770\/revisions"}],"wp:attachment":[{"href":"https:\/\/www.caths.cz\/wordpress\/wp-json\/wp\/v2\/media?parent=2770"}],"wp:term":[{"taxonomy":"category","embeddable":true,"href":"https:\/\/www.caths.cz\/wordpress\/wp-json\/wp\/v2\/categories?post=2770"},{"taxonomy":"post_tag","embeddable":true,"href":"https:\/\/www.caths.cz\/wordpress\/wp-json\/wp\/v2\/tags?post=2770"}],"curies":[{"name":"wp","href":"https:\/\/api.w.org\/{rel}","templated":true}]}}