{"id":2767,"date":"2014-05-14T12:22:42","date_gmt":"2014-05-14T11:22:42","guid":{"rendered":"http:\/\/www.caths.cz\/wordpress\/?p=2767"},"modified":"2014-05-14T12:22:42","modified_gmt":"2014-05-14T11:22:42","slug":"olympijske-a-paralympijske-hry-v-rio-de-janeiru-nebudou","status":"publish","type":"post","link":"https:\/\/www.caths.cz\/wordpress\/olympijske-a-paralympijske-hry-v-rio-de-janeiru-nebudou\/","title":{"rendered":"Olympijsk\u00e9 a paralympijsk\u00e9 hry v Rio de Janeiru nebudou?!"},"content":{"rendered":"<p>Doposud nepodlo\u017een\u00e1 a neofici\u00e1ln\u00ed zpr\u00e1va, kter\u00e1 se \u0161\u00ed\u0159\u00ed sportovn\u00ed ve\u0159ejnost\u00ed rychlost\u00ed blesku, dost\u00e1v\u00e1 re\u00e1lnou podobu. Po\u0159adatel letn\u00edch olympijsk\u00fdch a paralympijsk\u00fdch her v roce 2016, brazilsk\u00e9 Rio de Janeiro je ve velmi v\u00e1\u017en\u00e9m skluzu v p\u0159\u00edprav\u00e1ch na bl\u00ed\u017e\u00edc\u00ed se sportovn\u00ed sv\u00e1tek sv\u011bta.<br \/>\nNeut\u011b\u0161en\u00e1 situace kolem p\u0159\u00edprav her v Rio de Janeiru je natolik z\u00e1va\u017en\u00e1, \u017ee podle zat\u00edm nepotvrzen\u00fdch zpr\u00e1v, Mezin\u00e1rodn\u00ed olympijsk\u00fd v\u00fdbor vyv\u00edj\u00ed intenzivn\u00ed aktivitu, jak odvr\u00e1tit hroz\u00edc\u00ed ostudu. <\/p>\n<p> U\u017e d\u0159\u00edve britsk\u00fd den\u00edk The Evening Standard uvedl, \u017ee po\u0159adatel\u00e9 posledn\u00edch her v Lond\u00fdn\u011b byli osloveni, zda by bylo mo\u017en\u00e9 olympijsk\u00e9 a paralympijsk\u00e9 hry v Lond\u00fdn\u011b zopakovat, v souvislosti s probl\u00e9my Ria. Bohu\u017eel to nen\u00ed mo\u017en\u00e9, v\u011bt\u0161ina sportovi\u0161\u0165 v\u010detn\u011b hlavn\u00edho stadionu u\u017e jsou p\u0159estav\u011bny a stejn\u011b tomu tak je i s olympijskou vesnic\u00ed, kde jsou nyn\u00ed byty. <\/p>\n<p> Posledn\u00ed nepotvrzenou informac\u00ed, kterou p\u0159inesla rusk\u00e1 agentura Ria Novosti, je snaha uskute\u010dnit hry v Moskv\u011b. <br \/> Podle zdroje z MOV, se po\u010d\u00edt\u00e1 s vyu\u017eit\u00edm sportovi\u0161\u0165 z her v roce 1980, ov\u0161em i zde je \u0159ada otazn\u00edk\u016f, proto\u017ee na \u0159adu sport\u016f nen\u00ed rusk\u00e1 metropole v tuto chv\u00edli p\u0159ipravena, p\u0159\u00edkladem jsou cyklistika, jezdectv\u00ed nebo jachting.<br \/> Dal\u0161\u00edm otazn\u00edkem pak je aktu\u00e1ln\u00ed politick\u00e1 situace t\u00fdkaj\u00edc\u00ed se Ruska v souvislosti s konfliktem na Ukrajin\u011b.<br \/> Podle informac\u00ed je p\u0159esun her re\u00e1ln\u00fd, MOV \u010dek\u00e1 jak Brazilci vl\u00e1dnou bl\u00ed\u017e\u00edc\u00ed se mistrovstv\u00ed sv\u011bta ve fotbale, ov\u0161em u\u017e nyn\u00ed je jist\u00e9, \u017ee i tato v\u00fdznamn\u00e1 sportovn\u00ed akce se pot\u00fdk\u00e1 s v\u00edce ne\u017e z\u00e1va\u017en\u00fdmi probl\u00e9my s p\u0159\u00edpravou sportovi\u0161\u0165 i organizac\u00ed. <\/p>\n<p> M\u00edsto kon\u00e1n\u00ed olympijsk\u00fdch her se dosud m\u011bnilo pouze jednou. V roce 1976 se americk\u00fd Denver vzdal po\u0159adatelstv\u00ed z ekonomick\u00fdch d\u016fvod\u016f a hry narychlo uspo\u0159\u00e1dal rakousk\u00fd Innsbruck. <\/p>\n<p> Podle p\u016fvodn\u00edho p\u0159edpokladu a pl\u00e1n\u016f MOV by v Rio de Janeiro m\u011bly v roce 2014 a 2015 prob\u011bhnout tr\u00e9ninkov\u00e9 campy a p\u0159\u00edpravn\u00e9 z\u00e1vody. To je ale p\u0159edpoklad utopick\u00fd, na m\u00edst\u011b \u0159ady p\u0159edpokl\u00e1dan\u00fdch sportovi\u0161\u0165 je nyn\u00ed hust\u00fd a ni\u010d\u00edm neru\u0161en\u00fd prales. <\/p>\n<p> <img decoding=\"async\" src=\"\/wordpress\/image\/sekretarky\/rio 2016\/Rio De Janeiro_Olympic Park.jpg\"><br \/> Vizualizace Olympijsk\u00e9ho parku Rio de Janeiro &#8211; poda\u0159\u00ed se po\u0159adatel\u016fm tuto ideu zrealizovat?<\/p>\n","protected":false},"excerpt":{"rendered":"<a href=\"https:\/\/www.caths.cz\/wordpress\/olympijske-a-paralympijske-hry-v-rio-de-janeiru-nebudou\/\"><img loading=\"lazy\" decoding=\"async\" width=\"100\" height=\"100\" src=\"https:\/\/www.caths.cz\/wordpress\/wp-content\/plugins\/thumbnail-for-excerpts\/tfe_no_thumb.png\" class=\"alignleft wp-post-image tfe\" alt=\"\" title=\"\" \/><\/a><p>Doposud nepodlo\u017een\u00e1 a neofici\u00e1ln\u00ed zpr\u00e1va, kter\u00e1 se \u0161\u00ed\u0159\u00ed sportovn\u00ed ve\u0159ejnost\u00ed rychlost\u00ed blesku, dost\u00e1v\u00e1 re\u00e1lnou podobu. Po\u0159adatel letn\u00edch olympijsk\u00fdch a paralympijsk\u00fdch her v roce 2016, brazilsk\u00e9 Rio de Janeiro je ve [&hellip;]<\/p>\n","protected":false},"author":1,"featured_media":0,"comment_status":"closed","ping_status":"closed","sticky":false,"template":"","format":"standard","meta":{"ngg_post_thumbnail":0,"footnotes":""},"categories":[6],"tags":[],"class_list":["post-2767","post","type-post","status-publish","format-standard","hentry","category-caths-info"],"_links":{"self":[{"href":"https:\/\/www.caths.cz\/wordpress\/wp-json\/wp\/v2\/posts\/2767","targetHints":{"allow":["GET"]}}],"collection":[{"href":"https:\/\/www.caths.cz\/wordpress\/wp-json\/wp\/v2\/posts"}],"about":[{"href":"https:\/\/www.caths.cz\/wordpress\/wp-json\/wp\/v2\/types\/post"}],"author":[{"embeddable":true,"href":"https:\/\/www.caths.cz\/wordpress\/wp-json\/wp\/v2\/users\/1"}],"replies":[{"embeddable":true,"href":"https:\/\/www.caths.cz\/wordpress\/wp-json\/wp\/v2\/comments?post=2767"}],"version-history":[{"count":0,"href":"https:\/\/www.caths.cz\/wordpress\/wp-json\/wp\/v2\/posts\/2767\/revisions"}],"wp:attachment":[{"href":"https:\/\/www.caths.cz\/wordpress\/wp-json\/wp\/v2\/media?parent=2767"}],"wp:term":[{"taxonomy":"category","embeddable":true,"href":"https:\/\/www.caths.cz\/wordpress\/wp-json\/wp\/v2\/categories?post=2767"},{"taxonomy":"post_tag","embeddable":true,"href":"https:\/\/www.caths.cz\/wordpress\/wp-json\/wp\/v2\/tags?post=2767"}],"curies":[{"name":"wp","href":"https:\/\/api.w.org\/{rel}","templated":true}]}}