{"id":2765,"date":"2014-05-12T22:34:47","date_gmt":"2014-05-12T21:34:47","guid":{"rendered":"http:\/\/www.caths.cz\/wordpress\/?p=2765"},"modified":"2014-05-12T22:34:47","modified_gmt":"2014-05-12T21:34:47","slug":"atleti-na-voziku-zahajili-atletickou-sezonu","status":"publish","type":"post","link":"https:\/\/www.caths.cz\/wordpress\/atleti-na-voziku-zahajili-atletickou-sezonu\/","title":{"rendered":"Atleti na voz\u00edku zah\u00e1jili atletickou sez\u00f3nu"},"content":{"rendered":"<p>V p\u00e1tek 2. 5. 2014 bylo zah\u00e1jeno ve Sportovn\u00edm centru \u010cUS v Nymburce atletick\u00e9 soust\u0159ed\u011bn\u00ed voz\u00ed\u010dk\u00e1\u0159\u016f. Soust\u0159ed\u011bn\u00ed bylo ur\u010deno nejen pro vrcholov\u00e9 sportovce s t\u011blesn\u00fdm posti\u017een\u00edm, kte\u0159\u00ed zde zahajuj\u00ed svou leto\u0161n\u00ed atletickou sez\u00f3nu, jej\u00edm\u017e vrcholem je mistrovstv\u00ed Evropy a mistrovstv\u00ed sv\u011bta junior\u016f.Soust\u0159ed\u011bn\u00ed bylo rovn\u011b\u017e ur\u010den\u00e9 pro nov\u00e1\u010dky a za\u010d\u00ednaj\u00edc\u00ed sportovce, kte\u0159\u00ed se v d\u016fsledku \u00farazu \u010di nemoci ocitli na invalidn\u00edm voz\u00edku a p\u0159esto maj\u00ed chu\u0165 n\u011bco d\u011blat a za\u010d\u00edt sportovat a \u017e\u00edt aktivn\u00edm a plnohodnotn\u00fd \u017eivotem. <\/p>\n<p> Na soust\u0159ed\u011bn\u00ed se z\u00e1jemc\u016fm v\u011bnovali kvalifikovan\u00ed tren\u00e9\u0159i a fyzioterapeut, kte\u0159\u00ed je sezn\u00e1mili s teori\u00ed atletiky na voz\u00edku, ale hlavn\u011b si vyzkou\u0161eli vrhy koul\u00ed, hody diskem \u010di o\u0161t\u011bpem a ku\u017eelkou, aktivn\u00ed posilov\u00e1n\u00ed v doprovodu tren\u00e9r\u016f, dozv\u011bd\u011bli se jak vhodn\u011b regenerovat a posilovat partie, kter\u00e9 b\u011b\u017en\u011b nepou\u017e\u00edvaj\u00ed a mnoho dal\u0161\u00edch informaci a praktick\u00fdch zku\u0161enost\u00ed. Nov\u00e1\u010dci m\u011bli rovn\u011b\u017e mo\u017enost sezn\u00e1mit se s reprezentanty a vid\u011bt je p\u0159i dvouf\u00e1zov\u00e9m tr\u00e9ninku. <\/p>\n<p> Rovnou z Nymburka odjeli atleti do Pardubic, kde ji\u017e tradi\u010dn\u011b 8.kv\u011btna odstartoval prvn\u00edm kolem \u010cesk\u00fd poh\u00e1r v atletice. <\/p>\n<p> V\u00fdsledky 1.kola \u0106P naleznete <a href=\"http:\/\/www.skmoravia.cz\/atletika\/pohar\/cp14pa.htm\">zde<\/a><\/p>\n","protected":false},"excerpt":{"rendered":"<a href=\"https:\/\/www.caths.cz\/wordpress\/atleti-na-voziku-zahajili-atletickou-sezonu\/\"><img loading=\"lazy\" decoding=\"async\" width=\"100\" height=\"100\" src=\"https:\/\/www.caths.cz\/wordpress\/wp-content\/plugins\/thumbnail-for-excerpts\/tfe_no_thumb.png\" class=\"alignleft wp-post-image tfe\" alt=\"\" title=\"\" \/><\/a><p>V p\u00e1tek 2. 5. 2014 bylo zah\u00e1jeno ve Sportovn\u00edm centru \u010cUS v Nymburce atletick\u00e9 soust\u0159ed\u011bn\u00ed voz\u00ed\u010dk\u00e1\u0159\u016f. Soust\u0159ed\u011bn\u00ed bylo ur\u010deno nejen pro vrcholov\u00e9 sportovce s t\u011blesn\u00fdm posti\u017een\u00edm, kte\u0159\u00ed zde zahajuj\u00ed svou [&hellip;]<\/p>\n","protected":false},"author":1,"featured_media":0,"comment_status":"closed","ping_status":"closed","sticky":false,"template":"","format":"standard","meta":{"ngg_post_thumbnail":0,"footnotes":""},"categories":[5],"tags":[],"class_list":["post-2765","post","type-post","status-publish","format-standard","hentry","category-atletika"],"_links":{"self":[{"href":"https:\/\/www.caths.cz\/wordpress\/wp-json\/wp\/v2\/posts\/2765","targetHints":{"allow":["GET"]}}],"collection":[{"href":"https:\/\/www.caths.cz\/wordpress\/wp-json\/wp\/v2\/posts"}],"about":[{"href":"https:\/\/www.caths.cz\/wordpress\/wp-json\/wp\/v2\/types\/post"}],"author":[{"embeddable":true,"href":"https:\/\/www.caths.cz\/wordpress\/wp-json\/wp\/v2\/users\/1"}],"replies":[{"embeddable":true,"href":"https:\/\/www.caths.cz\/wordpress\/wp-json\/wp\/v2\/comments?post=2765"}],"version-history":[{"count":0,"href":"https:\/\/www.caths.cz\/wordpress\/wp-json\/wp\/v2\/posts\/2765\/revisions"}],"wp:attachment":[{"href":"https:\/\/www.caths.cz\/wordpress\/wp-json\/wp\/v2\/media?parent=2765"}],"wp:term":[{"taxonomy":"category","embeddable":true,"href":"https:\/\/www.caths.cz\/wordpress\/wp-json\/wp\/v2\/categories?post=2765"},{"taxonomy":"post_tag","embeddable":true,"href":"https:\/\/www.caths.cz\/wordpress\/wp-json\/wp\/v2\/tags?post=2765"}],"curies":[{"name":"wp","href":"https:\/\/api.w.org\/{rel}","templated":true}]}}