{"id":2763,"date":"2014-05-10T21:15:41","date_gmt":"2014-05-10T20:15:41","guid":{"rendered":"http:\/\/www.caths.cz\/wordpress\/?p=2763"},"modified":"2014-05-10T21:15:41","modified_gmt":"2014-05-10T20:15:41","slug":"katerina-antosova-obsadila-v-silnicnim-zavode-svetoveho-poharu-4-misto","status":"publish","type":"post","link":"https:\/\/www.caths.cz\/wordpress\/katerina-antosova-obsadila-v-silnicnim-zavode-svetoveho-poharu-4-misto\/","title":{"rendered":"Kate\u0159ina Anto\u0161ov\u00e1 obsadila v silni\u010dn\u00edm z\u00e1vod\u011b sv\u011btov\u00e9ho poh\u00e1ru 4. m\u00edsto"},"content":{"rendered":"<p>Kate\u0159ina Anto\u0161ov\u00e1 z\u00e1vod\u00edc\u00ed v kategorii WH3 obsadila v sobotn\u00edm silni\u010dn\u00edm z\u00e1vod\u011b sv\u011btov\u00e9ho poh\u00e1ru v italsk\u00e9 Castiglione della Pescaia velmi dobr\u00e9 4. m\u00edsto, kter\u00e9 je z\u00e1rove\u0148 tak\u00e9 nejlep\u0161\u00edm um\u00edst\u011bn\u00edm t\u00e9to z\u00e1vodnice v jej\u00ed dosavadn\u00ed handbikov\u00e9 kari\u00e9\u0159e.V nov\u011b ustanoven\u00e9 kategorii H1 mu\u017e\u016f, si s n\u00e1ro\u010dnost\u00ed z\u00e1vodu dob\u0159e poradil mlad\u00fd z\u00e1vodn\u00edk Patrik Jahoda (\u010cSTPS), kter\u00fd v silni\u010dn\u00edm z\u00e1vod\u011b zv\u00edt\u011bzil. Z\u0159\u00edzen\u00ed t\u00e9to kategorie prozat\u00edm nenaplnilo o\u010dek\u00e1v\u00e1n\u00ed UCI, v podob\u011b motivace dal\u0161\u00edch sportovc\u016f s t\u011b\u017ek\u00fdm handicapem pro paracyklistiku, a tak zde v It\u00e1lii, v silni\u010dn\u00edm z\u00e1vod\u011b startovali pouze dva jezdci nov\u011b za\u0159azen\u00ed do kategorie H1. <\/p>\n<p> Dramatick\u00fd a velmi emotivn\u00ed z\u00e1vod kategorie \u201ekleka\u010dek\u201c H5 vyhr\u00e1l, z\u00e1v\u011bre\u010dn\u00e9m sprintu cel\u00e9 skupiny, k velik\u00e9 radosti dom\u00e1c\u00edho publika, v\u00edt\u011bz v\u0161ech posledn\u00edch v\u00fdznamn\u00fdch z\u00e1vod\u016f \u2013 Alex Zanardi. <\/p>\n<p> Celkov\u00e9 v\u00fdsledky sobotn\u00edch z\u00e1vod\u016f: <a href=\"http:\/\/www.uci.ch\/templates\/BUILTIN-NOFRAMES\/Template1\/layout.asp?MenuId=MTcxNDQ&amp;LangId=1\">zde<\/a> <\/p>\n<p> <img decoding=\"async\" src=\"\/wordpress\/image\/sekretarky\/cyklistika\/SP Catsiglione\/sobota\/20140510_093035-1.jpg\"><\/p>\n<p> <img decoding=\"async\" src=\"\/wordpress\/image\/sekretarky\/cyklistika\/SP Catsiglione\/sobota\/IMG_3342.JPG\"> <\/p>\n<p> <img decoding=\"async\" src=\"\/wordpress\/image\/sekretarky\/cyklistika\/SP Catsiglione\/sobota\/IMG_3359.JPG\"><\/p>\n<p> <img decoding=\"async\" src=\"\/wordpress\/image\/sekretarky\/cyklistika\/SP Catsiglione\/sobota\/IMG_3366.JPG\"><\/p>\n<p> <img decoding=\"async\" src=\"\/wordpress\/image\/sekretarky\/cyklistika\/SP Catsiglione\/sobota\/IMG_3371.JPG\"><\/p>\n<p> <img decoding=\"async\" src=\"\/wordpress\/image\/sekretarky\/cyklistika\/SP Catsiglione\/sobota\/IMG_3373.JPG\"><\/p>\n<p> <img decoding=\"async\" src=\"\/wordpress\/image\/sekretarky\/cyklistika\/SP Catsiglione\/sobota\/IMG_3376.JPG\"><\/p>\n","protected":false},"excerpt":{"rendered":"<a href=\"https:\/\/www.caths.cz\/wordpress\/katerina-antosova-obsadila-v-silnicnim-zavode-svetoveho-poharu-4-misto\/\"><img loading=\"lazy\" decoding=\"async\" width=\"100\" height=\"100\" src=\"https:\/\/www.caths.cz\/wordpress\/wp-content\/plugins\/thumbnail-for-excerpts\/tfe_no_thumb.png\" class=\"alignleft wp-post-image tfe\" alt=\"\" title=\"\" \/><\/a><p>Kate\u0159ina Anto\u0161ov\u00e1 z\u00e1vod\u00edc\u00ed v kategorii WH3 obsadila v sobotn\u00edm silni\u010dn\u00edm z\u00e1vod\u011b sv\u011btov\u00e9ho poh\u00e1ru v italsk\u00e9 Castiglione della Pescaia velmi dobr\u00e9 4. m\u00edsto, kter\u00e9 je z\u00e1rove\u0148 tak\u00e9 nejlep\u0161\u00edm um\u00edst\u011bn\u00edm t\u00e9to z\u00e1vodnice [&hellip;]<\/p>\n","protected":false},"author":1,"featured_media":0,"comment_status":"closed","ping_status":"closed","sticky":false,"template":"","format":"standard","meta":{"ngg_post_thumbnail":0,"footnotes":""},"categories":[2],"tags":[],"class_list":["post-2763","post","type-post","status-publish","format-standard","hentry","category-cyklistika"],"_links":{"self":[{"href":"https:\/\/www.caths.cz\/wordpress\/wp-json\/wp\/v2\/posts\/2763","targetHints":{"allow":["GET"]}}],"collection":[{"href":"https:\/\/www.caths.cz\/wordpress\/wp-json\/wp\/v2\/posts"}],"about":[{"href":"https:\/\/www.caths.cz\/wordpress\/wp-json\/wp\/v2\/types\/post"}],"author":[{"embeddable":true,"href":"https:\/\/www.caths.cz\/wordpress\/wp-json\/wp\/v2\/users\/1"}],"replies":[{"embeddable":true,"href":"https:\/\/www.caths.cz\/wordpress\/wp-json\/wp\/v2\/comments?post=2763"}],"version-history":[{"count":0,"href":"https:\/\/www.caths.cz\/wordpress\/wp-json\/wp\/v2\/posts\/2763\/revisions"}],"wp:attachment":[{"href":"https:\/\/www.caths.cz\/wordpress\/wp-json\/wp\/v2\/media?parent=2763"}],"wp:term":[{"taxonomy":"category","embeddable":true,"href":"https:\/\/www.caths.cz\/wordpress\/wp-json\/wp\/v2\/categories?post=2763"},{"taxonomy":"post_tag","embeddable":true,"href":"https:\/\/www.caths.cz\/wordpress\/wp-json\/wp\/v2\/tags?post=2763"}],"curies":[{"name":"wp","href":"https:\/\/api.w.org\/{rel}","templated":true}]}}