{"id":2762,"date":"2014-05-09T21:17:56","date_gmt":"2014-05-09T20:17:56","guid":{"rendered":"http:\/\/www.caths.cz\/wordpress\/?p=2762"},"modified":"2014-05-09T21:17:56","modified_gmt":"2014-05-09T20:17:56","slug":"jiri-jezek-vyhral-uvodni-casovku-svetoveho-poharu","status":"publish","type":"post","link":"https:\/\/www.caths.cz\/wordpress\/jiri-jezek-vyhral-uvodni-casovku-svetoveho-poharu\/","title":{"rendered":"Ji\u0159\u00ed Je\u017eek vyhr\u00e1l \u00favodn\u00ed \u010dasovku sv\u011btov\u00e9ho poh\u00e1ru"},"content":{"rendered":"<p>N\u00e1\u0161 nej\u00fasp\u011b\u0161n\u011bj\u0161\u00ed handicapovan\u00fd cyklista Ji\u0159\u00ed Je\u017eek zv\u00edt\u011bzil v \u010dasovce sv\u011btov\u00e9ho poh\u00e1ru v italsk\u00e9m Castiglione della Pescaia.<br \/>\nN\u00e1ro\u010dn\u00e1, zcela rovinat\u00e1 tra\u0165 v d\u00e9lce 30km, kter\u00e1 vedla pod\u00e9l mo\u0159e, dokonale prov\u011b\u0159ila nejen fyzickou kondici, ale i mor\u00e1lku v\u0161ech z\u00e1vodn\u00edk\u016f.<br \/>\nJi\u0159\u00ed Je\u017eek odstartoval jako\u017eto obh\u00e1jce celkov\u00e9ho v\u00edt\u011bzstv\u00ed seri\u00e1lu sv\u011btov\u00e9ho poh\u00e1ru UCI ParaCycling 2013 jako posledn\u00ed. A bylo na n\u011bm vid\u011bt obrovsk\u00e9 odhodl\u00e1n\u00ed, vedl od \u00favodn\u00edch kilometr\u016f, prvenstv\u00ed zaznamen\u00e1val prakticky na v\u0161ech mezi\u010dasech. Druh\u00e9ho v c\u00edli, francouzsk\u00e9ho z\u00e1vodn\u00edka Jeremy Crepeliera, porazil o necelou p\u016flminutu. T\u0159et\u00ed skon\u010dil Jeffey Martin z USA. <\/p>\n<p> <em>\u201eM\u00e1m samoz\u0159ejm\u011b velikou radost. Moc si toho v\u00edt\u011bzstv\u00ed v\u00e1\u017e\u00edm! U\u017e minul\u00fd v\u00edkend jsem tady v It\u00e1lii vyhr\u00e1l dvoudenn\u00ed z\u00e1vody \u201eVerola ParaCycling Cup\u201c. Bylo to pro m\u011b d\u016fle\u017eit\u00e9 uklidn\u011bn\u00ed. V t\u00fddnu jsem vyu\u017eil skv\u011bl\u00e9 prost\u0159ed\u00ed Tok\u00e1nska k n\u011bkolika kvalitn\u00edm tr\u00e9nink\u016fm, ale d\u00e1val jsem pozor, abych dob\u0159e naladil formu pr\u00e1v\u011b na tuhle \u010dasovku sv\u011btov\u00e9ho poh\u00e1ru. Cht\u011bl jsem samoz\u0159ejm\u011b bojovat o stupn\u011b v\u00edt\u011bz\u016f, ale v\u00edt\u011bzstv\u00ed m\u011b mile p\u0159ekvapilo! Tra\u0165 budila respekt, t\u0159icet kilometr\u016f tup\u00e9 d\u0159iny po rovin\u011b pod\u00e9l mo\u0159e\u2026 Soust\u0159edil jsem se s\u00e1m na sebe, jen na sv\u00e9 tempo. A\u017e v c\u00edli jsem vid\u011bl v\u00fdsledek, a takov\u00fd pohled pot\u011b\u0161\u00ed\u2026!\u201c <\/em>okomentoval sv\u016fj dal\u0161\u00ed v\u00fdznamn\u00fd \u00fasp\u011bch Ji\u0159\u00ed Je\u017eek. <\/p>\n<p> Celkov\u00e9 v\u00fdsledky \u010dasovky SP Castiglione naleznete <a href=\"http:\/\/www.uci.ch\/templates\/BUILTIN-NOFRAMES\/Template1\/layout.asp?MenuId=MTcxNDQ&amp;LangId=1\">zde<\/a> <\/p>\n<p> <img decoding=\"async\" src=\"\/wordpress\/image\/sekretarky\/cyklistika\/SP Catsiglione\/IMG_9186_Fotor.jpg\"><\/p>\n","protected":false},"excerpt":{"rendered":"<a href=\"https:\/\/www.caths.cz\/wordpress\/jiri-jezek-vyhral-uvodni-casovku-svetoveho-poharu\/\"><img loading=\"lazy\" decoding=\"async\" width=\"100\" height=\"100\" src=\"https:\/\/www.caths.cz\/wordpress\/wp-content\/plugins\/thumbnail-for-excerpts\/tfe_no_thumb.png\" class=\"alignleft wp-post-image tfe\" alt=\"\" title=\"\" \/><\/a><p>N\u00e1\u0161 nej\u00fasp\u011b\u0161n\u011bj\u0161\u00ed handicapovan\u00fd cyklista Ji\u0159\u00ed Je\u017eek zv\u00edt\u011bzil v \u010dasovce sv\u011btov\u00e9ho poh\u00e1ru v italsk\u00e9m Castiglione della Pescaia. N\u00e1ro\u010dn\u00e1, zcela rovinat\u00e1 tra\u0165 v d\u00e9lce 30km, kter\u00e1 vedla pod\u00e9l mo\u0159e, dokonale prov\u011b\u0159ila nejen [&hellip;]<\/p>\n","protected":false},"author":1,"featured_media":0,"comment_status":"closed","ping_status":"closed","sticky":false,"template":"","format":"standard","meta":{"ngg_post_thumbnail":0,"footnotes":""},"categories":[2],"tags":[],"class_list":["post-2762","post","type-post","status-publish","format-standard","hentry","category-cyklistika"],"_links":{"self":[{"href":"https:\/\/www.caths.cz\/wordpress\/wp-json\/wp\/v2\/posts\/2762","targetHints":{"allow":["GET"]}}],"collection":[{"href":"https:\/\/www.caths.cz\/wordpress\/wp-json\/wp\/v2\/posts"}],"about":[{"href":"https:\/\/www.caths.cz\/wordpress\/wp-json\/wp\/v2\/types\/post"}],"author":[{"embeddable":true,"href":"https:\/\/www.caths.cz\/wordpress\/wp-json\/wp\/v2\/users\/1"}],"replies":[{"embeddable":true,"href":"https:\/\/www.caths.cz\/wordpress\/wp-json\/wp\/v2\/comments?post=2762"}],"version-history":[{"count":0,"href":"https:\/\/www.caths.cz\/wordpress\/wp-json\/wp\/v2\/posts\/2762\/revisions"}],"wp:attachment":[{"href":"https:\/\/www.caths.cz\/wordpress\/wp-json\/wp\/v2\/media?parent=2762"}],"wp:term":[{"taxonomy":"category","embeddable":true,"href":"https:\/\/www.caths.cz\/wordpress\/wp-json\/wp\/v2\/categories?post=2762"},{"taxonomy":"post_tag","embeddable":true,"href":"https:\/\/www.caths.cz\/wordpress\/wp-json\/wp\/v2\/tags?post=2762"}],"curies":[{"name":"wp","href":"https:\/\/api.w.org\/{rel}","templated":true}]}}