{"id":2761,"date":"2014-05-08T21:16:03","date_gmt":"2014-05-08T20:16:03","guid":{"rendered":"http:\/\/www.caths.cz\/wordpress\/?p=2761"},"modified":"2014-05-08T21:16:03","modified_gmt":"2014-05-08T20:16:03","slug":"zacina-svetovy-pohar-handicapovanych-cyklistu","status":"publish","type":"post","link":"https:\/\/www.caths.cz\/wordpress\/zacina-svetovy-pohar-handicapovanych-cyklistu\/","title":{"rendered":"Za\u010d\u00edn\u00e1 sv\u011btov\u00fd poh\u00e1r handicapovan\u00fdch cyklist\u016f"},"content":{"rendered":"<p>V italsk\u00e9m letovisku Castiglione della Pescaia se od p\u00e1tku bude bojovat o um\u00edst\u011bn\u00ed a cenn\u00e9 body v nejvy\u0161\u0161\u00ed sout\u011b\u017ei handicapovan\u00fdch cyklist\u016f \u2013 sv\u011btov\u00e9m poh\u00e1ru.<br \/>\nNutno podotknout, \u017ee italsk\u00fdm po\u0159adatel\u016fm se da\u0159\u00ed p\u0159ipravovat z\u00e1vody v n\u00e1dhern\u00e9m prost\u0159ed\u00ed. It\u00e1lie po\u0159\u00e1d\u00e1 u\u017e t\u0159et\u00ed sv\u011btov\u00fd poh\u00e1r za sebou a poka\u017ed\u00e9 v jin\u00e9m prost\u0159ed\u00ed t\u00e9to kr\u00e1sn\u00e9 zem\u011b. V roce 2012 z\u00e1vodili cyklist\u00e9 v sam\u00e9m centru historick\u00e9ho \u0158\u00edma, minul\u00fd rok nav\u0161t\u00edvili horsk\u00e9 l\u00e1zn\u011b ji\u017en\u00edho Tyrolska &#8211; Merano a letos jsou v p\u0159\u00edm\u00e9 bl\u00edzkosti mo\u0159e, v obl\u00edben\u00e9m a vyhled\u00e1van\u00e9m letn\u00edm centru.<br \/>\nLo\u0148sk\u00e9 prvenstv\u00ed nejpresti\u017en\u011bj\u0161\u00ed celosv\u011btov\u00e9 sout\u011b\u017ee bude obhajovat n\u00e1\u0161 nej\u00fasp\u011b\u0161n\u011bj\u0161\u00ed cyklista Ji\u0159\u00ed Je\u017eek, kter\u00fd je velmi dob\u0159e p\u0159ipraven, jak uk\u00e1zal test v podob\u011b v\u00edt\u011bzstv\u00ed v Evropsk\u00e9m poh\u00e1ru v italsk\u00e9 Verolanuova, kter\u00fd se uskute\u010dnil minul\u00fd v\u00edkend. <\/p>\n<p> \u010ceskou republiku bude v Castiglione reprezentovat \u0161est \u010dlen\u016f \u010cATHS v n\u00e1sleduj\u00edc\u00edch kategori\u00edch:<br \/> WH3 Kate\u0159ina Anto\u0161ov\u00e1 <br \/> MH2 Pavel Folt\u00fdn<br \/> MH3 Jan Tom\u00e1nek<br \/> MC2 Michal Stark<br \/> MC4 Ji\u0159\u00ed Je\u017eek<br \/> MC5 Tom\u00e1\u0161 Kajnar<\/p>\n<p> Z\u00e1vody za\u010d\u00ednaj\u00ed v p\u00e1tek \u010dasovkou, v sobotu a v ned\u011bli se uskute\u010dn\u00ed silni\u010dn\u00ed z\u00e1vody jednotliv\u00fdch kategori\u00ed.<br \/> Na z\u00e1vody se p\u0159ihl\u00e1silo rekordn\u00edch 341 z\u00e1vodn\u00edk\u016f ze 36 st\u00e1t\u016f sv\u011bta.<\/p>\n<p> <img decoding=\"async\" src=\"\/wordpress\/image\/sekretarky\/cyklistika\/SP Catsiglione\/DSC08280.JPG\"><\/p>\n","protected":false},"excerpt":{"rendered":"<a href=\"https:\/\/www.caths.cz\/wordpress\/zacina-svetovy-pohar-handicapovanych-cyklistu\/\"><img loading=\"lazy\" decoding=\"async\" width=\"100\" height=\"100\" src=\"https:\/\/www.caths.cz\/wordpress\/wp-content\/plugins\/thumbnail-for-excerpts\/tfe_no_thumb.png\" class=\"alignleft wp-post-image tfe\" alt=\"\" title=\"\" \/><\/a><p>V italsk\u00e9m letovisku Castiglione della Pescaia se od p\u00e1tku bude bojovat o um\u00edst\u011bn\u00ed a cenn\u00e9 body v nejvy\u0161\u0161\u00ed sout\u011b\u017ei handicapovan\u00fdch cyklist\u016f \u2013 sv\u011btov\u00e9m poh\u00e1ru. Nutno podotknout, \u017ee italsk\u00fdm po\u0159adatel\u016fm se [&hellip;]<\/p>\n","protected":false},"author":1,"featured_media":0,"comment_status":"closed","ping_status":"closed","sticky":false,"template":"","format":"standard","meta":{"ngg_post_thumbnail":0,"footnotes":""},"categories":[2],"tags":[],"class_list":["post-2761","post","type-post","status-publish","format-standard","hentry","category-cyklistika"],"_links":{"self":[{"href":"https:\/\/www.caths.cz\/wordpress\/wp-json\/wp\/v2\/posts\/2761","targetHints":{"allow":["GET"]}}],"collection":[{"href":"https:\/\/www.caths.cz\/wordpress\/wp-json\/wp\/v2\/posts"}],"about":[{"href":"https:\/\/www.caths.cz\/wordpress\/wp-json\/wp\/v2\/types\/post"}],"author":[{"embeddable":true,"href":"https:\/\/www.caths.cz\/wordpress\/wp-json\/wp\/v2\/users\/1"}],"replies":[{"embeddable":true,"href":"https:\/\/www.caths.cz\/wordpress\/wp-json\/wp\/v2\/comments?post=2761"}],"version-history":[{"count":0,"href":"https:\/\/www.caths.cz\/wordpress\/wp-json\/wp\/v2\/posts\/2761\/revisions"}],"wp:attachment":[{"href":"https:\/\/www.caths.cz\/wordpress\/wp-json\/wp\/v2\/media?parent=2761"}],"wp:term":[{"taxonomy":"category","embeddable":true,"href":"https:\/\/www.caths.cz\/wordpress\/wp-json\/wp\/v2\/categories?post=2761"},{"taxonomy":"post_tag","embeddable":true,"href":"https:\/\/www.caths.cz\/wordpress\/wp-json\/wp\/v2\/tags?post=2761"}],"curies":[{"name":"wp","href":"https:\/\/api.w.org\/{rel}","templated":true}]}}