{"id":2760,"date":"2014-05-07T06:17:39","date_gmt":"2014-05-07T05:17:39","guid":{"rendered":"http:\/\/www.caths.cz\/wordpress\/?p=2760"},"modified":"2014-05-07T06:17:39","modified_gmt":"2014-05-07T05:17:39","slug":"treti-zavod-prazskeho-mtb-poharu-v-kategorii-handicapovanych-cyklistu-vyhral-petr-kocman","status":"publish","type":"post","link":"https:\/\/www.caths.cz\/wordpress\/treti-zavod-prazskeho-mtb-poharu-v-kategorii-handicapovanych-cyklistu-vyhral-petr-kocman\/","title":{"rendered":"T\u0159et\u00ed z\u00e1vod Pra\u017esk\u00e9ho MTB poh\u00e1ru v kategorii handicapovan\u00fdch cyklist\u016f vyhr\u00e1l Petr Kocman"},"content":{"rendered":"<p>Biker Petr Kocman (\u010ceMBA) dok\u00e1zal zv\u00edt\u011bzit ve t\u0159et\u00edm z\u00e1vod\u011b popul\u00e1rn\u00edho Pra\u017esk\u00e9ho MTB poh\u00e1ru, kter\u00fd se o v\u00edkendu uskute\u010dnil v Kbel\u00edch.<br \/>\nVelmi zaj\u00edmav\u00fd a dramatick\u00fd z\u00e1vod rozhodnul Petr ve sv\u016fj prosp\u011bch v druh\u00e9 polovin\u011b z\u00e1vodu, kdy\u017e se dok\u00e1zal vzd\u00e1lit celkov\u011b druh\u00e9mu v po\u0159ad\u00ed Tom\u00e1\u0161ovi Mast\u00edkovi z t\u00fdmu \u010cern\u00ed kon\u011b. T\u0159et\u00ed m\u00edsto obsadil Franti\u0161ek Hrstka.<br \/>\nV kategorii sluchov\u011b posti\u017een\u00fdch zv\u00edt\u011bzil Roman Dohnal (SK SKIVELO nesly\u0161\u00edc\u00edch Olomouc) p\u0159ed Janem \u010capkem ze stejn\u00e9ho odd\u00edlu. <\/p>\n<p> Kbelsk\u00fd z\u00e1vod byl vyps\u00e1n tak\u00e9 jako mistrovstv\u00ed \u010cesk\u00e9 republiky novin\u00e1\u0159\u016f. Mistrovsk\u00e9 tituly si z Kbel odv\u00e1\u017eej\u00ed:<br \/> Filip Grim, kategorie do 40 let (MF Dnes), Tom\u00e1\u0161 Nohejl, kategorie do 50 let (BIKE Peloton) a V\u00e1clav Nov\u00e1k, kategorie nad 50 let (Atombike Ocelov\u00ed letci). <\/p>\n<p> Podobn\u011b jako p\u0159i z\u00e1vodech v \u0158ep\u00edch i Kbely se mohly py\u0161nit velmi po\u010detnou n\u00e1v\u0161t\u011bvou d\u011btsk\u00fdch a ml\u00e1de\u017enick\u00fdch kategori\u00ed. <br \/> Tento z\u00e1jem o cyklistiku a olympijsk\u00e9 cross country m\u016f\u017ee po\u0159adatele Pra\u017esk\u00e9ho MTB poh\u00e1ru jen t\u011b\u0161it.<\/p>\n<p> V\u00edt\u011bzov\u00e9 jednotliv\u00fdch kategori\u00ed t\u0159et\u00edho kola Pra\u017esk\u00e9ho MTB poh\u00e1ru:<br \/> Mu\u017ei Elite: Kry\u0161tof Bog\u00e1r (Betch.nl Superior Bart Brentjens MTB Team)<br \/> \u017deny Elite: Karla \u0160t\u011bp\u00e1nov\u00e1 (Kona Cycling Point)<br \/> Junio\u0159i: Jan Rajchart (NUTREND Specialized Racing)<br \/> Juniorky: Jana Czeczinkarov\u00e1 (Big Shock Team)<br \/> Kadeti: Jan Gavenda (NUTREND Specialized Racing)<br \/> Kadetky: Denisa Luke\u0161ov\u00e1 (Author Team Stupno)<br \/> \u017d\u00e1ci II.: Mat\u011bj Bedrn\u00edk (Sokol Velt\u011b\u017e)<br \/> \u017d\u00e1kyn\u011b II.: Kl\u00e1ra Vernerov\u00e1 (IVAR CS Author Team)<br \/> \u017d\u00e1ci I.: Jakub Dan\u011bk (TJ Cykloprag)<br \/> \u017d\u00e1kyn\u011bI.: Sabka D\u017eerengov\u00e1 (Dukla Praha)<br \/> Mu\u017ei OPEN: Mat\u011bj \u010cepi\u010dka (Megabike Kol\u00edn)<br \/> Masters I.: Ji\u0159\u00ed Chyba (NUTREND Specialized Racing)<br \/> Masters II.: Viktor Zapletal (NUTREND Specialized Racing)<br \/> Masters III.: Ji\u0159\u00ed Mandaus (ROTORBIKE Plze\u0148)<br \/> Masters IV.: Miroslav Svoboda (Kbely Cycling Team)<br \/> T\u011blesn\u011b handicapovan\u00ed cyklist\u00e9: Petr Kocman (\u010ceMBA)<br \/> Sluchov\u011b posti\u017een\u00ed: Roman Dohnal (SK SKIVELO nesly\u0161\u00edc\u00edch Olomouc) <br \/> Ho\u0161i do 10 let: Richard Kobr (Bike team Sokol Kr\u00e1l\u016fv Dv\u016fr)<br \/> D\u00edvky do 10 let: Kate\u0159ina Hlad\u00edkov\u00e1 (IVAR CS Author Team)<br \/> Ho\u0161i do 7 let: Tobi\u00e1\u0161 Kalina (R\u00e1j kol Kladno)<br \/> D\u00edvky do 7 let: Ema Jankovsk\u00e1 (Bike 3000)<br \/> Odr\u00e1\u017eedla kluci: Honz\u00edk \u0160\u0165ota <br \/> Odr\u00e1\u017eedla d\u00edvky: Ema Lienertov\u00e1 (Bikeklinic junior team)<\/p>\n<p> Mist\u0159i \u010cesk\u00e9 republiky novin\u00e1\u0159\u016f:<br \/> do 40 let: Filip Grim (MF Dnes)<br \/> do 50 let: Tom\u00e1\u0161 Nohejl (BIKE Peloton)<br \/> nad 50 let: V\u00e1clav Nov\u00e1k (Atombike Ocelov\u00ed letci)<br \/> V\u00fdsledky, celkov\u00e9 po\u0159ad\u00ed, fotografie a v\u00edce informac\u00ed o Pra\u017esk\u00e9m MTB poh\u00e1ru na <a href=\"http:\/\/www.prahamtb.cz\">www.prahamtb.cz<\/a> <\/p>\n<p> <img decoding=\"async\" src=\"\/wordpress\/image\/sekretarky\/cyklistika\/PMTBP\/kocman.jpg\"><\/p>\n","protected":false},"excerpt":{"rendered":"<a href=\"https:\/\/www.caths.cz\/wordpress\/treti-zavod-prazskeho-mtb-poharu-v-kategorii-handicapovanych-cyklistu-vyhral-petr-kocman\/\"><img loading=\"lazy\" decoding=\"async\" width=\"100\" height=\"100\" src=\"https:\/\/www.caths.cz\/wordpress\/wp-content\/plugins\/thumbnail-for-excerpts\/tfe_no_thumb.png\" class=\"alignleft wp-post-image tfe\" alt=\"\" title=\"\" \/><\/a><p>Biker Petr Kocman (\u010ceMBA) dok\u00e1zal zv\u00edt\u011bzit ve t\u0159et\u00edm z\u00e1vod\u011b popul\u00e1rn\u00edho Pra\u017esk\u00e9ho MTB poh\u00e1ru, kter\u00fd se o v\u00edkendu uskute\u010dnil v Kbel\u00edch. Velmi zaj\u00edmav\u00fd a dramatick\u00fd z\u00e1vod rozhodnul Petr ve sv\u016fj prosp\u011bch [&hellip;]<\/p>\n","protected":false},"author":1,"featured_media":0,"comment_status":"closed","ping_status":"closed","sticky":false,"template":"","format":"standard","meta":{"ngg_post_thumbnail":0,"footnotes":""},"categories":[40],"tags":[],"class_list":["post-2760","post","type-post","status-publish","format-standard","hentry","category-pojed-s-nami"],"_links":{"self":[{"href":"https:\/\/www.caths.cz\/wordpress\/wp-json\/wp\/v2\/posts\/2760","targetHints":{"allow":["GET"]}}],"collection":[{"href":"https:\/\/www.caths.cz\/wordpress\/wp-json\/wp\/v2\/posts"}],"about":[{"href":"https:\/\/www.caths.cz\/wordpress\/wp-json\/wp\/v2\/types\/post"}],"author":[{"embeddable":true,"href":"https:\/\/www.caths.cz\/wordpress\/wp-json\/wp\/v2\/users\/1"}],"replies":[{"embeddable":true,"href":"https:\/\/www.caths.cz\/wordpress\/wp-json\/wp\/v2\/comments?post=2760"}],"version-history":[{"count":0,"href":"https:\/\/www.caths.cz\/wordpress\/wp-json\/wp\/v2\/posts\/2760\/revisions"}],"wp:attachment":[{"href":"https:\/\/www.caths.cz\/wordpress\/wp-json\/wp\/v2\/media?parent=2760"}],"wp:term":[{"taxonomy":"category","embeddable":true,"href":"https:\/\/www.caths.cz\/wordpress\/wp-json\/wp\/v2\/categories?post=2760"},{"taxonomy":"post_tag","embeddable":true,"href":"https:\/\/www.caths.cz\/wordpress\/wp-json\/wp\/v2\/tags?post=2760"}],"curies":[{"name":"wp","href":"https:\/\/api.w.org\/{rel}","templated":true}]}}