{"id":2758,"date":"2014-05-03T12:48:51","date_gmt":"2014-05-03T11:48:51","guid":{"rendered":"http:\/\/www.caths.cz\/wordpress\/?p=2758"},"modified":"2014-05-03T12:48:51","modified_gmt":"2014-05-03T11:48:51","slug":"strelec-vladimir-marcan-si-vystrilel-postup-na-mistrovstvi-sveta","status":"publish","type":"post","link":"https:\/\/www.caths.cz\/wordpress\/strelec-vladimir-marcan-si-vystrilel-postup-na-mistrovstvi-sveta\/","title":{"rendered":"St\u0159elec Vladim\u00edr Mar\u010dan si vyst\u0159\u00edlel postup na mistrovstv\u00ed sv\u011bta"},"content":{"rendered":"<p>Mezin\u00e1rodn\u00ed st\u0159eleck\u00e1 sout\u011b\u017e se konala na jedn\u00e9 z nejl\u00e9pe vybaven\u00fdch evropsk\u00fdch st\u0159elnic v Hannoveru, kde se st\u0159\u00edlelo na elektronick\u00e9 ter\u010de. Sout\u011b\u017e prob\u00edhala dle pravidel ISSF\/IPC a \u0159\u00eddilo ji JURY slo\u017een\u00e9 v mezin\u00e1rodn\u00edm slo\u017een\u00ed.Discipl\u00edna P3 m\u011bla samostatnou kategorii SH1, ostatn\u00ed discipl\u00edny P1 a P4 byly slou\u010deny s neposti\u017een\u00fdmi st\u0159elci, tak\u017ee na v\u00fdsledkov\u00fdch listin\u00e1ch byly tyto kategorie uvedeny spole\u010dn\u011b. U st\u0159elc\u016f SH1 je na v\u00fdsledkov\u00fdch listin\u00e1ch uvedeno IPC. <\/p>\n<p> Po lednov\u00e9m nav\u00fd\u0161en\u00ed nomina\u010dn\u00edch limit\u016f na MS a LPH, byl tento z\u00e1vod st\u011b\u017eejn\u00ed pro nominaci na MS 2014. Nejl\u00e9pe se z na\u0161ich st\u0159elc\u016f vedlo v discipl\u00edn\u011b P3\/sportovn\u00ed pistole 30+30 ran na 25 metr\u016f Vladim\u00edru Mar\u010danovi, kter\u00fd s n\u00e1st\u0159elem 547 bod\u016f splnil nomina\u010dn\u00ed limit na MS 2014 a LPH 2016 a obsadil 9. m\u00edsto. Roman Gronsk\u00fd 504 bod\u016f\/27. m\u00edsto a Franti\u0161ek Kone\u010dn\u00fd 446 bod\u016f\/35. m\u00edsto. V sout\u011b\u017ei dru\u017estev jsme obsadili 4. m\u00edsto.<\/p>\n<p> V discipl\u00edn\u011b P1\/vzduchov\u00e1 pistole 60 ran na 10 metr\u016f nast\u0159\u00edlel Roman Gronsk\u00fd 521 bod\u016f a Franti\u0161ek Kone\u010dn\u00fd 496 bod\u016f. <\/p>\n<p> V p\u0159\u00ed\u0161t\u00edm t\u00fddnu odj\u00ed\u017ed\u011bj\u00ed na\u0161i st\u0159elci na sv\u011btov\u00fd poh\u00e1r ve \u0160t\u011bt\u00edn\u011b. <\/p>\n<p> <img decoding=\"async\" src=\"\/wordpress\/image\/sekretarky\/strelba\/MZ Hannover.JPG\"><\/p>\n","protected":false},"excerpt":{"rendered":"<a href=\"https:\/\/www.caths.cz\/wordpress\/strelec-vladimir-marcan-si-vystrilel-postup-na-mistrovstvi-sveta\/\"><img loading=\"lazy\" decoding=\"async\" width=\"100\" height=\"100\" src=\"https:\/\/www.caths.cz\/wordpress\/wp-content\/plugins\/thumbnail-for-excerpts\/tfe_no_thumb.png\" class=\"alignleft wp-post-image tfe\" alt=\"\" title=\"\" \/><\/a><p>Mezin\u00e1rodn\u00ed st\u0159eleck\u00e1 sout\u011b\u017e se konala na jedn\u00e9 z nejl\u00e9pe vybaven\u00fdch evropsk\u00fdch st\u0159elnic v Hannoveru, kde se st\u0159\u00edlelo na elektronick\u00e9 ter\u010de. Sout\u011b\u017e prob\u00edhala dle pravidel ISSF\/IPC a \u0159\u00eddilo ji JURY slo\u017een\u00e9 [&hellip;]<\/p>\n","protected":false},"author":1,"featured_media":0,"comment_status":"closed","ping_status":"closed","sticky":false,"template":"","format":"standard","meta":{"ngg_post_thumbnail":0,"footnotes":""},"categories":[18],"tags":[],"class_list":["post-2758","post","type-post","status-publish","format-standard","hentry","category-strelba"],"_links":{"self":[{"href":"https:\/\/www.caths.cz\/wordpress\/wp-json\/wp\/v2\/posts\/2758","targetHints":{"allow":["GET"]}}],"collection":[{"href":"https:\/\/www.caths.cz\/wordpress\/wp-json\/wp\/v2\/posts"}],"about":[{"href":"https:\/\/www.caths.cz\/wordpress\/wp-json\/wp\/v2\/types\/post"}],"author":[{"embeddable":true,"href":"https:\/\/www.caths.cz\/wordpress\/wp-json\/wp\/v2\/users\/1"}],"replies":[{"embeddable":true,"href":"https:\/\/www.caths.cz\/wordpress\/wp-json\/wp\/v2\/comments?post=2758"}],"version-history":[{"count":0,"href":"https:\/\/www.caths.cz\/wordpress\/wp-json\/wp\/v2\/posts\/2758\/revisions"}],"wp:attachment":[{"href":"https:\/\/www.caths.cz\/wordpress\/wp-json\/wp\/v2\/media?parent=2758"}],"wp:term":[{"taxonomy":"category","embeddable":true,"href":"https:\/\/www.caths.cz\/wordpress\/wp-json\/wp\/v2\/categories?post=2758"},{"taxonomy":"post_tag","embeddable":true,"href":"https:\/\/www.caths.cz\/wordpress\/wp-json\/wp\/v2\/tags?post=2758"}],"curies":[{"name":"wp","href":"https:\/\/api.w.org\/{rel}","templated":true}]}}