{"id":2757,"date":"2014-05-01T10:30:26","date_gmt":"2014-05-01T09:30:26","guid":{"rendered":"http:\/\/www.caths.cz\/wordpress\/?p=2757"},"modified":"2014-05-01T10:30:26","modified_gmt":"2014-05-01T09:30:26","slug":"ucastnici-majales-dovezli-juniorum-caths-vice-nez-50-000-kc-na-oranzovem-kole","status":"publish","type":"post","link":"https:\/\/www.caths.cz\/wordpress\/ucastnici-majales-dovezli-juniorum-caths-vice-nez-50-000-kc-na-oranzovem-kole\/","title":{"rendered":"\u00da\u010dastn\u00edci Maj\u00e1les dovezli junior\u016fm \u010cATHS v\u00edce ne\u017e 50 000 K\u010d na oran\u017eov\u00e9m kole"},"content":{"rendered":"<p>Nadace \u010cEZ se rozhodla v r\u00e1mci charitativn\u00ed akce Oran\u017eov\u00e9 kolo podpo\u0159it \u010ceskou asociaci t\u011blesn\u011b handicapovan\u00fdch sportovc\u016f a v r\u00e1mci studentsk\u00e9ho festivalu Maj\u00e1les v Praze Let\u0148anech uspo\u0159\u00e1dala charitativn\u00ed akci, jej\u00ed\u017e v\u00fdt\u011b\u017eek je ur\u010den pr\u00e1v\u011b pro juniorsk\u00fd t\u00fdm t\u011blesn\u011b handicapovan\u00fdch sportovc\u016f \u010cATHS. V\u00fd\u0161e darovan\u00e9 \u010d\u00e1stky se odv\u00edjela od toho, kolik metr\u016f dok\u00e1zali &#8222;u\u0161lapat&#8220; na oran\u017eov\u00fdch kolech n\u00e1v\u0161t\u011bvn\u00edci Maj\u00e1les.<br \/> Ti se opravdu ne\u0161et\u0159ili a tak mohli po\u0159adatel\u00e9 do rukou mana\u017eerky reprezenta\u010dn\u00edch t\u00fdm\u016f \u010cATHS Jarky Krakovi\u010dov\u00e9 a paralympijsk\u00e9ho v\u00edt\u011bze Ji\u0159\u00edho Je\u017eka sv\u011b\u0159it \u0161ek s celkovou \u010d\u00e1stkou 51.382,00 korun. <\/p>\n<p> Mimo Jirky Je\u017eka koncert nav\u0161t\u00edvila tak\u00e9 juniorsk\u00e1 talentovan\u00e1 atletka Tereza Jakschov\u00e1 a paralympijsk\u00e1 medailistka a dr\u017eitelka \u010dty\u0159 cenn\u00fdch kov\u016f z mistrovstv\u00ed sv\u011bta, cyklistka, Tereza Diepoldov\u00e1. <br \/> Druh\u00fdm sdru\u017een\u00edm, pro kter\u00e9 n\u00e1v\u0161t\u011bvn\u00edci Maj\u00e1les \u0161lapali na oran\u017eov\u00e9m kole, bylo sdru\u017een\u00ed No foot No stress, zab\u00fdvaj\u00edc\u00edm se pomoci lidem po amputaci doln\u00edch a horn\u00edch kon\u010detin. <\/p>\n<p> <em>\u201eD\u011bkujeme Nadaci \u010cEZ a v\u0161em kte\u0159\u00ed pomohli \u201edojet\u201c pro v\u00fdslednou \u010d\u00e1stku. Asi nem\u00e1 cenu zd\u016fraz\u0148ovat, jak moc d\u016fle\u017eit\u00e1 a cenn\u00e1 je pro n\u00e1s forma finan\u010dn\u00ed podpory ve slo\u017eit\u00e9 finan\u010dn\u00ed situaci, ve kter\u00e9 se sport t\u011blesn\u011b handicapovan\u00fdch aktu\u00e1ln\u011b nach\u00e1z\u00ed. Ale v\u00e1\u017e\u00edme si tak\u00e9 z\u00e1jmu ve\u0159ejnosti o na\u0161i \u010dinnost a zviditeln\u011bn\u00ed na\u0161ich \u00fasp\u011b\u0161n\u00fdch, t\u011blesn\u011b posti\u017een\u00fdch sportovc\u016f a \u010cATHS. V\u011bnovanou \u010d\u00e1stku pou\u017eijeme pro v\u00fdjezd talentovan\u00fdch, t\u011blesn\u011b handicapovan\u00fdch junior\u016f na Sv\u011btov\u00e9 hry IWAS, kter\u00e9 se uskute\u010dn\u00ed v l\u00e9t\u011b ve Velk\u00e9 Brit\u00e1nii\u201c, <\/em>vyj\u00e1d\u0159il sv\u00e9 pod\u011bkov\u00e1n\u00ed, za \u010cATHS, Viktor Zapletal. <\/p>\n<p> <img decoding=\"async\" src=\"\/wordpress\/image\/sekretarky\/oranzove kolo\/IMG_2343.JPG\"><br \/> Podpo\u0159it Oran\u017eov\u00e9 kolo p\u0159i\u0161la mlad\u00e1 nad\u011bje atletiky Tereza Jakschov\u00e1<\/p>\n<p> <img decoding=\"async\" src=\"\/wordpress\/image\/sekretarky\/oranzove kolo\/IMG_2357.JPG\"><br \/> Na kolech se vyst\u0159\u00eddalo velk\u00e9 mno\u017estv\u00ed mlad\u00fdch lid\u00ed. Tady pom\u00e1h\u00e1 i &#8222;Tik Tak&#8220;<\/p>\n<p> <img decoding=\"async\" src=\"\/wordpress\/image\/sekretarky\/oranzove kolo\/IMG_2372.JPG\"><br \/> Studenti se p\u0159i j\u00edzd\u011b opravdu sna\u017eili.<\/p>\n<p> <img decoding=\"async\" src=\"\/wordpress\/image\/sekretarky\/oranzove kolo\/IMG_2385.JPG\"><\/p>\n<p> <img decoding=\"async\" src=\"\/wordpress\/image\/sekretarky\/oranzove kolo\/IMG_2388.JPG\"><br \/> Tereza Diepoldov\u00e1 a Tereza Jakschov\u00e1<\/p>\n<p> <img decoding=\"async\" src=\"\/wordpress\/image\/sekretarky\/oranzove kolo\/IMG_2395.JPG\"><br \/> Jirka Je\u017eek p\u0159ipraven na z\u00e1v\u011bre\u010dnou j\u00edzdu pro \u010cATHS<\/p>\n<p> <img decoding=\"async\" src=\"\/wordpress\/image\/sekretarky\/oranzove kolo\/IMG_2409.JPG\"><br \/> Posledn\u00ed metry pro Oran\u017eov\u00e9 kolo najel Jirka s \u00fasm\u011bvem<\/p>\n<p> <img decoding=\"async\" src=\"\/wordpress\/image\/sekretarky\/oranzove kolo\/IMG_2431.JPG\"><br \/> Moder\u00e1tor Jakub Koh\u00e1k p\u0159iv\u00edtal na p\u00f3diu z\u00e1stupce jednotliv\u00fdch organizac\u00ed<\/p>\n<p> <img decoding=\"async\" src=\"\/wordpress\/image\/sekretarky\/oranzove kolo\/IMG_2439.JPG\"><\/p>\n<p> <img decoding=\"async\" src=\"\/wordpress\/image\/sekretarky\/oranzove kolo\/IMG_2441.JPG\"><br \/> \u0160ek pro \u010cATHS v rukou Ji\u0159\u00edho Je\u017eka<\/p>\n<p> <img decoding=\"async\" src=\"\/wordpress\/image\/sekretarky\/oranzove kolo\/IMG_2443.JPG\"><\/p>\n<p> <img decoding=\"async\" src=\"\/wordpress\/image\/sekretarky\/oranzove kolo\/IMG_2455.JPG\"><br \/> Neskr\u00fdvan\u00fd \u00fadiv Jarky Krakovi\u010dov\u00e9 nad &#8222;vy\u0161lapanou&#8220; \u010d\u00e1stkou pro juniory \u010cATHS<\/p>\n<p> <img decoding=\"async\" src=\"\/wordpress\/image\/sekretarky\/oranzove kolo\/IMG_2456.JPG\"><\/p>\n<p> <img decoding=\"async\" src=\"\/wordpress\/image\/sekretarky\/oranzove kolo\/IMG_2475.JPG\"><br \/> I z\u00e1stupkyn\u011b NO FOOT NO STRESS m\u011bla obrovskou radost z obdarovan\u00e9 \u010d\u00e1stky pro jejich sdru\u017een\u00ed <\/p>\n<p> <img decoding=\"async\" src=\"\/wordpress\/image\/sekretarky\/oranzove kolo\/IMG_2477.JPG\"><\/p>\n<p> <img decoding=\"async\" src=\"\/wordpress\/image\/sekretarky\/oranzove kolo\/IMG_2481.JPG\"><\/p>\n<p> <img decoding=\"async\" src=\"\/wordpress\/image\/sekretarky\/oranzove kolo\/IMG_2484.JPG\"><\/p>\n","protected":false},"excerpt":{"rendered":"<a href=\"https:\/\/www.caths.cz\/wordpress\/ucastnici-majales-dovezli-juniorum-caths-vice-nez-50-000-kc-na-oranzovem-kole\/\"><img loading=\"lazy\" decoding=\"async\" width=\"100\" height=\"100\" src=\"https:\/\/www.caths.cz\/wordpress\/wp-content\/plugins\/thumbnail-for-excerpts\/tfe_no_thumb.png\" class=\"alignleft wp-post-image tfe\" alt=\"\" title=\"\" \/><\/a><p>Nadace \u010cEZ se rozhodla v r\u00e1mci charitativn\u00ed akce Oran\u017eov\u00e9 kolo podpo\u0159it \u010ceskou asociaci t\u011blesn\u011b handicapovan\u00fdch sportovc\u016f a v r\u00e1mci studentsk\u00e9ho festivalu Maj\u00e1les v Praze Let\u0148anech uspo\u0159\u00e1dala charitativn\u00ed akci, jej\u00ed\u017e v\u00fdt\u011b\u017eek [&hellip;]<\/p>\n","protected":false},"author":1,"featured_media":0,"comment_status":"closed","ping_status":"closed","sticky":false,"template":"","format":"standard","meta":{"ngg_post_thumbnail":0,"footnotes":""},"categories":[6],"tags":[],"class_list":["post-2757","post","type-post","status-publish","format-standard","hentry","category-caths-info"],"_links":{"self":[{"href":"https:\/\/www.caths.cz\/wordpress\/wp-json\/wp\/v2\/posts\/2757","targetHints":{"allow":["GET"]}}],"collection":[{"href":"https:\/\/www.caths.cz\/wordpress\/wp-json\/wp\/v2\/posts"}],"about":[{"href":"https:\/\/www.caths.cz\/wordpress\/wp-json\/wp\/v2\/types\/post"}],"author":[{"embeddable":true,"href":"https:\/\/www.caths.cz\/wordpress\/wp-json\/wp\/v2\/users\/1"}],"replies":[{"embeddable":true,"href":"https:\/\/www.caths.cz\/wordpress\/wp-json\/wp\/v2\/comments?post=2757"}],"version-history":[{"count":0,"href":"https:\/\/www.caths.cz\/wordpress\/wp-json\/wp\/v2\/posts\/2757\/revisions"}],"wp:attachment":[{"href":"https:\/\/www.caths.cz\/wordpress\/wp-json\/wp\/v2\/media?parent=2757"}],"wp:term":[{"taxonomy":"category","embeddable":true,"href":"https:\/\/www.caths.cz\/wordpress\/wp-json\/wp\/v2\/categories?post=2757"},{"taxonomy":"post_tag","embeddable":true,"href":"https:\/\/www.caths.cz\/wordpress\/wp-json\/wp\/v2\/tags?post=2757"}],"curies":[{"name":"wp","href":"https:\/\/api.w.org\/{rel}","templated":true}]}}