{"id":2756,"date":"2014-04-28T20:05:41","date_gmt":"2014-04-28T19:05:41","guid":{"rendered":"http:\/\/www.caths.cz\/wordpress\/?p=2756"},"modified":"2014-04-28T20:05:41","modified_gmt":"2014-04-28T19:05:41","slug":"tomas-mastik-vyhral-i-druhe-kolo-prazskeho-mtb-poharu-v-repich","status":"publish","type":"post","link":"https:\/\/www.caths.cz\/wordpress\/tomas-mastik-vyhral-i-druhe-kolo-prazskeho-mtb-poharu-v-repich\/","title":{"rendered":"Tom\u00e1\u0161 Mast\u00edk vyhr\u00e1l i druh\u00e9 kolo Pra\u017esk\u00e9ho MTB poh\u00e1ru v \u0158ep\u00edch"},"content":{"rendered":"<p>Tom\u00e1\u0161 Mast\u00edk z t\u00fdmu \u010cern\u00ed kon\u011b dok\u00e1zal zv\u00edt\u011bzit i ve druh\u00e9m z\u00e1vod\u011b Pra\u017esk\u00e9ho MTB poh\u00e1ru a p\u0159ed Petrem Kocmanem (\u010ceMBA) a Miroslavem Dongresem (MKV Sport) vede celkov\u00e9 po\u0159ad\u00ed poh\u00e1ru v kategorii t\u011blesn\u011b handicapovan\u00fdch cyklist\u016f.<img decoding=\"async\" src=\"\/wordpress\/image\/sekretarky\/cyklistika\/PMTBP\/kocman.jpg\"> <\/p>\n<p> Z\u00e1vod v \u0158ep\u00edch se jel tak\u00e9 jako mistrovstv\u00ed \u010cesk\u00e9 republiky nesly\u0161\u00edc\u00edch cyklist\u016f. Mistrovsk\u00fd trikot si z Prahy odv\u00e1\u017e\u00ed Jan \u010capek a Renata \u0160ul\u00e1kov\u00e1, oba SK SKIVELO nesly\u0161\u00edc\u00edch Olomouc. <\/p>\n<p> Dal\u0161\u00ed, v po\u0159ad\u00ed u\u017e t\u0159et\u00ed z\u00e1vod Pra\u017esk\u00e9ho MTB poh\u00e1ru se pojede v ned\u011bli 4.5. 2014 v lokalit\u011b Praha &#8211; Kbely a zaj\u00edmavost\u00ed je, \u017ee z\u00e1vod bude tak\u00e9 mistrovstv\u00edm \u010cesk\u00e9 republiky novin\u00e1\u0159\u016f. <\/p>\n<p> V\u00fdsledky, celkov\u00e9 po\u0159ad\u00ed, fotografie a v\u00edce informac\u00ed o Pra\u017esk\u00e9m MTB poh\u00e1ru na <a href=\"http:\/\/www.prahamtb.cz\">www.prahamtb.cz<\/a> <\/p>\n<p> <img decoding=\"async\" src=\"\/wordpress\/image\/sekretarky\/cyklistika\/PMTBP\/handicap.jpg\"><\/p>\n","protected":false},"excerpt":{"rendered":"<a href=\"https:\/\/www.caths.cz\/wordpress\/tomas-mastik-vyhral-i-druhe-kolo-prazskeho-mtb-poharu-v-repich\/\"><img loading=\"lazy\" decoding=\"async\" width=\"100\" height=\"100\" src=\"https:\/\/www.caths.cz\/wordpress\/wp-content\/plugins\/thumbnail-for-excerpts\/tfe_no_thumb.png\" class=\"alignleft wp-post-image tfe\" alt=\"\" title=\"\" \/><\/a><p>Tom\u00e1\u0161 Mast\u00edk z t\u00fdmu \u010cern\u00ed kon\u011b dok\u00e1zal zv\u00edt\u011bzit i ve druh\u00e9m z\u00e1vod\u011b Pra\u017esk\u00e9ho MTB poh\u00e1ru a p\u0159ed Petrem Kocmanem (\u010ceMBA) a Miroslavem Dongresem (MKV Sport) vede celkov\u00e9 po\u0159ad\u00ed poh\u00e1ru v [&hellip;]<\/p>\n","protected":false},"author":1,"featured_media":0,"comment_status":"closed","ping_status":"closed","sticky":false,"template":"","format":"standard","meta":{"ngg_post_thumbnail":0,"footnotes":""},"categories":[40],"tags":[],"class_list":["post-2756","post","type-post","status-publish","format-standard","hentry","category-pojed-s-nami"],"_links":{"self":[{"href":"https:\/\/www.caths.cz\/wordpress\/wp-json\/wp\/v2\/posts\/2756","targetHints":{"allow":["GET"]}}],"collection":[{"href":"https:\/\/www.caths.cz\/wordpress\/wp-json\/wp\/v2\/posts"}],"about":[{"href":"https:\/\/www.caths.cz\/wordpress\/wp-json\/wp\/v2\/types\/post"}],"author":[{"embeddable":true,"href":"https:\/\/www.caths.cz\/wordpress\/wp-json\/wp\/v2\/users\/1"}],"replies":[{"embeddable":true,"href":"https:\/\/www.caths.cz\/wordpress\/wp-json\/wp\/v2\/comments?post=2756"}],"version-history":[{"count":0,"href":"https:\/\/www.caths.cz\/wordpress\/wp-json\/wp\/v2\/posts\/2756\/revisions"}],"wp:attachment":[{"href":"https:\/\/www.caths.cz\/wordpress\/wp-json\/wp\/v2\/media?parent=2756"}],"wp:term":[{"taxonomy":"category","embeddable":true,"href":"https:\/\/www.caths.cz\/wordpress\/wp-json\/wp\/v2\/categories?post=2756"},{"taxonomy":"post_tag","embeddable":true,"href":"https:\/\/www.caths.cz\/wordpress\/wp-json\/wp\/v2\/tags?post=2756"}],"curies":[{"name":"wp","href":"https:\/\/api.w.org\/{rel}","templated":true}]}}