{"id":2755,"date":"2014-04-27T17:05:10","date_gmt":"2014-04-27T16:05:10","guid":{"rendered":"http:\/\/www.caths.cz\/wordpress\/?p=2755"},"modified":"2014-04-27T17:05:10","modified_gmt":"2014-04-27T16:05:10","slug":"soustredeni-jachtaru-v-batavia-haven","status":"publish","type":"post","link":"https:\/\/www.caths.cz\/wordpress\/soustredeni-jachtaru-v-batavia-haven\/","title":{"rendered":"Soust\u0159ed\u011bn\u00ed jachta\u0159\u016f v Batavia Haven"},"content":{"rendered":"<p>\u010cesk\u00fd reprezentant v jachtingu Daniel B\u00edna m\u00e1 za sebou soust\u0159ed\u011bn\u00ed v holandsk\u00e9 Batavia Haven. Kr\u00e1tkou zpr\u00e1vu p\u0159\u00edmo od Dana zve\u0159ej\u0148ujeme n\u00ed\u017ee.<em>Vzhledem k nedostatku finan\u010dn\u00edch prost\u0159edk\u016f se zimn\u00ed soust\u0159ed\u011bn\u00ed 2014 nekonalo se \u0161pan\u011blsk\u00fdm t\u00fdmem ve Valencii, ale v komorn\u00ed atmosf\u00e9\u0159e Batavia haven, tj. v t\u011bsn\u00e9m sousedstv\u00ed nizozemsk\u00e9ho Lelystadu. <br \/> M\u00edsto a pobyt nezi\u0161tn\u011b\u00a0 zajistil Andre Rademarker, kter\u00fd dohodl pobyt v Batavia haven zcela bez poplatk\u016f, za co\u017e jim n\u00e1le\u017e\u00ed m\u016fj velk\u00fd d\u00edk. <\/p>\n<p> M\u00edsto bylo jedn\u00edm z nejlep\u0161\u00edch rev\u00edr\u016f, na kter\u00fdch jsem v\u016fbec jezdil. Prostor kryt\u00fd hr\u00e1zemi poskytoval dostatek kryt\u00e9ho prostoru, pokud podm\u00ednky na Ijsselmere neumo\u017enili bezpe\u010dn\u00fd jachting. Kvalitu rev\u00edru jen podtrhuje, \u017ee z 21 pl\u00e1novan\u00fdch dn\u00ed na vod\u011b, nakonec bylo neuv\u011b\u0159iteln\u00fdch re\u00e1ln\u00fdch 20 dn\u00ed na vod\u011b v p\u0159evl\u00e1daj\u00edc\u00edm 15 uzlov\u00e9m v\u011btru severn\u00edho sm\u011bru. Nicm\u00e9n\u011b v baz\u00e9nu jsme tr\u00e9novali i ve v\u011btru dosahuj\u00edc\u00edm 30 uzl\u016f. <br \/> Soust\u0159ed\u011bn\u00ed prob\u011bhlo v prvn\u00edm a t\u0159et\u00edm t\u00fddnu m\u011bs\u00edc\u016f b\u0159ezna a dubna. Soust\u0159ed\u011bn\u00ed vedl Andre Rademaker (st\u0159\u00edbro z MS 2011). \u00da\u010dastn\u00edky byli Daniel B\u00edna a Peter \u010cerm\u00e1k, o technickou podporu se staral Ladislav B\u00edna. <\/p>\n<p> Kr\u00e1tk\u00fd video set\u0159ih ze soust\u0159ed\u011bn\u00ed lze nal\u00e9zt na <a href=\"https:\/\/www.youtube.com\/watch?v=iFhENzXdu4s\">https:\/\/www.youtube.com\/watch?v=iFhENzXdu4s<\/a> <\/p>\n<p> Z\u00e1v\u011brem bych cht\u011bl pod\u011bkovat v\u0161em z\u00fa\u010dastn\u011bn\u00fdm za spolupr\u00e1ci a v\u0161em co z\u016fstali doma za podporu.<\/em> <\/p>\n<p> <img decoding=\"async\" src=\"\/wordpress\/image\/sekretarky\/jachting\/batavia.jpg\"><\/p>\n","protected":false},"excerpt":{"rendered":"<a href=\"https:\/\/www.caths.cz\/wordpress\/soustredeni-jachtaru-v-batavia-haven\/\"><img loading=\"lazy\" decoding=\"async\" width=\"100\" height=\"100\" src=\"https:\/\/www.caths.cz\/wordpress\/wp-content\/plugins\/thumbnail-for-excerpts\/tfe_no_thumb.png\" class=\"alignleft wp-post-image tfe\" alt=\"\" title=\"\" \/><\/a><p>\u010cesk\u00fd reprezentant v jachtingu Daniel B\u00edna m\u00e1 za sebou soust\u0159ed\u011bn\u00ed v holandsk\u00e9 Batavia Haven. Kr\u00e1tkou zpr\u00e1vu p\u0159\u00edmo od Dana zve\u0159ej\u0148ujeme n\u00ed\u017ee.Vzhledem k nedostatku finan\u010dn\u00edch prost\u0159edk\u016f se zimn\u00ed soust\u0159ed\u011bn\u00ed 2014 nekonalo [&hellip;]<\/p>\n","protected":false},"author":1,"featured_media":0,"comment_status":"closed","ping_status":"closed","sticky":false,"template":"","format":"standard","meta":{"ngg_post_thumbnail":0,"footnotes":""},"categories":[11],"tags":[],"class_list":["post-2755","post","type-post","status-publish","format-standard","hentry","category-jachting"],"_links":{"self":[{"href":"https:\/\/www.caths.cz\/wordpress\/wp-json\/wp\/v2\/posts\/2755","targetHints":{"allow":["GET"]}}],"collection":[{"href":"https:\/\/www.caths.cz\/wordpress\/wp-json\/wp\/v2\/posts"}],"about":[{"href":"https:\/\/www.caths.cz\/wordpress\/wp-json\/wp\/v2\/types\/post"}],"author":[{"embeddable":true,"href":"https:\/\/www.caths.cz\/wordpress\/wp-json\/wp\/v2\/users\/1"}],"replies":[{"embeddable":true,"href":"https:\/\/www.caths.cz\/wordpress\/wp-json\/wp\/v2\/comments?post=2755"}],"version-history":[{"count":0,"href":"https:\/\/www.caths.cz\/wordpress\/wp-json\/wp\/v2\/posts\/2755\/revisions"}],"wp:attachment":[{"href":"https:\/\/www.caths.cz\/wordpress\/wp-json\/wp\/v2\/media?parent=2755"}],"wp:term":[{"taxonomy":"category","embeddable":true,"href":"https:\/\/www.caths.cz\/wordpress\/wp-json\/wp\/v2\/categories?post=2755"},{"taxonomy":"post_tag","embeddable":true,"href":"https:\/\/www.caths.cz\/wordpress\/wp-json\/wp\/v2\/tags?post=2755"}],"curies":[{"name":"wp","href":"https:\/\/api.w.org\/{rel}","templated":true}]}}