{"id":2751,"date":"2014-04-19T23:30:05","date_gmt":"2014-04-19T22:30:05","guid":{"rendered":"http:\/\/www.caths.cz\/wordpress\/?p=2751"},"modified":"2014-04-19T23:30:05","modified_gmt":"2014-04-19T22:30:05","slug":"v-pardubicich-odstartoval-cesky-pohar-handbike-2014","status":"publish","type":"post","link":"https:\/\/www.caths.cz\/wordpress\/v-pardubicich-odstartoval-cesky-pohar-handbike-2014\/","title":{"rendered":"V Pardubic\u00edch odstartoval \u010cesk\u00fd poh\u00e1r handbike 2014"},"content":{"rendered":"<p>V sobotu v Pardubic\u00edch za\u010dal ji\u017e 8. ro\u010dn\u00edk \u010cesk\u00e9ho poh\u00e1ru silni\u010dn\u00edch handbik\u016f, nov\u011b ve spolupr\u00e1ci s t\u00fdmem \u010cern\u00ed Kon\u011b.V Pardubic\u00edch byla p\u0159ipravena pro handbiky p\u016flmaratonsk\u00e1 tra\u0165, kter\u00e1 vedla m\u011bstem za kr\u00e1sn\u00e9ho slune\u010dn\u00e9ho po\u010das\u00ed. Na start se sjelo pouze 20 handbiker\u016f z cel\u00e9 \u010cesk\u00e9 republiky a Slovenska. Takto n\u00edzk\u00e1 \u00fa\u010dast byla p\u0159\u00ed\u010dinou kon\u00e1n\u00ed Evropsk\u00e9ho poh\u00e1ru EHC ve francouzsk\u00e9m Rosenau ve stejn\u00e9m datu..<br \/> Po startu p\u016flmaratonu se utvo\u0159ila \u010dty\u0159\u010dlenn\u00e1 skupinka ve slo\u017een\u00ed Daniel Kukla, Tom\u00e1\u0161 Mo\u0161ni\u010dka, Zbyn\u011bk \u0160vehla a V\u00e1clav Antal, kter\u00e1 ud\u00e1vala tempo cel\u00e9mu z\u00e1vodu a ve stejn\u00e9m po\u0159ad\u00ed tak\u00e9 dojela do c\u00edle. V\u00edt\u011bzn\u00fd \u010das 38:49 nebyl podle Dana Kukly ze slovensk\u00e9ho t\u00fdmu Handbike Team Slovakia, nijak rychl\u00fd, ale s \u00fasm\u011bvem na tv\u00e1\u0159i byl p\u0159esto spokojen\u00fd. <br \/> Nejrychlej\u0161\u00ed \u017eenou byla Kate\u0159ina Anto\u0161ov\u00e1 z t\u00fdmu \u010cern\u00ed Kon\u011b, kter\u00e1 porazila svoji t\u00fdmovou kolegyni Hanu Hor\u00e1lkovou. <\/p>\n<p> V\u00edt\u011bzem nejpo\u010detn\u011bj\u0161\u00ed kategorie H3 se stal Tom\u00e1\u0161 Mo\u0161ni\u010dka, Lud\u011bk Benada v H2 a Patrik Jahoda v H1. <\/p>\n<p> Kompletn\u00ed v\u00fdsledky naleznete <a href=\"http:\/\/www.pardubickyvinarskypulmaraton.cz\/upload_file\/5cd17745903a61be10e8f86e340c5126Handbike.pdf\" target=\"_blank\"> zde<\/a> <\/p>\n<p> <img decoding=\"async\" src=\"\/wordpress\/image\/sekretarky\/handbike\/CP Pardubice 2014\/SAM_0001.JPG\"> <\/p>\n<p> <img decoding=\"async\" src=\"\/wordpress\/image\/sekretarky\/handbike\/CP Pardubice 2014\/SAM_0003.JPG\"> <\/p>\n<p> <img decoding=\"async\" src=\"\/wordpress\/image\/sekretarky\/handbike\/CP Pardubice 2014\/SAM_0004.JPG\"> <\/p>\n<p> <img decoding=\"async\" src=\"\/wordpress\/image\/sekretarky\/handbike\/CP Pardubice 2014\/SAM_0006.JPG\"> <\/p>\n<p> <img decoding=\"async\" src=\"\/wordpress\/image\/sekretarky\/handbike\/CP Pardubice 2014\/SAM_0009.JPG\"> <\/p>\n<p> <img decoding=\"async\" src=\"\/wordpress\/image\/sekretarky\/handbike\/CP Pardubice 2014\/SAM_0010.JPG\"> <\/p>\n<p> <img decoding=\"async\" src=\"\/wordpress\/image\/sekretarky\/handbike\/CP Pardubice 2014\/SAM_0011.JPG\"> <\/p>\n<p> <img decoding=\"async\" src=\"\/wordpress\/image\/sekretarky\/handbike\/CP Pardubice 2014\/SAM_0014.JPG\"> <\/p>\n<p> <img decoding=\"async\" src=\"\/wordpress\/image\/sekretarky\/handbike\/CP Pardubice 2014\/SAM_0017.JPG\"> <\/p>\n","protected":false},"excerpt":{"rendered":"<a href=\"https:\/\/www.caths.cz\/wordpress\/v-pardubicich-odstartoval-cesky-pohar-handbike-2014\/\"><img loading=\"lazy\" decoding=\"async\" width=\"100\" height=\"100\" src=\"https:\/\/www.caths.cz\/wordpress\/wp-content\/plugins\/thumbnail-for-excerpts\/tfe_no_thumb.png\" class=\"alignleft wp-post-image tfe\" alt=\"\" title=\"\" \/><\/a><p>V sobotu v Pardubic\u00edch za\u010dal ji\u017e 8. ro\u010dn\u00edk \u010cesk\u00e9ho poh\u00e1ru silni\u010dn\u00edch handbik\u016f, nov\u011b ve spolupr\u00e1ci s t\u00fdmem \u010cern\u00ed Kon\u011b.V Pardubic\u00edch byla p\u0159ipravena pro handbiky p\u016flmaratonsk\u00e1 tra\u0165, kter\u00e1 vedla m\u011bstem za [&hellip;]<\/p>\n","protected":false},"author":1,"featured_media":0,"comment_status":"closed","ping_status":"closed","sticky":false,"template":"","format":"standard","meta":{"ngg_post_thumbnail":0,"footnotes":""},"categories":[9],"tags":[],"class_list":["post-2751","post","type-post","status-publish","format-standard","hentry","category-handbike"],"_links":{"self":[{"href":"https:\/\/www.caths.cz\/wordpress\/wp-json\/wp\/v2\/posts\/2751","targetHints":{"allow":["GET"]}}],"collection":[{"href":"https:\/\/www.caths.cz\/wordpress\/wp-json\/wp\/v2\/posts"}],"about":[{"href":"https:\/\/www.caths.cz\/wordpress\/wp-json\/wp\/v2\/types\/post"}],"author":[{"embeddable":true,"href":"https:\/\/www.caths.cz\/wordpress\/wp-json\/wp\/v2\/users\/1"}],"replies":[{"embeddable":true,"href":"https:\/\/www.caths.cz\/wordpress\/wp-json\/wp\/v2\/comments?post=2751"}],"version-history":[{"count":0,"href":"https:\/\/www.caths.cz\/wordpress\/wp-json\/wp\/v2\/posts\/2751\/revisions"}],"wp:attachment":[{"href":"https:\/\/www.caths.cz\/wordpress\/wp-json\/wp\/v2\/media?parent=2751"}],"wp:term":[{"taxonomy":"category","embeddable":true,"href":"https:\/\/www.caths.cz\/wordpress\/wp-json\/wp\/v2\/categories?post=2751"},{"taxonomy":"post_tag","embeddable":true,"href":"https:\/\/www.caths.cz\/wordpress\/wp-json\/wp\/v2\/tags?post=2751"}],"curies":[{"name":"wp","href":"https:\/\/api.w.org\/{rel}","templated":true}]}}