{"id":2750,"date":"2014-04-16T23:14:45","date_gmt":"2014-04-16T22:14:45","guid":{"rendered":"http:\/\/www.caths.cz\/wordpress\/?p=2750"},"modified":"2014-04-16T23:14:45","modified_gmt":"2014-04-16T22:14:45","slug":"na-drahovem-ms-handicapovanych-cyklistu-bylo-prekonano-celkem-29-svetovych-rekordu","status":"publish","type":"post","link":"https:\/\/www.caths.cz\/wordpress\/na-drahovem-ms-handicapovanych-cyklistu-bylo-prekonano-celkem-29-svetovych-rekordu\/","title":{"rendered":"Na dr\u00e1hov\u00e9m MS handicapovan\u00fdch cyklist\u016f bylo p\u0159ekon\u00e1no celkem 29 sv\u011btov\u00fdch rekord\u016f!"},"content":{"rendered":"<p>Celkem 29 sv\u011btov\u00fdch rekord\u016f bylo p\u0159ekon\u00e1no v uplynul\u00fdch dnech na dr\u00e1hov\u00e9m mistrovstv\u00ed sv\u011bta handicapovan\u00fdch cyklist\u016f v mexick\u00e9m Aguascalientes.<br \/>\nPokud se odborn\u00edci na cyklistiku domn\u00edvali, \u017ee lond\u00fdnsk\u00e9 paralympijsk\u00e9 hry a rychl\u00e1 dr\u00e1ha velodromu v Lond\u00fdn\u011b budou znamenat, v mnoha p\u0159\u00edpadech, dosa\u017een\u00ed hranice mo\u017enost\u00ed handicapovan\u00fdch cyklist\u016f, m\u00fdlili se. \u00dactyhodn\u00fd po\u010det sv\u011btov\u00fdch rekord\u016f z Aguascalientes je t\u00edm obdivuhodn\u011bj\u0161\u00ed, \u017ee v \u0159ad\u011b p\u0159\u00edpad\u016f jsou dosa\u017een\u00e9 rekordy je\u0161t\u011b vy\u0161\u0161\u00ed ne\u017e p\u0159edstavuje hodnota n\u00e1rodn\u00edch rekord\u016f cyklist\u016f bez handicapu&#8230;<br \/>\nNap\u0159\u00edklad rekord Jodyho Cundy na 1km 1:01:466 p\u0159edstavuje naprosto neuv\u011b\u0159iteln\u00fd \u010das, kdy\u017e uv\u00e1\u017e\u00edme, \u017ee Jody z\u00e1vod\u00ed s podkolenn\u00ed amputac\u00ed doln\u00ed kon\u010detiny a to sam\u00e9 plat\u00ed o slovensk\u00e9m talentu Josefovi Metelkovi a jeho \u010dase 4:30:806 v z\u00e1vod\u011b na 4000 metr\u016f. \u010cas na\u0161eho Ji\u0159\u00edho Je\u017eka 4:32:944 by Jirkovi umo\u017e\u0148oval bojovat o nejvy\u0161\u0161\u00ed um\u00edst\u011bn\u00ed v n\u00e1rodn\u00edm mistrovstv\u00ed \u010desk\u00fdch dr\u00e1ha\u0159\u016f.<br \/> Nutno dodat, \u017ee v \u0159ad\u011b zem\u00ed je cyklistika handicapovan\u00fdch plnohodnotn\u011b, profesion\u00e1ln\u011b zaji\u0161t\u011bn\u00fdm sportem. U n\u00e1s tomu tak v \u017e\u00e1dn\u00e9m p\u0159\u00edpad\u011b nen\u00ed a my jen m\u016f\u017eeme doufat, \u017ee se poda\u0159\u00ed zajistit i v \u010cesk\u00e9 republice na\u0161im cyklist\u016fm a v\u0161em \u0161pi\u010dkov\u00fdm handicapovan\u00fdm sportovc\u016fm odpov\u00eddaj\u00edc\u00ed podm\u00ednky pro jejich \u010dinnost. <br \/> V celkov\u00e9m hodnocen\u00ed n\u00e1rod\u016f obsadil n\u00e1\u0161 t\u00fdm 12 p\u0159\u00ed\u010dku z 28 hodnocen\u00fdch st\u00e1t\u016f, d\u00edky st\u0159\u00edbru Ji\u0159\u00edho Je\u017eka a bronzu Iva Koblasy. <\/p>\n<p> <img decoding=\"async\" src=\"\/wordpress\/image\/sekretarky\/cyklistika\/MS Aguascalientes\/aguascalientes.jpg\"><\/p>\n","protected":false},"excerpt":{"rendered":"<a href=\"https:\/\/www.caths.cz\/wordpress\/na-drahovem-ms-handicapovanych-cyklistu-bylo-prekonano-celkem-29-svetovych-rekordu\/\"><img loading=\"lazy\" decoding=\"async\" width=\"100\" height=\"100\" src=\"https:\/\/www.caths.cz\/wordpress\/wp-content\/plugins\/thumbnail-for-excerpts\/tfe_no_thumb.png\" class=\"alignleft wp-post-image tfe\" alt=\"\" title=\"\" \/><\/a><p>Celkem 29 sv\u011btov\u00fdch rekord\u016f bylo p\u0159ekon\u00e1no v uplynul\u00fdch dnech na dr\u00e1hov\u00e9m mistrovstv\u00ed sv\u011bta handicapovan\u00fdch cyklist\u016f v mexick\u00e9m Aguascalientes. Pokud se odborn\u00edci na cyklistiku domn\u00edvali, \u017ee lond\u00fdnsk\u00e9 paralympijsk\u00e9 hry a rychl\u00e1 [&hellip;]<\/p>\n","protected":false},"author":1,"featured_media":0,"comment_status":"closed","ping_status":"closed","sticky":false,"template":"","format":"standard","meta":{"ngg_post_thumbnail":0,"footnotes":""},"categories":[2],"tags":[],"class_list":["post-2750","post","type-post","status-publish","format-standard","hentry","category-cyklistika"],"_links":{"self":[{"href":"https:\/\/www.caths.cz\/wordpress\/wp-json\/wp\/v2\/posts\/2750","targetHints":{"allow":["GET"]}}],"collection":[{"href":"https:\/\/www.caths.cz\/wordpress\/wp-json\/wp\/v2\/posts"}],"about":[{"href":"https:\/\/www.caths.cz\/wordpress\/wp-json\/wp\/v2\/types\/post"}],"author":[{"embeddable":true,"href":"https:\/\/www.caths.cz\/wordpress\/wp-json\/wp\/v2\/users\/1"}],"replies":[{"embeddable":true,"href":"https:\/\/www.caths.cz\/wordpress\/wp-json\/wp\/v2\/comments?post=2750"}],"version-history":[{"count":0,"href":"https:\/\/www.caths.cz\/wordpress\/wp-json\/wp\/v2\/posts\/2750\/revisions"}],"wp:attachment":[{"href":"https:\/\/www.caths.cz\/wordpress\/wp-json\/wp\/v2\/media?parent=2750"}],"wp:term":[{"taxonomy":"category","embeddable":true,"href":"https:\/\/www.caths.cz\/wordpress\/wp-json\/wp\/v2\/categories?post=2750"},{"taxonomy":"post_tag","embeddable":true,"href":"https:\/\/www.caths.cz\/wordpress\/wp-json\/wp\/v2\/tags?post=2750"}],"curies":[{"name":"wp","href":"https:\/\/api.w.org\/{rel}","templated":true}]}}