{"id":27478,"date":"2019-08-06T12:57:27","date_gmt":"2019-08-06T11:57:27","guid":{"rendered":"http:\/\/www.caths.cz\/wordpress\/?p=27478"},"modified":"2019-08-06T13:14:46","modified_gmt":"2019-08-06T12:14:46","slug":"uspechy-stolnich-tenistu-z-japan-open-2019-karabec-s-jelinkem-zlati-v-tymech","status":"publish","type":"post","link":"https:\/\/www.caths.cz\/wordpress\/uspechy-stolnich-tenistu-z-japan-open-2019-karabec-s-jelinkem-zlati-v-tymech\/","title":{"rendered":"\u00dasp\u011bchy stoln\u00edch tenist\u016f z Japan Open 2019 \u2013 Karabec s Jel\u00ednkem zlat\u00ed v t\u00fdmech!"},"content":{"rendered":"<p>U\u017e za rok se v japonsk\u00e9m Tokiu uskute\u010dn\u00ed nejen letn\u00ed olympijsk\u00e9 hry, ale samoz\u0159ejm\u011b tak\u00e9 paralympi\u00e1da. A boje o postup na tuto akci jsou v pln\u00e9m proudu. Nen\u00ed tedy divu, \u017ee na \u010de\u0161t\u00ed stoln\u00ed tenist\u00e9 vyrazili na Japan Para Open usilovat o body do \u017eeb\u0159\u00ed\u010dku.<\/p>\n<p>Obrovsk\u00fd \u00fasp\u011bch zaznamenal zku\u0161en\u00fd Ivan Karabec v kategorii M10, kdy\u017e vybojoval ve dvouh\u0159e bronzovou medaili. Pak v sout\u011b\u017ei dru\u017estev p\u0159idal spole\u010dn\u011b s Angli\u010danem Kimem Daybelem a mlad\u00fdm \u010desk\u00fdm reprezentantem Kristi\u00e1nem Jel\u00ednkem zlato.<\/p>\n<p>V semifin\u00e1le singlu Karabec prohr\u00e1l s Bunpotem Sillapakongem z Thajska 2:3 a byl zklaman\u00fd.\u00a0<em>\u201eJako nasazen\u00e1 turnajov\u00e1 jedni\u010dka jsem pom\u00fd\u0161lel minim\u00e1ln\u011b na \u00fa\u010dast ve fin\u00e1le. Jen\u017ee jsem neprom\u011bnil t\u0159i me\u010dboly a prohr\u00e1l v p\u00e1t\u00e9m setu 17:19. Byla to ot\u00e1zka jednoho dvou m\u00ed\u010dku, \u0161koda. N\u011bjak se mi neda\u0159\u00ed vypo\u0159\u00e1dat s \u010dasov\u00fdm posunem a jsem po\u0159\u00e1d ospal\u00fd. Hra je pomalej\u0161\u00ed, co\u017e se v semifin\u00e1le projevilo. To ale nen\u00ed v\u00fdmluva, prost\u011b jsem nezvl\u00e1dl koncovku z\u00e1pasu,\u201c<\/em>\u00a0\u0159ekl po zisku bronzu ve dvouh\u0159e \u0161estin\u00e1sobn\u00fd \u00fa\u010dastn\u00edk paralympijsk\u00fdch her.<\/p>\n<p>Na ty sedm\u00e9 v p\u0159\u00ed\u0161t\u00edm roce se chce kvalifikovat a \u0161anci m\u00e1 velikou. Prozat\u00edm je osm\u00fd na sv\u011btov\u00e9m \u017eeb\u0159\u00ed\u010dku, jistotu nominace by m\u011blo m\u00edt jisto m\u00edt t\u0159in\u00e1ct nejlep\u0161\u00edch.\u00a0<em>\u201eMy se hned po ned\u011bli p\u0159esouv\u00e1me na dal\u0161\u00ed turnaj do Bangkoku, tak\u017ee tam snad zase n\u011bjak\u00e9 body posb\u00edr\u00e1m. Bohu\u017eel, asi budu muset absolvovat je\u0161t\u011b turnaj v \u010c\u00edn\u011b na podzim tohoto roku. Podle pravidel mus\u00edm m\u00edt odehr\u00e1n jeden turnaj mimo kontinent s faktorem 40. T\u00edm m\u011blo b\u00fdt Japan Para Open, ale nakonec to organiz\u00e1to\u0159i zm\u011bnili pouze na dvac\u00edtku. A stejnou \u00farove\u0148 bude m\u00edt i akce v Bangkoku. Ned\u00e1 se nic d\u011blat, j\u00e1 pevn\u011b v\u011b\u0159\u00edm, \u017ee se mi do Tokia poda\u0159\u00ed probojoval. Proto jsem si to tady letos tak\u00e9 cht\u011bl vyzkou\u0161et.\u201c<\/em><\/p>\n<p>Po zisku medaile v sout\u011b\u017ei jednotlivc\u016f, se zku\u0161en\u00fd \u010desk\u00fd paralympionik do\u010dkal dal\u0161\u00ed v sout\u011b\u017ei dru\u017estev. A byla to medaile zlat\u00e1. Spole\u010dn\u011b s Angli\u010danem Kimem Daybelem a mlad\u00fdm \u010desk\u00fdm reprezentantem Kristi\u00e1nem Jel\u00ednkem (klasifikace M7) nena\u0161li p\u0159emo\u017eitele.\u00a0<em>\u201ePo dvouhodinov\u00e9m strhuj\u00edc\u00edm fin\u00e1le, pln\u00e9m zvratu, jsme porazili dom\u00e1c\u00ed Japonsko 2:1. Byl to neskute\u010dn\u00fd z\u00e1\u017eitek. Pln\u00e1 hala japonsk\u00fdch fanou\u0161k\u016f, o m\u00e9di\u00edch ani nemluv\u011b. Bylo tam t\u0159icet novin\u00e1\u0159\u016f, p\u011bt televizn\u00edch stanic a \u017eiv\u00fd p\u0159enos v japonsk\u00e9 televizi,\u201c<\/em>popsal atmosf\u00e9ru v hale Ivan Karabec.\u00a0<em>\u201eJak \u0159\u00edk\u00e1m, byl to souboj pln\u00fd zvrat\u016f. V \u00favodn\u00ed \u010dty\u0159h\u0159e jsme v p\u00e1t\u00e9m setu vedli 10:6, pak prohr\u00e1vali 10:11, ale nakonec zv\u00edt\u011bzili 14:12. To byl kl\u00ed\u010d k celkov\u00e9mu \u00fasp\u011bchu. J\u00e1 jsem pak podlehl Iwabuchimu, jen\u017ee britsk\u00fd spoluhr\u00e1\u010d Daybel porazil Kakitu 3:1 na sety a mohli jsme se radovat ze zlata. Bylo to t\u011b\u017ek\u00e9, v p\u011bti\u010dlenn\u00e9 skupin\u011b se hr\u00e1lo syst\u00e9mem ka\u017ed\u00fd s ka\u017ed\u00fdm a jednu dvouhru si v pr\u016fb\u011bhu sout\u011b\u017ee vyzkou\u0161el i Kristi\u00e1n Jel\u00ednek. Byl to z\u00e1\u017eitek i pro n\u011bj.\u201c<\/em><\/p>\n<p>Z dal\u0161\u00edch \u010desk\u00fdch hr\u00e1\u010d\u016f na turnaji v Japonsku postoupil ve dvouh\u0159e ze z\u00e1kladn\u00ed skupiny kategorie M7 Daniel Horut. Prohr\u00e1l ov\u0161em ve \u010dtvrtfin\u00e1le s Britem Williamem Johnem Bayleym. Kristi\u00e1n Jel\u00ednek ani Zbyn\u011bk Lambert v\u0161ak v kategorii M7 nepostoupili ze z\u00e1kladn\u00ed skupiny.<\/p>\n<p>&nbsp;<\/p>\n<p>Zdroj:\u00a0<a href=\"http:\/\/www.ping-pomg.cz\/\" target=\"_blank\" data-saferedirecturl=\"https:\/\/www.google.com\/url?q=http:\/\/www.ping-pomg.cz&amp;source=gmail&amp;ust=1565162732525000&amp;usg=AFQjCNGwZ7oGWUz-wIsk5hcyA4eUZyG4_w\">www.ping-pomg.<\/a><a href=\"http:\/\/www.caths.cz\/wordpress\/wp-content\/uploads\/2019\/08\/IMG-0131.jpg\"><img loading=\"lazy\" decoding=\"async\" class=\"alignleft size-large wp-image-27479\" src=\"http:\/\/www.caths.cz\/wordpress\/wp-content\/uploads\/2019\/08\/IMG-0131-1024x768.jpg\" alt=\"IMG-0131\" width=\"600\" height=\"450\" srcset=\"https:\/\/www.caths.cz\/wordpress\/wp-content\/uploads\/2019\/08\/IMG-0131-1024x768.jpg 1024w, https:\/\/www.caths.cz\/wordpress\/wp-content\/uploads\/2019\/08\/IMG-0131-300x225.jpg 300w, https:\/\/www.caths.cz\/wordpress\/wp-content\/uploads\/2019\/08\/IMG-0131-120x90.jpg 120w\" sizes=\"auto, (max-width: 600px) 100vw, 600px\" \/><\/a> <a href=\"http:\/\/www.caths.cz\/wordpress\/wp-content\/uploads\/2019\/08\/IMG-0140.jpg\"><img loading=\"lazy\" decoding=\"async\" class=\"alignleft size-large wp-image-27480\" src=\"http:\/\/www.caths.cz\/wordpress\/wp-content\/uploads\/2019\/08\/IMG-0140-1024x768.jpg\" alt=\"IMG-0140\" width=\"600\" height=\"450\" srcset=\"https:\/\/www.caths.cz\/wordpress\/wp-content\/uploads\/2019\/08\/IMG-0140-1024x768.jpg 1024w, https:\/\/www.caths.cz\/wordpress\/wp-content\/uploads\/2019\/08\/IMG-0140-300x225.jpg 300w, https:\/\/www.caths.cz\/wordpress\/wp-content\/uploads\/2019\/08\/IMG-0140-120x90.jpg 120w\" sizes=\"auto, (max-width: 600px) 100vw, 600px\" \/><\/a> <a href=\"http:\/\/www.caths.cz\/wordpress\/wp-content\/uploads\/2019\/08\/IMG-0143.jpg\"><img loading=\"lazy\" decoding=\"async\" class=\"alignleft size-large wp-image-27481\" src=\"http:\/\/www.caths.cz\/wordpress\/wp-content\/uploads\/2019\/08\/IMG-0143-1024x768.jpg\" alt=\"IMG-0143\" width=\"600\" height=\"450\" srcset=\"https:\/\/www.caths.cz\/wordpress\/wp-content\/uploads\/2019\/08\/IMG-0143-1024x768.jpg 1024w, https:\/\/www.caths.cz\/wordpress\/wp-content\/uploads\/2019\/08\/IMG-0143-300x225.jpg 300w, https:\/\/www.caths.cz\/wordpress\/wp-content\/uploads\/2019\/08\/IMG-0143-120x90.jpg 120w\" sizes=\"auto, (max-width: 600px) 100vw, 600px\" \/><\/a> <a href=\"http:\/\/www.caths.cz\/wordpress\/wp-content\/uploads\/2019\/08\/IMG-0145.jpg\"><img loading=\"lazy\" decoding=\"async\" class=\"alignleft size-large wp-image-27482\" src=\"http:\/\/www.caths.cz\/wordpress\/wp-content\/uploads\/2019\/08\/IMG-0145-1024x768.jpg\" alt=\"IMG-0145\" width=\"600\" height=\"450\" srcset=\"https:\/\/www.caths.cz\/wordpress\/wp-content\/uploads\/2019\/08\/IMG-0145-1024x768.jpg 1024w, https:\/\/www.caths.cz\/wordpress\/wp-content\/uploads\/2019\/08\/IMG-0145-300x225.jpg 300w, https:\/\/www.caths.cz\/wordpress\/wp-content\/uploads\/2019\/08\/IMG-0145-120x90.jpg 120w\" sizes=\"auto, (max-width: 600px) 100vw, 600px\" \/><\/a> <a href=\"http:\/\/www.caths.cz\/wordpress\/wp-content\/uploads\/2019\/08\/IMG-0148.jpg\"><img loading=\"lazy\" decoding=\"async\" class=\"alignleft size-large wp-image-27483\" src=\"http:\/\/www.caths.cz\/wordpress\/wp-content\/uploads\/2019\/08\/IMG-0148-1024x768.jpg\" alt=\"IMG-0148\" width=\"600\" height=\"450\" srcset=\"https:\/\/www.caths.cz\/wordpress\/wp-content\/uploads\/2019\/08\/IMG-0148-1024x768.jpg 1024w, https:\/\/www.caths.cz\/wordpress\/wp-content\/uploads\/2019\/08\/IMG-0148-300x225.jpg 300w, https:\/\/www.caths.cz\/wordpress\/wp-content\/uploads\/2019\/08\/IMG-0148-120x90.jpg 120w\" sizes=\"auto, (max-width: 600px) 100vw, 600px\" \/><\/a><\/p>\n","protected":false},"excerpt":{"rendered":"<a href=\"https:\/\/www.caths.cz\/wordpress\/uspechy-stolnich-tenistu-z-japan-open-2019-karabec-s-jelinkem-zlati-v-tymech\/\"><img width=\"100\" height=\"100\" src=\"https:\/\/www.caths.cz\/wordpress\/wp-content\/uploads\/2019\/08\/IMG-0131-100x100.jpg\" class=\"alignleft tfe wp-post-image\" alt=\"\" decoding=\"async\" loading=\"lazy\" srcset=\"https:\/\/www.caths.cz\/wordpress\/wp-content\/uploads\/2019\/08\/IMG-0131-100x100.jpg 100w, https:\/\/www.caths.cz\/wordpress\/wp-content\/uploads\/2019\/08\/IMG-0131-150x150.jpg 150w\" sizes=\"auto, (max-width: 100px) 100vw, 100px\" \/><\/a><p>U\u017e za rok se v japonsk\u00e9m Tokiu uskute\u010dn\u00ed nejen letn\u00ed olympijsk\u00e9 hry, ale samoz\u0159ejm\u011b tak\u00e9 paralympi\u00e1da. A boje o postup na tuto akci jsou v pln\u00e9m proudu. Nen\u00ed tedy divu, [&hellip;]<\/p>\n","protected":false},"author":1,"featured_media":27479,"comment_status":"closed","ping_status":"closed","sticky":false,"template":"","format":"standard","meta":{"ngg_post_thumbnail":0,"footnotes":""},"categories":[19],"tags":[],"class_list":["post-27478","post","type-post","status-publish","format-standard","has-post-thumbnail","hentry","category-stolni-tenis"],"_links":{"self":[{"href":"https:\/\/www.caths.cz\/wordpress\/wp-json\/wp\/v2\/posts\/27478","targetHints":{"allow":["GET"]}}],"collection":[{"href":"https:\/\/www.caths.cz\/wordpress\/wp-json\/wp\/v2\/posts"}],"about":[{"href":"https:\/\/www.caths.cz\/wordpress\/wp-json\/wp\/v2\/types\/post"}],"author":[{"embeddable":true,"href":"https:\/\/www.caths.cz\/wordpress\/wp-json\/wp\/v2\/users\/1"}],"replies":[{"embeddable":true,"href":"https:\/\/www.caths.cz\/wordpress\/wp-json\/wp\/v2\/comments?post=27478"}],"version-history":[{"count":2,"href":"https:\/\/www.caths.cz\/wordpress\/wp-json\/wp\/v2\/posts\/27478\/revisions"}],"predecessor-version":[{"id":27485,"href":"https:\/\/www.caths.cz\/wordpress\/wp-json\/wp\/v2\/posts\/27478\/revisions\/27485"}],"wp:featuredmedia":[{"embeddable":true,"href":"https:\/\/www.caths.cz\/wordpress\/wp-json\/wp\/v2\/media\/27479"}],"wp:attachment":[{"href":"https:\/\/www.caths.cz\/wordpress\/wp-json\/wp\/v2\/media?parent=27478"}],"wp:term":[{"taxonomy":"category","embeddable":true,"href":"https:\/\/www.caths.cz\/wordpress\/wp-json\/wp\/v2\/categories?post=27478"},{"taxonomy":"post_tag","embeddable":true,"href":"https:\/\/www.caths.cz\/wordpress\/wp-json\/wp\/v2\/tags?post=27478"}],"curies":[{"name":"wp","href":"https:\/\/api.w.org\/{rel}","templated":true}]}}