{"id":27471,"date":"2019-08-06T12:46:25","date_gmt":"2019-08-06T11:46:25","guid":{"rendered":"http:\/\/www.caths.cz\/wordpress\/?p=27471"},"modified":"2019-08-06T12:46:25","modified_gmt":"2019-08-06T11:46:25","slug":"tomas-pesek-si-z-olomouce-odvezl-tri-tituly-mistra-cr-pro-rok-2019-a-o-ctvrty-ho-pripravil-jakub-kosek","status":"publish","type":"post","link":"https:\/\/www.caths.cz\/wordpress\/tomas-pesek-si-z-olomouce-odvezl-tri-tituly-mistra-cr-pro-rok-2019-a-o-ctvrty-ho-pripravil-jakub-kosek\/","title":{"rendered":"Tom\u00e1\u0161 Pe\u0161ek si z Olomouce odvezl t\u0159i Tituly Mistra \u010cR pro rok 2019 a o \u010dtvrt\u00fd ho p\u0159ipravil Jakub Kosek."},"content":{"rendered":"<p><strong>Tom\u00e1\u0161 Pe\u0161ek si z Olomouce odvezl t\u0159i Tituly Mistra \u010cR pro rok 2019 a o \u010dtvrt\u00fd ho p\u0159ipravil Jakub Kosek. <\/strong><\/p>\n<p>&nbsp;<\/p>\n<p>O v\u00edkendu 3. \u2013 4. 8. se konalo na Lazeck\u00e9 st\u0159elnici v\u00a0Olomouci Mistrovstv\u00ed \u010cR 2019 a 1. kolo \u010cP t\u011blesn\u011b posti\u017een\u00fdch. V\u00a0sobotu o Titul Mistra \u010cR si to v discipl\u00edn\u011b P3\/sportovn\u00ed pistole 30+30 ran na 25 metr\u016f rozdalo 5 st\u0159elc\u016f. Zv\u00edt\u011bzil Tom\u00e1\u0161 Pe\u0161ek \u00a0n\u00e1st\u0159elem 539 bod\u016f p\u0159ed druh\u00fdm Frantou Kone\u010dn\u00fdm s 524 body a t\u0159et\u00edm Karlem Dvo\u0159\u00e1kem s 501 bodem. \u00a0\u00a0\u00a0\u00a0\u00a0\u00a0 \u00a0\u00a0\u00a0\u00a0\u00a0\u00a0\u00a0\u00a0\u00a0\u00a0\u00a0\u00a0\u00a0\u00a0\u00a0\u00a0\u00a0\u00a0\u00a0\u00a0\u00a0\u00a0\u00a0\u00a0\u00a0\u00a0\u00a0\u00a0\u00a0\u00a0\u00a0\u00a0\u00a0\u00a0\u00a0\u00a0\u00a0\u00a0\u00a0\u00a0\u00a0\u00a0\u00a0\u00a0\u00a0\u00a0\u00a0\u00a0\u00a0\u00a0\u00a0\u00a0\u00a0\u00a0\u00a0\u00a0\u00a0\u00a0\u00a0\u00a0\u00a0\u00a0\u00a0\u00a0\u00a0\u00a0\u00a0\u00a0\u00a0\u00a0\u00a0\u00a0\u00a0\u00a0\u00a0\u00a0\u00a0\u00a0\u00a0\u00a0\u00a0\u00a0\u00a0\u00a0\u00a0\u00a0\u00a0\u00a0\u00a0\u00a0\u00a0\u00a0\u00a0Po ob\u011bd\u011b prob\u011bhl z\u00e1vod v discipl\u00edn\u011b P4\/libovoln\u00e1 pistole 60 ran na 50 m za \u00fa\u010dasti p\u011bti st\u0159elc\u016f, v\u00a0kter\u00e9m s p\u0159ehledem zv\u00edt\u011bzil Pe\u0161ek\u00a0n\u00e1st\u0159elem 509 bod\u016f, druh\u00e9 m\u00edsto si vyst\u0159\u00edlel Kone\u010dn\u00fd s 481 bodem a t\u0159et\u00ed m\u00edsto z\u00edskal Dvo\u0159\u00e1k s 431 bodem.<\/p>\n<p>&nbsp;<\/p>\n<p>Ned\u011bln\u00ed r\u00e1no odstartovalo mistrovstv\u00ed discipl\u00ednou P5\/standardn\u00ed vzduchov\u00e1 pistole 40 ran na 10 m.\u00a0 Tuto discipl\u00ednu za \u00fa\u010dasti p\u011bti st\u0159elc\u016f vyhr\u00e1l op\u011bt Pe\u0161ek s 345 body, p\u0159ed druh\u00fdm Koskem s\u00a0335 body a t\u0159et\u00edm Kone\u010dn\u00fdm s\u00a0319 body. Vzhledem k\u00a0tomu, \u017ee tato discipl\u00edna byla z\u00e1rove\u0148 za\u0159azena jako 1. kolo \u010cP, odvezli si v\u0161ichni startuj\u00edc\u00ed prvn\u00ed body podle sv\u00e9ho um\u00edst\u011bn\u00ed. Pe\u0161ek 30, Kosek 20, Kone\u010dn\u00fd 15, Krystyn\u00edk 11 a Krejza 8 bod\u016f.<\/p>\n<p>V poledne se pokra\u010dovalo discipl\u00ednou P1\/vzduchov\u00e1 pistole 60 ran na 10 m, v\u00a0kter\u00e9 s\u00a0p\u0159ehledem zv\u00edt\u011bzil Kosek s 552 body p\u0159ed druh\u00fdm Pe\u0161kem s\u00a0538 body a t\u0159et\u00edm Kone\u010dn\u00fdm, kter\u00fd nast\u0159\u00edlel 530 bod\u016f.<\/p>\n<p>&nbsp;<\/p>\n<p><a href=\"http:\/\/www.caths.cz\/wordpress\/wp-content\/uploads\/2019\/08\/M\u010cR-TP-2019-Olomouc-P1.jpg\"><img loading=\"lazy\" decoding=\"async\" class=\"alignleft size-full wp-image-27472\" src=\"http:\/\/www.caths.cz\/wordpress\/wp-content\/uploads\/2019\/08\/M\u010cR-TP-2019-Olomouc-P1.jpg\" alt=\"M\u010cR TP 2019 Olomouc P1\" width=\"1000\" height=\"750\" srcset=\"https:\/\/www.caths.cz\/wordpress\/wp-content\/uploads\/2019\/08\/M\u010cR-TP-2019-Olomouc-P1.jpg 1000w, https:\/\/www.caths.cz\/wordpress\/wp-content\/uploads\/2019\/08\/M\u010cR-TP-2019-Olomouc-P1-300x225.jpg 300w, https:\/\/www.caths.cz\/wordpress\/wp-content\/uploads\/2019\/08\/M\u010cR-TP-2019-Olomouc-P1-120x90.jpg 120w\" sizes=\"auto, (max-width: 1000px) 100vw, 1000px\" \/><\/a> <a href=\"http:\/\/www.caths.cz\/wordpress\/wp-content\/uploads\/2019\/08\/M\u010cR-TP-2019-Olomouc-P3.jpg\"><img loading=\"lazy\" decoding=\"async\" class=\"alignleft size-large wp-image-27473\" src=\"http:\/\/www.caths.cz\/wordpress\/wp-content\/uploads\/2019\/08\/M\u010cR-TP-2019-Olomouc-P3.jpg\" alt=\"M\u010cR TP 2019 Olomouc P3\" width=\"600\" height=\"450\" srcset=\"https:\/\/www.caths.cz\/wordpress\/wp-content\/uploads\/2019\/08\/M\u010cR-TP-2019-Olomouc-P3.jpg 1000w, https:\/\/www.caths.cz\/wordpress\/wp-content\/uploads\/2019\/08\/M\u010cR-TP-2019-Olomouc-P3-300x225.jpg 300w, https:\/\/www.caths.cz\/wordpress\/wp-content\/uploads\/2019\/08\/M\u010cR-TP-2019-Olomouc-P3-120x90.jpg 120w\" sizes=\"auto, (max-width: 600px) 100vw, 600px\" \/><\/a> <a href=\"http:\/\/www.caths.cz\/wordpress\/wp-content\/uploads\/2019\/08\/M\u010cR-TP-2019-Olomouc-P4.jpg\"><img loading=\"lazy\" decoding=\"async\" class=\"alignleft size-large wp-image-27474\" src=\"http:\/\/www.caths.cz\/wordpress\/wp-content\/uploads\/2019\/08\/M\u010cR-TP-2019-Olomouc-P4.jpg\" alt=\"M\u010cR TP 2019 Olomouc P4\" width=\"600\" height=\"450\" srcset=\"https:\/\/www.caths.cz\/wordpress\/wp-content\/uploads\/2019\/08\/M\u010cR-TP-2019-Olomouc-P4.jpg 1000w, https:\/\/www.caths.cz\/wordpress\/wp-content\/uploads\/2019\/08\/M\u010cR-TP-2019-Olomouc-P4-300x225.jpg 300w, https:\/\/www.caths.cz\/wordpress\/wp-content\/uploads\/2019\/08\/M\u010cR-TP-2019-Olomouc-P4-120x90.jpg 120w\" sizes=\"auto, (max-width: 600px) 100vw, 600px\" \/><\/a> <a href=\"http:\/\/www.caths.cz\/wordpress\/wp-content\/uploads\/2019\/08\/M\u010cR-TP-2019-Olomouc-P5.jpg\"><img loading=\"lazy\" decoding=\"async\" class=\"alignleft size-large wp-image-27475\" src=\"http:\/\/www.caths.cz\/wordpress\/wp-content\/uploads\/2019\/08\/M\u010cR-TP-2019-Olomouc-P5.jpg\" alt=\"M\u010cR TP 2019 Olomouc P5\" width=\"600\" height=\"450\" srcset=\"https:\/\/www.caths.cz\/wordpress\/wp-content\/uploads\/2019\/08\/M\u010cR-TP-2019-Olomouc-P5.jpg 1000w, https:\/\/www.caths.cz\/wordpress\/wp-content\/uploads\/2019\/08\/M\u010cR-TP-2019-Olomouc-P5-300x225.jpg 300w, https:\/\/www.caths.cz\/wordpress\/wp-content\/uploads\/2019\/08\/M\u010cR-TP-2019-Olomouc-P5-120x90.jpg 120w\" sizes=\"auto, (max-width: 600px) 100vw, 600px\" \/><\/a> <a href=\"http:\/\/www.caths.cz\/wordpress\/wp-content\/uploads\/2019\/08\/\u00fa\u010dastn\u00edci-M\u010cR-TP.jpg\"><img loading=\"lazy\" decoding=\"async\" class=\"alignleft size-large wp-image-27476\" src=\"http:\/\/www.caths.cz\/wordpress\/wp-content\/uploads\/2019\/08\/\u00fa\u010dastn\u00edci-M\u010cR-TP.jpg\" alt=\"\u00fa\u010dastn\u00edci M\u010cR TP\" width=\"600\" height=\"450\" srcset=\"https:\/\/www.caths.cz\/wordpress\/wp-content\/uploads\/2019\/08\/\u00fa\u010dastn\u00edci-M\u010cR-TP.jpg 1000w, https:\/\/www.caths.cz\/wordpress\/wp-content\/uploads\/2019\/08\/\u00fa\u010dastn\u00edci-M\u010cR-TP-300x225.jpg 300w, https:\/\/www.caths.cz\/wordpress\/wp-content\/uploads\/2019\/08\/\u00fa\u010dastn\u00edci-M\u010cR-TP-120x90.jpg 120w\" sizes=\"auto, (max-width: 600px) 100vw, 600px\" \/><\/a><\/p>\n","protected":false},"excerpt":{"rendered":"<a href=\"https:\/\/www.caths.cz\/wordpress\/tomas-pesek-si-z-olomouce-odvezl-tri-tituly-mistra-cr-pro-rok-2019-a-o-ctvrty-ho-pripravil-jakub-kosek\/\"><img width=\"100\" height=\"100\" src=\"https:\/\/www.caths.cz\/wordpress\/wp-content\/uploads\/2019\/08\/\u00fa\u010dastn\u00edci-M\u010cR-TP-100x100.jpg\" class=\"alignleft tfe wp-post-image\" alt=\"\" decoding=\"async\" loading=\"lazy\" srcset=\"https:\/\/www.caths.cz\/wordpress\/wp-content\/uploads\/2019\/08\/\u00fa\u010dastn\u00edci-M\u010cR-TP-100x100.jpg 100w, https:\/\/www.caths.cz\/wordpress\/wp-content\/uploads\/2019\/08\/\u00fa\u010dastn\u00edci-M\u010cR-TP-150x150.jpg 150w\" sizes=\"auto, (max-width: 100px) 100vw, 100px\" \/><\/a><p>Tom\u00e1\u0161 Pe\u0161ek si z Olomouce odvezl t\u0159i Tituly Mistra \u010cR pro rok 2019 a o \u010dtvrt\u00fd ho p\u0159ipravil Jakub Kosek. &nbsp; O v\u00edkendu 3. \u2013 4. 8. se konalo na [&hellip;]<\/p>\n","protected":false},"author":1,"featured_media":27476,"comment_status":"closed","ping_status":"closed","sticky":false,"template":"","format":"standard","meta":{"ngg_post_thumbnail":0,"footnotes":""},"categories":[18],"tags":[],"class_list":["post-27471","post","type-post","status-publish","format-standard","has-post-thumbnail","hentry","category-strelba"],"_links":{"self":[{"href":"https:\/\/www.caths.cz\/wordpress\/wp-json\/wp\/v2\/posts\/27471","targetHints":{"allow":["GET"]}}],"collection":[{"href":"https:\/\/www.caths.cz\/wordpress\/wp-json\/wp\/v2\/posts"}],"about":[{"href":"https:\/\/www.caths.cz\/wordpress\/wp-json\/wp\/v2\/types\/post"}],"author":[{"embeddable":true,"href":"https:\/\/www.caths.cz\/wordpress\/wp-json\/wp\/v2\/users\/1"}],"replies":[{"embeddable":true,"href":"https:\/\/www.caths.cz\/wordpress\/wp-json\/wp\/v2\/comments?post=27471"}],"version-history":[{"count":1,"href":"https:\/\/www.caths.cz\/wordpress\/wp-json\/wp\/v2\/posts\/27471\/revisions"}],"predecessor-version":[{"id":27477,"href":"https:\/\/www.caths.cz\/wordpress\/wp-json\/wp\/v2\/posts\/27471\/revisions\/27477"}],"wp:featuredmedia":[{"embeddable":true,"href":"https:\/\/www.caths.cz\/wordpress\/wp-json\/wp\/v2\/media\/27476"}],"wp:attachment":[{"href":"https:\/\/www.caths.cz\/wordpress\/wp-json\/wp\/v2\/media?parent=27471"}],"wp:term":[{"taxonomy":"category","embeddable":true,"href":"https:\/\/www.caths.cz\/wordpress\/wp-json\/wp\/v2\/categories?post=27471"},{"taxonomy":"post_tag","embeddable":true,"href":"https:\/\/www.caths.cz\/wordpress\/wp-json\/wp\/v2\/tags?post=27471"}],"curies":[{"name":"wp","href":"https:\/\/api.w.org\/{rel}","templated":true}]}}