{"id":27460,"date":"2019-07-30T10:31:52","date_gmt":"2019-07-30T09:31:52","guid":{"rendered":"http:\/\/www.caths.cz\/wordpress\/?p=27460"},"modified":"2019-07-30T10:31:52","modified_gmt":"2019-07-30T09:31:52","slug":"cesti-strelci-si-odvazi-2-tymove-bronzy-ze-sp-v-osijeku","status":"publish","type":"post","link":"https:\/\/www.caths.cz\/wordpress\/cesti-strelci-si-odvazi-2-tymove-bronzy-ze-sp-v-osijeku\/","title":{"rendered":"\u010ce\u0161t\u00ed st\u0159elci si odv\u00e1\u017e\u00ed 2 t\u00fdmov\u00e9 bronzy ze SP v Osijeku!"},"content":{"rendered":"<p>Ve dnech 25.-30.7.2019 se uskute\u010dnil dal\u0161\u00ed z\u00e1vod ze s\u00e9rie Sv\u011btov\u00e9ho poh\u00e1ru, tentokr\u00e1te v chorvatsk\u00e9m Osijeku. Na\u0161e st\u0159elce \u010dekalo nep\u0159\u00edjemn\u00e9 doj\u00ed\u017ed\u011bn\u00ed (t\u00e9m\u011b\u0159 50km z hotelu na st\u0159elnici!), av\u0161ak s tam\u011bj\u0161\u00edmi podm\u00ednkami se poprali velmi state\u010dn\u011b.<\/p>\n<p>V\u00fdprava, ve slo\u017een\u00ed: Tom\u00e1\u0161 Pe\u0161ek, Jakub Kosek a Franti\u0161ek Kone\u010dn\u00fd se vydala bojovat do Chorvatska v kategorii SH1 a v discipl\u00edn\u00e1ch P1, P3, P4 a P5. Spole\u010dn\u011b s nimi vycestoval do Osijeku tak\u00e9 Miroslav Lidinsk\u00fd (para trap).<\/p>\n<p>\u017d\u00e1dn\u00e9mu \u010desk\u00e9mu st\u0159elci se bohu\u017eel v individu\u00e1ln\u00edch discipl\u00edn\u00e1ch nepoda\u0159ilo postoupit mezi elitn\u00ed osmi\u010dku. Celkov\u00e9 &#8222;nast\u0159\u00edlen\u00e9&#8220; v\u00fdsledky sice nebyly \u0161patn\u00e9, nicm\u00e9n\u011b\u00a0\u00farove\u0148 z\u00e1vod\u016f byla velmi vysok\u00e1, padaly tak\u00e9 sv\u011btov\u00e9 rekordy. Nejl\u00e9pe se z na\u0161ich st\u0159elc\u016f da\u0159ilo Koskovi a Pe\u0161kovi v jejich nejsiln\u011bj\u0161\u00edch discipl\u00edn\u00e1ch P1 (Kosek 11. m\u00edsto), P3 (Pe\u0161ek 13. a Kosek 14. m\u00edsto) a\u00a0nejv\u00edce na\u0161i zabojovali v discipl\u00edn\u011b P5 (Pe\u0161ek 9. m\u00edsto, Kosek 12. m\u00edsto a Kone\u010dn\u00fd 13. m\u00edsto). V &#8222;P p\u011btce&#8220; byl Tom\u00e1\u0161 Pe\u0161ek hodn\u011b bl\u00edzko postupu mezi nejlep\u0161\u00edch 8, ale bohu\u017eel o 3 body zaostal za rusem\u00a0Lebedinskiym.<\/p>\n<p>V sout\u011b\u017ei t\u00fdm\u016f bylo hned prvn\u00ed den veselo, proto\u017ee trio Kosek, Pe\u0161ek a Kone\u010dn\u00fd vyst\u0159\u00edleli pro \u010cR bronz v kategorii P3 (foto n\u00ed\u017ee). Dal\u0161\u00ed bronzovou medaili p\u0159idali tito borci do sb\u00edrky v ji\u017e zmi\u0148ovan\u00e9 kategorii (t\u00fdm\u016f) P5.<\/p>\n<p>Mirek Lidinsk\u00fd v para trapu (PT2 &#8211; Mixed Trap Standing &#8211; lower limb) skon\u010dil 9.<\/p>\n<p>Nyn\u00ed u\u017e se \u010de\u0161t\u00ed st\u0159elci p\u0159ipravuj\u00ed na M\u010cR v Olomouci, kter\u00e9 se uskute\u010dn\u00ed 3.-4.8.2019., d\u00e1le pak na z\u00e1vody \u010cesk\u00e9ho poh\u00e1ru. Vrchol sez\u00f3ny je \u010dek\u00e1 letos v \u0159\u00edjnu, kde je \u010dek\u00e1 velmi d\u016fle\u017eit\u00e9 MS u &#8222;protino\u017ec\u016f&#8220; &#8211; v Sydney.<\/p>\n<p>&nbsp;<\/p>\n<p><em>Foto &#8211; bronzov\u00e1 medaile &#8211; P3 t\u00fdm\u016f (zleva: Tom\u00e1\u0161 Pe\u0161ek, Franti\u0161ek Kone\u010dn\u00fd, Jakub Kosek) (zdroj: Jakub Kosek):<\/em><\/p>\n<p><a href=\"http:\/\/www.caths.cz\/wordpress\/wp-content\/uploads\/2019\/07\/P3-st\u0159elba-medaile-Osijek-TEAM.jpg\"><img loading=\"lazy\" decoding=\"async\" class=\"alignleft size-full wp-image-27461\" src=\"http:\/\/www.caths.cz\/wordpress\/wp-content\/uploads\/2019\/07\/P3-st\u0159elba-medaile-Osijek-TEAM.jpg\" alt=\"P3 st\u0159elba medaile Osijek TEAM\" width=\"778\" height=\"625\" srcset=\"https:\/\/www.caths.cz\/wordpress\/wp-content\/uploads\/2019\/07\/P3-st\u0159elba-medaile-Osijek-TEAM.jpg 778w, https:\/\/www.caths.cz\/wordpress\/wp-content\/uploads\/2019\/07\/P3-st\u0159elba-medaile-Osijek-TEAM-300x241.jpg 300w, https:\/\/www.caths.cz\/wordpress\/wp-content\/uploads\/2019\/07\/P3-st\u0159elba-medaile-Osijek-TEAM-120x96.jpg 120w\" sizes=\"auto, (max-width: 778px) 100vw, 778px\" \/><\/a><\/p>\n","protected":false},"excerpt":{"rendered":"<a href=\"https:\/\/www.caths.cz\/wordpress\/cesti-strelci-si-odvazi-2-tymove-bronzy-ze-sp-v-osijeku\/\"><img width=\"100\" height=\"100\" src=\"https:\/\/www.caths.cz\/wordpress\/wp-content\/uploads\/2019\/07\/P3-st\u0159elba-medaile-Osijek-TEAM-100x100.jpg\" class=\"alignleft tfe wp-post-image\" alt=\"\" decoding=\"async\" loading=\"lazy\" srcset=\"https:\/\/www.caths.cz\/wordpress\/wp-content\/uploads\/2019\/07\/P3-st\u0159elba-medaile-Osijek-TEAM-100x100.jpg 100w, https:\/\/www.caths.cz\/wordpress\/wp-content\/uploads\/2019\/07\/P3-st\u0159elba-medaile-Osijek-TEAM-150x150.jpg 150w\" sizes=\"auto, (max-width: 100px) 100vw, 100px\" \/><\/a><p>Ve dnech 25.-30.7.2019 se uskute\u010dnil dal\u0161\u00ed z\u00e1vod ze s\u00e9rie Sv\u011btov\u00e9ho poh\u00e1ru, tentokr\u00e1te v chorvatsk\u00e9m Osijeku. Na\u0161e st\u0159elce \u010dekalo nep\u0159\u00edjemn\u00e9 doj\u00ed\u017ed\u011bn\u00ed (t\u00e9m\u011b\u0159 50km z hotelu na st\u0159elnici!), av\u0161ak s tam\u011bj\u0161\u00edmi podm\u00ednkami [&hellip;]<\/p>\n","protected":false},"author":1,"featured_media":27461,"comment_status":"closed","ping_status":"closed","sticky":false,"template":"","format":"standard","meta":{"ngg_post_thumbnail":0,"footnotes":""},"categories":[18],"tags":[],"class_list":["post-27460","post","type-post","status-publish","format-standard","has-post-thumbnail","hentry","category-strelba"],"_links":{"self":[{"href":"https:\/\/www.caths.cz\/wordpress\/wp-json\/wp\/v2\/posts\/27460","targetHints":{"allow":["GET"]}}],"collection":[{"href":"https:\/\/www.caths.cz\/wordpress\/wp-json\/wp\/v2\/posts"}],"about":[{"href":"https:\/\/www.caths.cz\/wordpress\/wp-json\/wp\/v2\/types\/post"}],"author":[{"embeddable":true,"href":"https:\/\/www.caths.cz\/wordpress\/wp-json\/wp\/v2\/users\/1"}],"replies":[{"embeddable":true,"href":"https:\/\/www.caths.cz\/wordpress\/wp-json\/wp\/v2\/comments?post=27460"}],"version-history":[{"count":3,"href":"https:\/\/www.caths.cz\/wordpress\/wp-json\/wp\/v2\/posts\/27460\/revisions"}],"predecessor-version":[{"id":27464,"href":"https:\/\/www.caths.cz\/wordpress\/wp-json\/wp\/v2\/posts\/27460\/revisions\/27464"}],"wp:featuredmedia":[{"embeddable":true,"href":"https:\/\/www.caths.cz\/wordpress\/wp-json\/wp\/v2\/media\/27461"}],"wp:attachment":[{"href":"https:\/\/www.caths.cz\/wordpress\/wp-json\/wp\/v2\/media?parent=27460"}],"wp:term":[{"taxonomy":"category","embeddable":true,"href":"https:\/\/www.caths.cz\/wordpress\/wp-json\/wp\/v2\/categories?post=27460"},{"taxonomy":"post_tag","embeddable":true,"href":"https:\/\/www.caths.cz\/wordpress\/wp-json\/wp\/v2\/tags?post=27460"}],"curies":[{"name":"wp","href":"https:\/\/api.w.org\/{rel}","templated":true}]}}