{"id":27348,"date":"2019-06-03T17:50:00","date_gmt":"2019-06-03T16:50:00","guid":{"rendered":"http:\/\/www.caths.cz\/wordpress\/?p=27348"},"modified":"2019-06-03T17:52:10","modified_gmt":"2019-06-03T16:52:10","slug":"daniel-bina-vicemistrem-evropy-v-jachtingu-sadilek-sesty","status":"publish","type":"post","link":"https:\/\/www.caths.cz\/wordpress\/daniel-bina-vicemistrem-evropy-v-jachtingu-sadilek-sesty\/","title":{"rendered":"Daniel B\u00edna Vicemistrem Evropy v jachtingu! Sad\u00edlek \u0161est\u00fd."},"content":{"rendered":"<p>V r\u00e1mci prosnul\u00e9ho z\u00e1vodu Traunsee Woche se pod hlavi\u010dkou EUROSAF konalo Mistrovstv\u00ed Evropy hendikepovan\u00fdch jachta\u0159\u016f ve t\u0159\u00edd\u00e1ch 2.4mR a Hansa 303. Ob\u011b regaty byly z\u00e1rove\u0148 vyps\u00e1ny jako otev\u0159en\u00fd mezin\u00e1rodn\u00ed z\u00e1vod.<\/p>\n<p>\u010ceskou vlajku zde h\u00e1jili t\u0159i lod\u011b, Daniel B\u00edna a Alexander Sad\u00edlek v hendikepovan\u00e9 flotile a spole\u010dn\u011b s Petrem \u010cerm\u00e1kem i v Open class.<\/p>\n<p>&#8222;<em>Do rakousk\u00e9ho Gmundenu jsme dorazili ve \u010dtvrte\u010dn\u00ed ve\u010der. Po zakempov\u00e1n\u00ed na m\u00edstn\u00edm parkovi\u0161ti, cca 500 metr\u016f od klubu, jsme v p\u00e1tek vybalili lod\u011b a stihli i potr\u00e9novat mezi malebn\u00fdm vodn\u00edm hradem Ort, a mohutnou st\u011bnou hory Traunstein, kter\u00e1 spadala 1250 metr\u016f p\u0159\u00edmo do jezera. A i v n\u00e1sleduj\u00edc\u00edch dvou dnech jsme se sna\u017eili rozlousknout taje m\u00edstn\u00edho v\u011btru .\u2026 pak prom\u011b\u0159en\u00ed a skon\u010dila slunn\u00e1 selanka.<\/em>&#8220; Shrnul \u00favod ME Dan B\u00edna.<\/p>\n<p>Dan B\u00edna, spole\u010dn\u011b s jeho par\u0165a\u010dkou z realiza\u010dn\u00edho t\u00fdmu &#8211; M\u00ed\u0161ou B\u00ednovou &#8211;\u00a0 popsali tak\u00e9 ka\u017ed\u00fd den z\u00e1vod\u016f:<\/p>\n<p><em>\u00dater\u00fd 28.5. &#8211; den prv\u00fd <\/em><\/p>\n<p>Luxusn\u00ed zahajovac\u00ed ceremoni\u00e1l, a regata byla odstartov\u00e1na v\u00fdst\u0159elem z historick\u00e9ho d\u011bla. D\u00e1l d\u00e9\u0161\u0165, zima a slab\u00fd, prom\u011bnliv\u00fd v\u00edtr, kter\u00fd z\u00e1hy um\u0159el. Po dlouh\u00e9m \u010dek\u00e1n\u00ed se nakonec uskute\u010dnila jedna rozj\u00ed\u017e\u010fka. Flotile dominoval Christian Bodler (GER) n\u00e1sledov\u00e1n Antoniem Squizzatem (ITA) a Egorem Kamalovem (RUS). Daniel dojel druh\u00fd hendikepovan\u00fd, celkov\u011b za 4, Alex p\u00e1t\u00fd hendikepovan\u00fd, celkov\u011b za 11 a Petr celkov\u011b 14t\u00fd.<\/p>\n<p><em>St\u0159eda 29.5. &#8211; den druh\u00fd<\/em><\/p>\n<p>Den oto\u010den\u00e9ho kbel\u00edku, 13\u00b0C a 130mm sr\u00e1\u017eek. A my na vod\u011b. Vodn\u00edka dne vyhr\u00e1l Jurgen Freiheit (GER) (1, 2, 3) n\u00e1sledov\u00e1n Antoniem (6, 1, 1)\u00a0 a Berndtem\u00a0 Zirkelbachem (GER) (2,3,3). Petr si polep\u0161il(7,14,11) na celkov\u00e9 10.\u00a0 m\u00edsto, Dan se propadl(5, 13,16) na hendikepovan\u00fd bronz, celkov\u00e9 8 m\u00edsto. Alex si pohor\u0161il(17,15,13) na hendikepovan\u00e9 \u0161est\u00e9 m\u00edsto, celkov\u011b 15t\u00fd.<\/p>\n<p><em>\u010ctvrtek 30.5. &#8211; den t\u0159et\u00ed<\/em><\/p>\n<p>Po\u010das\u00ed se umoud\u0159ilo do studen\u00e9ho polojasna. Dlouho jsme \u010dekali na v\u00edtr a ten p\u0159i\u0161el. \u010cerstv\u00fdch 15 uzl\u016f postupn\u011b v pr\u016fb\u011bhu dne klesalo a\u017e na hranici 4 uzl\u016f. Dan si pomohl(3, 4, 7) k hendikepovan\u00e9mu st\u0159\u00edbru, 6 v Open flotile. Petr pevn\u011b dr\u017eel celkovou 10 (5,7,12) a Alex si podr\u017eel hendikepovanou \u0161estku(15,8,7) a pomohl si o m\u00edsto celkov\u011b. Den vyhr\u00e1l Christian (10,1,1) n\u00e1sledov\u00e1n Berndtem(2,5,6) a Dan uzav\u00edral celkovou denn\u00ed trojku.<\/p>\n<p><em>P\u00e1tek 31.5. &#8211; den \u010dtvrt\u00fd<\/em><\/p>\n<p>Den l\u00e1m\u00e1n\u00ed chleba p\u0159ed sobotn\u00ed Medal Race. Vyrazili jsme do podmra\u010den\u00e9ho dne a slab\u00e9ho v\u011btru. Slunce zv\u00edt\u011bzilo, v\u00edtr se sto\u010dil od z\u00e1padu a my m\u00edrn\u011b uva\u0159eni odjeli z\u00e1v\u011bre\u010dn\u00e9 3 rozj\u00ed\u017e\u010fky hlavn\u00ed \u010d\u00e1sti regaty.\u00a0 Den vyhr\u00e1la n\u011bmeck\u00e1 legenda Uli Libor n\u00e1sledov\u00e1n Christianem(6,1,7) a Danielem, kter\u00fd obh\u00e1jil hendikepovan\u00e9 st\u0159\u00edbro(4,8,2)maj\u00edce v pat\u00e1ch kompletn\u00ed sbornou. Celkov\u011b se dr\u017eel za 6.\u00a0 Petr podr\u017eel(12,10,15) celkovou 10, \u010d\u00edm\u017e se kvalifikoval do sobotn\u00ed Medal Race.\u00a0 Alex ji\u017e fin\u00e1ln\u011b obh\u00e1jil hendikepovanou \u0161estku(8,7,16) a celkov\u011b si pomohl na celkov\u00e9 13. m\u00edsto v Open flotile.<\/p>\n<p><em>Sobota 1.6. <\/em><\/p>\n<p>Z\u00e1v\u011br regaty, jedin\u00e1 rozj\u00ed\u017e\u010fka\u00a0 pro 10 nejlep\u0161\u00edch v celkov\u00e9m po\u0159ad\u00ed, kde se\u00a0 rozd\u00e1vaj\u00ed dvojn\u00e1sobn\u00e9 body.<\/p>\n<p>\u010ceskou kotlinku reprezentoval Petr a Dan. Oba si brousili zuby na sbornou, sborn\u00e1 na n\u00e1s. Kr\u00e1tk\u00fd boj p\u0159ed o\u010dima cel\u00e9ho Gmundenu byl dramatick\u00fd a pln\u00fd zvrat\u016f. Vyhr\u00e1l Antonio t\u011bsn\u011b p\u0159ed Ulim. Dan svedl postupn\u011b v\u00edt\u011bzn\u00fd souboj s ob\u011bma rusy a dojel celkov\u011b 5. Petr skon\u010dil na osm\u00e9m m\u00edst\u011b, co\u017e na posun nesta\u010dilo.<\/p>\n<p>&nbsp;<\/p>\n<p><span style=\"color: #ff0000;\"><strong>V\u00fdsledky:<\/strong><\/span><\/p>\n<table width=\"602\">\n<tbody>\n<tr>\n<td width=\"301\">\n<p style=\"text-align: center;\"><strong>Po\u0159ad\u00ed hendikepovan\u00fdch:<\/strong><\/p>\n<ol style=\"text-align: left;\">\n<li>Antonio Squizzato(ITA)<\/li>\n<li>Daniel B\u00edna(CZE)<\/li>\n<li>Nikolay Uliashev(RUS)<\/li>\n<li>\u2026.<\/li>\n<\/ol>\n<\/td>\n<td style=\"text-align: left;\" width=\"301\">\n<p style=\"text-align: center;\"><strong>Celkov\u00e9 po\u0159ad\u00ed:<\/strong><\/p>\n<ol>\n<li style=\"text-align: left;\">Antonio Squizzato(ITA)<\/li>\n<li style=\"text-align: left;\">Bernd Zirkelbach(GER)<\/li>\n<li style=\"text-align: left;\">Uli Libor(GER)<\/li>\n<\/ol>\n<\/td>\n<\/tr>\n<tr>\n<td style=\"text-align: left;\" width=\"301\">\u00a0 \u00a0 \u00a0 6.\u00a0 Alexander Sad\u00edlek(CZE)<strong>\u00a0<\/strong><\/td>\n<td width=\"301\">\n<p style=\"text-align: left;\">\u00a0 \u00a0 \u00a0 \u00a0 6.\u00a0\u00a0 Daniel B\u00edna(CZE)<\/p>\n<p style=\"text-align: left;\">\u00a0 \u00a0 \u00a0 \u00a010. Petr \u010cerm\u00e1k(CZE)<\/p>\n<p style=\"text-align: left;\">\u00a0 \u00a0 \u00a0 \u00a0 13. Alexander Sad\u00edlek(CZE)<\/p>\n<\/td>\n<\/tr>\n<\/tbody>\n<\/table>\n<p>&nbsp;<\/p>\n<p><em>Foto: Daniel B\u00edna<\/em><\/p>\n<p><a href=\"http:\/\/www.caths.cz\/wordpress\/wp-content\/uploads\/2019\/06\/WhatsApp-Image-2019-06-02-at-13.08.53.jpeg\"><img loading=\"lazy\" decoding=\"async\" class=\"alignleft size-large wp-image-27349\" src=\"http:\/\/www.caths.cz\/wordpress\/wp-content\/uploads\/2019\/06\/WhatsApp-Image-2019-06-02-at-13.08.53-1024x768.jpeg\" alt=\"WhatsApp Image 2019-06-02 at 13.08.53\" width=\"600\" height=\"450\" srcset=\"https:\/\/www.caths.cz\/wordpress\/wp-content\/uploads\/2019\/06\/WhatsApp-Image-2019-06-02-at-13.08.53-1024x768.jpeg 1024w, https:\/\/www.caths.cz\/wordpress\/wp-content\/uploads\/2019\/06\/WhatsApp-Image-2019-06-02-at-13.08.53-300x225.jpeg 300w, https:\/\/www.caths.cz\/wordpress\/wp-content\/uploads\/2019\/06\/WhatsApp-Image-2019-06-02-at-13.08.53-120x90.jpeg 120w, https:\/\/www.caths.cz\/wordpress\/wp-content\/uploads\/2019\/06\/WhatsApp-Image-2019-06-02-at-13.08.53.jpeg 1600w\" sizes=\"auto, (max-width: 600px) 100vw, 600px\" \/><\/a><\/p>\n<p>&nbsp;<\/p>\n<p>&nbsp;<\/p>\n<p>&nbsp;<\/p>\n<p>&nbsp;<\/p>\n<p>&nbsp;<\/p>\n<p>&nbsp;<\/p>\n<p>&nbsp;<\/p>\n<p>&nbsp;<\/p>\n<p>&nbsp;<\/p>\n<p>&nbsp;<\/p>\n<p>&nbsp;<\/p>\n<p><a href=\"http:\/\/www.caths.cz\/wordpress\/wp-content\/uploads\/2019\/06\/WhatsApp-Image-2019-06-02-at-13.08.55-1.jpeg\"><img loading=\"lazy\" decoding=\"async\" class=\"alignleft size-large wp-image-27350\" src=\"http:\/\/www.caths.cz\/wordpress\/wp-content\/uploads\/2019\/06\/WhatsApp-Image-2019-06-02-at-13.08.55-1-1024x768.jpeg\" alt=\"WhatsApp Image 2019-06-02 at 13.08.55 (1)\" width=\"600\" height=\"450\" srcset=\"https:\/\/www.caths.cz\/wordpress\/wp-content\/uploads\/2019\/06\/WhatsApp-Image-2019-06-02-at-13.08.55-1-1024x768.jpeg 1024w, https:\/\/www.caths.cz\/wordpress\/wp-content\/uploads\/2019\/06\/WhatsApp-Image-2019-06-02-at-13.08.55-1-300x225.jpeg 300w, https:\/\/www.caths.cz\/wordpress\/wp-content\/uploads\/2019\/06\/WhatsApp-Image-2019-06-02-at-13.08.55-1-120x90.jpeg 120w, https:\/\/www.caths.cz\/wordpress\/wp-content\/uploads\/2019\/06\/WhatsApp-Image-2019-06-02-at-13.08.55-1.jpeg 1600w\" sizes=\"auto, (max-width: 600px) 100vw, 600px\" \/><\/a><\/p>\n<p>&nbsp;<\/p>\n<p>&nbsp;<\/p>\n<p>&nbsp;<\/p>\n<p>&nbsp;<\/p>\n<p>&nbsp;<\/p>\n<p>&nbsp;<\/p>\n<p>&nbsp;<\/p>\n<p>&nbsp;<\/p>\n<p>&nbsp;<\/p>\n<p>&nbsp;<\/p>\n<p>&nbsp;<\/p>\n<p><a href=\"http:\/\/www.caths.cz\/wordpress\/wp-content\/uploads\/2019\/06\/WhatsApp-Image-2019-06-02-at-13.09.38.jpeg\"><img loading=\"lazy\" decoding=\"async\" class=\"alignleft size-large wp-image-27351\" src=\"http:\/\/www.caths.cz\/wordpress\/wp-content\/uploads\/2019\/06\/WhatsApp-Image-2019-06-02-at-13.09.38-768x1024.jpeg\" alt=\"WhatsApp Image 2019-06-02 at 13.09.38\" width=\"600\" height=\"800\" srcset=\"https:\/\/www.caths.cz\/wordpress\/wp-content\/uploads\/2019\/06\/WhatsApp-Image-2019-06-02-at-13.09.38-768x1024.jpeg 768w, https:\/\/www.caths.cz\/wordpress\/wp-content\/uploads\/2019\/06\/WhatsApp-Image-2019-06-02-at-13.09.38-225x300.jpeg 225w, https:\/\/www.caths.cz\/wordpress\/wp-content\/uploads\/2019\/06\/WhatsApp-Image-2019-06-02-at-13.09.38-90x120.jpeg 90w, https:\/\/www.caths.cz\/wordpress\/wp-content\/uploads\/2019\/06\/WhatsApp-Image-2019-06-02-at-13.09.38.jpeg 1200w\" sizes=\"auto, (max-width: 600px) 100vw, 600px\" \/><\/a><\/p>\n","protected":false},"excerpt":{"rendered":"<a href=\"https:\/\/www.caths.cz\/wordpress\/daniel-bina-vicemistrem-evropy-v-jachtingu-sadilek-sesty\/\"><img width=\"100\" height=\"100\" src=\"https:\/\/www.caths.cz\/wordpress\/wp-content\/uploads\/2019\/06\/WhatsApp-Image-2019-06-02-at-13.08.53-100x100.jpeg\" class=\"alignleft tfe wp-post-image\" alt=\"\" decoding=\"async\" loading=\"lazy\" srcset=\"https:\/\/www.caths.cz\/wordpress\/wp-content\/uploads\/2019\/06\/WhatsApp-Image-2019-06-02-at-13.08.53-100x100.jpeg 100w, https:\/\/www.caths.cz\/wordpress\/wp-content\/uploads\/2019\/06\/WhatsApp-Image-2019-06-02-at-13.08.53-150x150.jpeg 150w\" sizes=\"auto, (max-width: 100px) 100vw, 100px\" \/><\/a><p>V r\u00e1mci prosnul\u00e9ho z\u00e1vodu Traunsee Woche se pod hlavi\u010dkou EUROSAF konalo Mistrovstv\u00ed Evropy hendikepovan\u00fdch jachta\u0159\u016f ve t\u0159\u00edd\u00e1ch 2.4mR a Hansa 303. Ob\u011b regaty byly z\u00e1rove\u0148 vyps\u00e1ny jako otev\u0159en\u00fd mezin\u00e1rodn\u00ed z\u00e1vod. [&hellip;]<\/p>\n","protected":false},"author":1,"featured_media":27349,"comment_status":"closed","ping_status":"closed","sticky":false,"template":"","format":"standard","meta":{"ngg_post_thumbnail":0,"footnotes":""},"categories":[11],"tags":[],"class_list":["post-27348","post","type-post","status-publish","format-standard","has-post-thumbnail","hentry","category-jachting"],"_links":{"self":[{"href":"https:\/\/www.caths.cz\/wordpress\/wp-json\/wp\/v2\/posts\/27348","targetHints":{"allow":["GET"]}}],"collection":[{"href":"https:\/\/www.caths.cz\/wordpress\/wp-json\/wp\/v2\/posts"}],"about":[{"href":"https:\/\/www.caths.cz\/wordpress\/wp-json\/wp\/v2\/types\/post"}],"author":[{"embeddable":true,"href":"https:\/\/www.caths.cz\/wordpress\/wp-json\/wp\/v2\/users\/1"}],"replies":[{"embeddable":true,"href":"https:\/\/www.caths.cz\/wordpress\/wp-json\/wp\/v2\/comments?post=27348"}],"version-history":[{"count":4,"href":"https:\/\/www.caths.cz\/wordpress\/wp-json\/wp\/v2\/posts\/27348\/revisions"}],"predecessor-version":[{"id":27355,"href":"https:\/\/www.caths.cz\/wordpress\/wp-json\/wp\/v2\/posts\/27348\/revisions\/27355"}],"wp:featuredmedia":[{"embeddable":true,"href":"https:\/\/www.caths.cz\/wordpress\/wp-json\/wp\/v2\/media\/27349"}],"wp:attachment":[{"href":"https:\/\/www.caths.cz\/wordpress\/wp-json\/wp\/v2\/media?parent=27348"}],"wp:term":[{"taxonomy":"category","embeddable":true,"href":"https:\/\/www.caths.cz\/wordpress\/wp-json\/wp\/v2\/categories?post=27348"},{"taxonomy":"post_tag","embeddable":true,"href":"https:\/\/www.caths.cz\/wordpress\/wp-json\/wp\/v2\/tags?post=27348"}],"curies":[{"name":"wp","href":"https:\/\/api.w.org\/{rel}","templated":true}]}}